{"id":297154,"date":"2024-02-18T09:48:58","date_gmt":"2024-02-18T06:48:58","guid":{"rendered":"https:\/\/sana.sy\/tr\/?p=297154"},"modified":"2024-02-20T10:04:34","modified_gmt":"2024-02-20T07:04:34","slug":"aksa-tufani-operasyonu-bugunun-en-one-cikan-gelismeleri-49","status":"publish","type":"post","link":"https:\/\/archive.sana.sy\/tr\/?p=297154","title":{"rendered":"Aksa Tufan\u0131 Operasyonu\u2026 Bug\u00fcn\u00fcn En \u00d6ne \u00c7\u0131kan Geli\u015fmeleri"},"content":{"rendered":"<p style=\"text-align: justify;\"><strong>\u0130\u015eGAL ED\u0130LEN KUD\u00dcS 18 \u015eUBAT 2024 (SANA) \u2013<\/strong>\u00a0Filistin direni\u015finin i\u015fgalci \u0130srail\u2019in sald\u0131rganl\u0131\u011f\u0131na yan\u0131t olarak 7 Ekim\u2019de ba\u015flatt\u0131\u011f\u0131 Aksa Tufan\u0131 Operasyonu\u2019nda \u00f6ne \u00e7\u0131kan geli\u015fmeler:<\/p>\n<ul>\n<li style=\"text-align: justify;\">-Filistin medyas\u0131: \u0130srail i\u015fgalinin Gazze \u015eeridi&#8217;nin kuzeyindeki Beyit Lahya&#8217;da bir evi bombalamas\u0131 sonucu 5 \u015fehit ve \u00e7ok say\u0131da yaral\u0131.<\/li>\n<li style=\"text-align: justify;\">Filistin medyas\u0131: \u0130srail&#8217;in Gazze \u015fehrinin g\u00fcneyinde \u00e7ok say\u0131da evi bombalamas\u0131 sonucu 5 \u015fehit ve \u00e7ok say\u0131da yaral\u0131.<\/li>\n<li style=\"text-align: justify;\">Filistin medyas\u0131: \u0130srail i\u015fgalinin Gazze \u015eeridi&#8217;nin merkezindeki Deyir El Balah&#8217;a ba\u011fl\u0131 El Bruk b\u00f6lgesini bombalamas\u0131 sonucu \u015fehit say\u0131s\u0131 3&#8217;\u00fc \u00e7ocuk 7 \u015fehidin say\u0131s\u0131na y\u00fckseldi.<\/li>\n<li style=\"text-align: justify;\">Filistin medyas\u0131: \u0130srail&#8217;in Gazze \u015eeridi&#8217;nin merkezindeki El Bruk b\u00f6lgesini i\u015fgal etmesi sonucu 3 \u015fehit ve \u00e7ok say\u0131da yaral\u0131.<\/li>\n<li style=\"text-align: justify;\"><a href=\"https:\/\/sana.sy\/tr\/?p=297187\">Gazze \u015eeridi&#8217;nde son 24 saatte ya\u015fanan i\u015fgal katliamlar\u0131nda 127 \u015fehit, 205 yaral\u0131.<\/a><\/li>\n<li style=\"text-align: justify;\">Filistin Sa\u011fl\u0131k Bakanl\u0131\u011f\u0131: \u0130srail&#8217;in Gazze \u015eeridi&#8217;nde devam eden sald\u0131r\u0131s\u0131n\u0131n kurbanlar\u0131n\u0131n say\u0131s\u0131 135&#8217;inci g\u00fcnde 28 bin 985 \u015fehit ve 68 bin 883 yaral\u0131ya y\u00fckseldi.<\/li>\n<li style=\"text-align: justify;\">Filistin Sa\u011fl\u0131k Bakanl\u0131\u011f\u0131: \u0130srail i\u015fgali son 24 saatte Gazze \u015eeridi&#8217;nde 13 katliam ger\u00e7ekle\u015ftirdi, 127 \u015fehit ve 205 ki\u015fi yaraland\u0131.<\/li>\n<li style=\"text-align: justify;\">Kad\u0131n Haklar\u0131 Komitesi: Gazze&#8217;de saat k\u0131tl\u0131k ve salg\u0131n hastal\u0131klara do\u011fru h\u0131zla ilerliyor.<\/li>\n<li style=\"text-align: justify;\">\u0130srail&#8217;in Gazze \u015eeridi&#8217;ne y\u00f6nelik sald\u0131r\u0131s\u0131n\u0131n 135&#8217;inci g\u00fcn\u00fcnde onlarca \u015fehit ve yaral\u0131.<\/li>\n<li style=\"text-align: justify;\"><a href=\"https:\/\/sana.sy\/tr\/?p=297157\">Va\u015fington, Gazze&#8217;de ate\u015fkes \u00e7a\u011fr\u0131s\u0131 yapan karar tasla\u011f\u0131n\u0131 daha da engellemekle tehdit ediyor.<\/a><\/li>\n<li style=\"text-align: justify;\">Filistin medyas\u0131: \u0130srail i\u015fgal u\u00e7aklar\u0131n\u0131n Gazze \u015eehri&#8217;nin \u015eeyh R\u0131dvan mahallesindeki bir evi bombalamas\u0131 sonucu 7 \u015fehit ve \u00e7ok say\u0131da yaral\u0131.<\/li>\n<li>\n<p style=\"text-align: justify;\">Filistin medyas\u0131: \u0130srail i\u015fgal u\u00e7aklar\u0131n\u0131n Gazze \u015eeridi&#8217;nin merkezindeki Deyir El Balah ve El Zavaida b\u00f6lgelerinde \u00e7ok say\u0131da evi bombalamas\u0131 sonucu bir kad\u0131n \u015fehit ve \u00e7ok say\u0131da yaral\u0131.<\/p>\n<\/li>\n<\/ul>\n<p style=\"text-align: center;\"><strong><a href=\"https:\/\/t.me\/SuriyeArapHaberAjansI\">Telegram Kanal\u0131m\u0131z\u00a0<\/a>||<a href=\"https:\/\/twitter.com\/arap_ajans\">X Platformumuz\u00a0<\/a>||<a href=\"https:\/\/www.facebook.com\/SANAHaberAjansi\/\">Facebook Sayfam\u0131z<\/a><\/strong><\/p>\n","protected":false},"excerpt":{"rendered":"<p>\u0130\u015eGAL ED\u0130LEN KUD\u00dcS 18 \u015eUBAT 2024 (SANA) \u2013\u00a0Filistin direni\u015finin i\u015fgalci \u0130srail\u2019in sald\u0131rganl\u0131\u011f\u0131na yan\u0131t olarak 7 Ekim\u2019de ba\u015flatt\u0131\u011f\u0131 Aksa Tufan\u0131 Operasyonu\u2019nda \u00f6ne \u00e7\u0131kan geli\u015fmeler: -Filistin medyas\u0131: \u0130srail i\u015fgalinin Gazze \u015eeridi&#8217;nin kuzeyindeki Beyit Lahya&#8217;da bir evi bombalamas\u0131 sonucu 5 \u015fehit ve \u00e7ok say\u0131da yaral\u0131. Filistin medyas\u0131: \u0130srail&#8217;in Gazze \u015fehrinin g\u00fcneyinde \u00e7ok say\u0131da evi bombalamas\u0131 sonucu 5 \u015fehit &hellip;<\/p>\n","protected":false},"author":39,"featured_media":297155,"comment_status":"closed","ping_status":"closed","sticky":false,"template":"","format":"standard","meta":{"footnotes":""},"categories":[458,459,17988],"tags":[],"class_list":["post-297154","post","type-post","status-publish","format-standard","has-post-thumbnail","","category-dunya1","category-haberler-arap-uluslararasi-politika","category-son-haberler"],"_links":{"self":[{"href":"https:\/\/archive.sana.sy\/tr\/index.php?rest_route=\/wp\/v2\/posts\/297154","targetHints":{"allow":["GET"]}}],"collection":[{"href":"https:\/\/archive.sana.sy\/tr\/index.php?rest_route=\/wp\/v2\/posts"}],"about":[{"href":"https:\/\/archive.sana.sy\/tr\/index.php?rest_route=\/wp\/v2\/types\/post"}],"author":[{"embeddable":true,"href":"https:\/\/archive.sana.sy\/tr\/index.php?rest_route=\/wp\/v2\/users\/39"}],"replies":[{"embeddable":true,"href":"https:\/\/archive.sana.sy\/tr\/index.php?rest_route=%2Fwp%2Fv2%2Fcomments&post=297154"}],"version-history":[{"count":10,"href":"https:\/\/archive.sana.sy\/tr\/index.php?rest_route=\/wp\/v2\/posts\/297154\/revisions"}],"predecessor-version":[{"id":297209,"href":"https:\/\/archive.sana.sy\/tr\/index.php?rest_route=\/wp\/v2\/posts\/297154\/revisions\/297209"}],"wp:featuredmedia":[{"embeddable":true,"href":"https:\/\/archive.sana.sy\/tr\/index.php?rest_route=\/wp\/v2\/media\/297155"}],"wp:attachment":[{"href":"https:\/\/archive.sana.sy\/tr\/index.php?rest_route=%2Fwp%2Fv2%2Fmedia&parent=297154"}],"wp:term":[{"taxonomy":"category","embeddable":true,"href":"https:\/\/archive.sana.sy\/tr\/index.php?rest_route=%2Fwp%2Fv2%2Fcategories&post=297154"},{"taxonomy":"post_tag","embeddable":true,"href":"https:\/\/archive.sana.sy\/tr\/index.php?rest_route=%2Fwp%2Fv2%2Ftags&post=297154"}],"curies":[{"name":"wp","href":"https:\/\/api.w.org\/{rel}","templated":true}]}}