{"id":297163,"date":"2024-02-17T23:19:19","date_gmt":"2024-02-17T20:19:19","guid":{"rendered":"https:\/\/sana.sy\/tr\/?p=297163"},"modified":"2024-02-19T08:15:46","modified_gmt":"2024-02-19T05:15:46","slug":"suriye-baedeki-dunya-hukumeti-zirvesi-calismalarina-katildi","status":"publish","type":"post","link":"https:\/\/archive.sana.sy\/tr\/?p=297163","title":{"rendered":"Suriye, BAE&#8217;deki D\u00fcnya H\u00fck\u00fcmeti Zirvesi \u00c7al\u0131\u015fmalar\u0131na Kat\u0131ld\u0131"},"content":{"rendered":"<p style=\"text-align: justify;\"><strong>ABU DAB<\/strong><strong>\u0130 17 \u015eUBAT (SANA)<\/strong> &#8211; Suriye Arap Cumhuriyeti&#8217;nin E\u011fitim ve Kurumsal Organizasyon \u0130\u015flerinden Sorumlu \u0130dari Kalk\u0131nma Bakan Yard\u0131mc\u0131s\u0131 Sanaa Lakhouj ba\u015fkanl\u0131\u011f\u0131ndaki heyet, Birle\u015fik Arap Emirlikleri&#8217;nde d\u00fczenlenen D\u00fcnya H\u00fck\u00fcmeti Zirvesi&#8217;ne kat\u0131ld\u0131.<\/p>\n<p style=\"text-align: justify;\">Zirve, devlet ve h\u00fck\u00fcmet ba\u015fkanlar\u0131, 80&#8217;den fazla uluslararas\u0131 ve b\u00f6lgesel kurulu\u015fun yan\u0131 s\u0131ra 120 h\u00fck\u00fcmet delegasyonu ve k\u00fcresel d\u00fc\u015f\u00fcnce liderleri ve uzmanlardan olu\u015fan elit bir grubun kat\u0131l\u0131m\u0131yla &#8220;Gelece\u011fin H\u00fck\u00fcmetlerini \u00d6ng\u00f6rmek&#8221; slogan\u0131yla ger\u00e7ekle\u015ftirildi. 4.000&#8217;i a\u015fk\u0131n kat\u0131l\u0131mc\u0131n\u0131n kat\u0131l\u0131m\u0131yla ger\u00e7ekle\u015fti.<\/p>\n<p style=\"text-align: justify;\">Suriye heyeti ayr\u0131ca, D\u00fcnya H\u00fck\u00fcmetler Zirvesi faaliyetleri kapsam\u0131nda Arap Devletleri Ligi&#8217;ndeki Arap \u0130dari Kalk\u0131nma \u00d6rg\u00fct\u00fc ortakl\u0131\u011f\u0131nda ger\u00e7ekle\u015ftirilen, h\u00fck\u00fcmet geli\u015ftirme ve kamu hizmetlerinden sorumlu Arap bakanlar\u0131n \u00fcst d\u00fczey toplant\u0131s\u0131na kat\u0131ld\u0131.<\/p>\n<p style=\"text-align: justify;\"><img loading=\"lazy\" decoding=\"async\" class=\"size-full wp-image-297165 alignright\" src=\"http:\/\/sana.sy\/tr\/wp-content\/uploads\/2024\/02\/\u0627\u0644\u0642\u0645\u0629-\u0627\u0644\u0639\u0627\u0644\u0645\u064a\u0629-\u0644\u0644\u062d\u0643\u0648\u0645\u0627\u062a-copy-300x200-1.jpg\" alt=\"\" width=\"300\" height=\"200\" \/>Kat\u0131l\u0131mc\u0131lar, h\u00fck\u00fcmetin idari geli\u015fimi ve h\u00fck\u00fcmet sistemleri ve hizmetlerinin geli\u015ftirilmesi alan\u0131nda Arap i\u015fbirli\u011fi \u00e7abalar\u0131n\u0131n artt\u0131r\u0131lmas\u0131n\u0131 masaya yat\u0131rd\u0131 ve dapay zeka ve veri teknolojisine odaklanan Arap h\u00fck\u00fcmeti y\u00f6netiminin durumu raporunu g\u00f6zden ge\u00e7irenler, ayr\u0131ca Arap d\u00fcnyas\u0131ndaki Gelece\u011fin H\u00fck\u00fcmet Liderleri Program\u0131n\u0131n sonu\u00e7lar\u0131n\u0131 da de\u011ferlendirdiler.<\/p>\n<p style=\"text-align: justify;\">Ayn\u0131 ba\u011flamda ve Suriye&#8217;nin kat\u0131l\u0131m\u0131yla, Arap D\u00fcnyas\u0131nda Gelece\u011fin H\u00fck\u00fcmet Liderleri Program\u0131, gen\u00e7 Arap h\u00fck\u00fcmet liderlerinin ilk partisini kutlad\u0131. Bunun yan\u0131nda da \u0130dari Kalk\u0131nma Bakanl\u0131\u011f\u0131 \u0130leti\u015fim ve Y\u00f6netici Destek Dairesi M\u00fcd\u00fcr\u00fc&#8217;n\u00fcn de aralar\u0131nda bulundu\u011fu Devlet Y\u00f6neticilerine Y\u00f6nelik Uluslararas\u0131 Program&#8217;a kat\u0131lan 30 kat\u0131l\u0131mc\u0131n\u0131n mezuniyeti de Suriyelilerin kat\u0131l\u0131m\u0131yla kutland\u0131.<\/p>\n<p style=\"text-align: center;\"><strong><a href=\"https:\/\/t.me\/SuriyeArapHaberAjansI\">Telegram Kanal\u0131m\u0131z\u00a0<\/a>||<a href=\"https:\/\/twitter.com\/arap_ajans\">X Platformumuz\u00a0<\/a>||<a href=\"https:\/\/www.facebook.com\/SANAHaberAjansi\/\">Facebook Sayfam\u0131z<\/a><\/strong><\/p>\n<p>&nbsp;<\/p>\n","protected":false},"excerpt":{"rendered":"<p>ABU DAB\u0130 17 \u015eUBAT (SANA) &#8211; Suriye Arap Cumhuriyeti&#8217;nin E\u011fitim ve Kurumsal Organizasyon \u0130\u015flerinden Sorumlu \u0130dari Kalk\u0131nma Bakan Yard\u0131mc\u0131s\u0131 Sanaa Lakhouj ba\u015fkanl\u0131\u011f\u0131ndaki heyet, Birle\u015fik Arap Emirlikleri&#8217;nde d\u00fczenlenen D\u00fcnya H\u00fck\u00fcmeti Zirvesi&#8217;ne kat\u0131ld\u0131. Zirve, devlet ve h\u00fck\u00fcmet ba\u015fkanlar\u0131, 80&#8217;den fazla uluslararas\u0131 ve b\u00f6lgesel kurulu\u015fun yan\u0131 s\u0131ra 120 h\u00fck\u00fcmet delegasyonu ve k\u00fcresel d\u00fc\u015f\u00fcnce liderleri ve uzmanlardan olu\u015fan elit &hellip;<\/p>\n","protected":false},"author":39,"featured_media":297164,"comment_status":"closed","ping_status":"closed","sticky":false,"template":"","format":"standard","meta":{"footnotes":""},"categories":[458,459,17988],"tags":[],"class_list":["post-297163","post","type-post","status-publish","format-standard","has-post-thumbnail","","category-dunya1","category-haberler-arap-uluslararasi-politika","category-son-haberler"],"_links":{"self":[{"href":"https:\/\/archive.sana.sy\/tr\/index.php?rest_route=\/wp\/v2\/posts\/297163","targetHints":{"allow":["GET"]}}],"collection":[{"href":"https:\/\/archive.sana.sy\/tr\/index.php?rest_route=\/wp\/v2\/posts"}],"about":[{"href":"https:\/\/archive.sana.sy\/tr\/index.php?rest_route=\/wp\/v2\/types\/post"}],"author":[{"embeddable":true,"href":"https:\/\/archive.sana.sy\/tr\/index.php?rest_route=\/wp\/v2\/users\/39"}],"replies":[{"embeddable":true,"href":"https:\/\/archive.sana.sy\/tr\/index.php?rest_route=%2Fwp%2Fv2%2Fcomments&post=297163"}],"version-history":[{"count":1,"href":"https:\/\/archive.sana.sy\/tr\/index.php?rest_route=\/wp\/v2\/posts\/297163\/revisions"}],"predecessor-version":[{"id":297166,"href":"https:\/\/archive.sana.sy\/tr\/index.php?rest_route=\/wp\/v2\/posts\/297163\/revisions\/297166"}],"wp:featuredmedia":[{"embeddable":true,"href":"https:\/\/archive.sana.sy\/tr\/index.php?rest_route=\/wp\/v2\/media\/297164"}],"wp:attachment":[{"href":"https:\/\/archive.sana.sy\/tr\/index.php?rest_route=%2Fwp%2Fv2%2Fmedia&parent=297163"}],"wp:term":[{"taxonomy":"category","embeddable":true,"href":"https:\/\/archive.sana.sy\/tr\/index.php?rest_route=%2Fwp%2Fv2%2Fcategories&post=297163"},{"taxonomy":"post_tag","embeddable":true,"href":"https:\/\/archive.sana.sy\/tr\/index.php?rest_route=%2Fwp%2Fv2%2Ftags&post=297163"}],"curies":[{"name":"wp","href":"https:\/\/api.w.org\/{rel}","templated":true}]}}