{"id":297172,"date":"2024-02-18T12:09:13","date_gmt":"2024-02-18T09:09:13","guid":{"rendered":"https:\/\/sana.sy\/tr\/?p=297172"},"modified":"2024-02-19T08:16:03","modified_gmt":"2024-02-19T05:16:03","slug":"israil-dusman-ucaklari-lubnanin-guneyindeki-yarun-kasabasina-hava-saldirisi-duzenledi","status":"publish","type":"post","link":"https:\/\/archive.sana.sy\/tr\/?p=297172","title":{"rendered":"\u0130srail D\u00fc\u015fman U\u00e7aklar\u0131 L\u00fcbnan&#8217;\u0131n G\u00fcneyindeki Yarun Kasabas\u0131na Hava Sald\u0131r\u0131s\u0131 D\u00fczenledi"},"content":{"rendered":"<p style=\"text-align: justify;\"><strong>BEYRUT 18 \u015eUBAT 2024 (SANA)<\/strong> \u2013 \u0130srail d\u00fc\u015fman g\u00fc\u00e7leri g\u00fcney L\u00fcbnan&#8217;\u0131n kasaba ve k\u00f6ylerine y\u00f6nelik sald\u0131r\u0131lar\u0131n\u0131 yenileyerek, bu sabah sava\u015f u\u00e7aklar\u0131 Bint Cbeyl il\u00e7esine ba\u011fl\u0131 Yaroun kasabas\u0131na hava sald\u0131r\u0131s\u0131 d\u00fczenledi.<\/p>\n<p style=\"text-align: justify;\">L\u00fcbnanl\u0131 Ulusal Haber Ajans\u0131, d\u00fc\u015fman sava\u015f u\u00e7aklar\u0131n\u0131n bu sabah Yaroun kasabas\u0131na iki f\u00fczeyle sald\u0131rd\u0131\u011f\u0131n\u0131, \u0130srail d\u00fc\u015fman\u0131n\u0131n \u015fafak vakti de Ayta El \u015eaab kasabas\u0131n\u0131n eteklerine a\u011f\u0131r makineli t\u00fcfeklerle ate\u015f a\u00e7t\u0131\u011f\u0131n\u0131 bildirdi.<\/p>\n<p style=\"text-align: justify;\">Ajans ayr\u0131ca, \u0130srail d\u00fc\u015fman\u0131n\u0131n yak\u0131p y\u0131kma politikas\u0131 benimseyerek sivilleri, b\u00f6lge sakinlerini, ambulanslar\u0131 ve bas\u0131n personelini hedef ald\u0131\u011f\u0131n\u0131, bunun da, Filistin s\u0131n\u0131r\u0131ndaki baz\u0131 k\u00f6ylerde neredeyse hi\u00e7 sakin kalmad\u0131\u011f\u0131ndan, yerinden edilenlerin say\u0131s\u0131nda art\u0131\u015fa yol a\u00e7t\u0131\u011f\u0131n\u0131 belirtirken, bu sald\u0131r\u0131lar\u0131n da m\u00fclklere, mahsullere ve altyap\u0131ya, \u00f6zellikle de elektrik ve su \u015febekelerine ciddi zararlar verdi\u011fine dikkat \u00e7ekti.<\/p>\n<p style=\"text-align: center;\"><strong><a href=\"https:\/\/t.me\/SuriyeArapHaberAjansI\">Telegram Kanal\u0131m\u0131z\u00a0<\/a>||<a href=\"https:\/\/twitter.com\/arap_ajans\">X Platformumuz\u00a0<\/a>||<a href=\"https:\/\/www.facebook.com\/SANAHaberAjansi\/\">Facebook Sayfam\u0131z<\/a><\/strong><\/p>\n","protected":false},"excerpt":{"rendered":"<p>BEYRUT 18 \u015eUBAT 2024 (SANA) \u2013 \u0130srail d\u00fc\u015fman g\u00fc\u00e7leri g\u00fcney L\u00fcbnan&#8217;\u0131n kasaba ve k\u00f6ylerine y\u00f6nelik sald\u0131r\u0131lar\u0131n\u0131 yenileyerek, bu sabah sava\u015f u\u00e7aklar\u0131 Bint Cbeyl il\u00e7esine ba\u011fl\u0131 Yaroun kasabas\u0131na hava sald\u0131r\u0131s\u0131 d\u00fczenledi. L\u00fcbnanl\u0131 Ulusal Haber Ajans\u0131, d\u00fc\u015fman sava\u015f u\u00e7aklar\u0131n\u0131n bu sabah Yaroun kasabas\u0131na iki f\u00fczeyle sald\u0131rd\u0131\u011f\u0131n\u0131, \u0130srail d\u00fc\u015fman\u0131n\u0131n \u015fafak vakti de Ayta El \u015eaab kasabas\u0131n\u0131n eteklerine a\u011f\u0131r &hellip;<\/p>\n","protected":false},"author":39,"featured_media":297173,"comment_status":"closed","ping_status":"closed","sticky":false,"template":"","format":"standard","meta":{"footnotes":""},"categories":[458,459,17988],"tags":[],"class_list":["post-297172","post","type-post","status-publish","format-standard","has-post-thumbnail","","category-dunya1","category-haberler-arap-uluslararasi-politika","category-son-haberler"],"_links":{"self":[{"href":"https:\/\/archive.sana.sy\/tr\/index.php?rest_route=\/wp\/v2\/posts\/297172","targetHints":{"allow":["GET"]}}],"collection":[{"href":"https:\/\/archive.sana.sy\/tr\/index.php?rest_route=\/wp\/v2\/posts"}],"about":[{"href":"https:\/\/archive.sana.sy\/tr\/index.php?rest_route=\/wp\/v2\/types\/post"}],"author":[{"embeddable":true,"href":"https:\/\/archive.sana.sy\/tr\/index.php?rest_route=\/wp\/v2\/users\/39"}],"replies":[{"embeddable":true,"href":"https:\/\/archive.sana.sy\/tr\/index.php?rest_route=%2Fwp%2Fv2%2Fcomments&post=297172"}],"version-history":[{"count":3,"href":"https:\/\/archive.sana.sy\/tr\/index.php?rest_route=\/wp\/v2\/posts\/297172\/revisions"}],"predecessor-version":[{"id":297176,"href":"https:\/\/archive.sana.sy\/tr\/index.php?rest_route=\/wp\/v2\/posts\/297172\/revisions\/297176"}],"wp:featuredmedia":[{"embeddable":true,"href":"https:\/\/archive.sana.sy\/tr\/index.php?rest_route=\/wp\/v2\/media\/297173"}],"wp:attachment":[{"href":"https:\/\/archive.sana.sy\/tr\/index.php?rest_route=%2Fwp%2Fv2%2Fmedia&parent=297172"}],"wp:term":[{"taxonomy":"category","embeddable":true,"href":"https:\/\/archive.sana.sy\/tr\/index.php?rest_route=%2Fwp%2Fv2%2Fcategories&post=297172"},{"taxonomy":"post_tag","embeddable":true,"href":"https:\/\/archive.sana.sy\/tr\/index.php?rest_route=%2Fwp%2Fv2%2Ftags&post=297172"}],"curies":[{"name":"wp","href":"https:\/\/api.w.org\/{rel}","templated":true}]}}