{"id":297181,"date":"2024-02-18T14:03:22","date_gmt":"2024-02-18T11:03:22","guid":{"rendered":"https:\/\/sana.sy\/tr\/?p=297181"},"modified":"2024-02-19T08:16:09","modified_gmt":"2024-02-19T05:16:09","slug":"egitim-bakani-moritanya-buyukelcisi-ile-egitimde-isbirligi-iliskilerinin-gelistirilmesini-gorustu","status":"publish","type":"post","link":"https:\/\/archive.sana.sy\/tr\/?p=297181","title":{"rendered":"E\u011fitim Bakan\u0131, Moritanya B\u00fcy\u00fckel\u00e7isi \u0130le E\u011fitimde \u0130\u015fbirli\u011fi \u0130li\u015fkilerinin Geli\u015ftirilmesini G\u00f6r\u00fc\u015ft\u00fc"},"content":{"rendered":"<p style=\"text-align: justify;\"><strong>\u015eAM 18 \u015eUBAT 2024 (SANA)<\/strong> \u2013 E\u011fitim Bakan\u0131 Mohamed Amer Mardini, Moritanya&#8217;n\u0131n \u015eam B\u00fcy\u00fckel\u00e7isi Sidi Ould Douman ile iki \u00fclke aras\u0131ndaki e\u011fitim alan\u0131nda i\u015fbirli\u011fi ili\u015fkilerini geli\u015ftirmenin ve g\u00fc\u00e7lendirmenin yollar\u0131n\u0131 g\u00f6r\u00fc\u015ft\u00fc.<\/p>\n<p style=\"text-align: justify;\"><img loading=\"lazy\" decoding=\"async\" class=\"size-full wp-image-297184 alignright\" src=\"http:\/\/sana.sy\/tr\/wp-content\/uploads\/2024\/02\/55-1-300x200-2.jpg\" alt=\"\" width=\"300\" height=\"200\" \/>Bakan Mardini toplant\u0131 s\u0131ras\u0131nda, e\u011fitim alan\u0131nda i\u015fbirli\u011fini geli\u015ftirmeye y\u00f6nelik planlar geli\u015ftirerek, ziyaret al\u0131\u015fveri\u015finde bulunarak ve her iki \u00fclkeden \u00f6\u011frencilerin kimli\u011finin ve Arap\u00e7a dilinin korunmas\u0131na dikkat ederek ili\u015fkilerin g\u00fc\u00e7lendirilmesi gerekti\u011fine dikkat \u00e7ekerek, iki \u00fclke liderlerinin \u00e7e\u015fitli alanlarda ikili ili\u015fkileri geli\u015ftirmek ve geli\u015ftirmek i\u00e7in daha fazla \u00e7aba sarf etme konusundaki isteklili\u011fini vurgulad\u0131.<\/p>\n<p style=\"text-align: justify;\">Kendi y\u00f6n\u00fcnden Moritanya&#8217;n\u0131n \u015eam B\u00fcy\u00fckel\u00e7isi, \u00fclkesinin e\u011fitim i\u015f birli\u011fini her iki \u00fclkenin \u00e7\u0131karlar\u0131na hizmet edecek \u015fekilde geli\u015ftirme arzusunu dile getirerek, Suriye&#8217;nin tarihi, Arapl\u0131\u011f\u0131n atan kalbi ve her d\u00fczeyde k\u00fclt\u00fcrel \u0131\u015f\u0131lt\u0131 sahibi bir \u00fclke olarak g\u00f6rd\u00fc\u011f\u00fcne i\u015faret etti.<\/p>\n<p style=\"text-align: center;\"><strong><a href=\"https:\/\/t.me\/SuriyeArapHaberAjansI\">Telegram Kanal\u0131m\u0131z\u00a0<\/a>||<a href=\"https:\/\/twitter.com\/arap_ajans\">X Platformumuz\u00a0<\/a>||<a href=\"https:\/\/www.facebook.com\/SANAHaberAjansi\/\">Facebook Sayfam\u0131z<\/a><\/strong><\/p>\n","protected":false},"excerpt":{"rendered":"<p>\u015eAM 18 \u015eUBAT 2024 (SANA) \u2013 E\u011fitim Bakan\u0131 Mohamed Amer Mardini, Moritanya&#8217;n\u0131n \u015eam B\u00fcy\u00fckel\u00e7isi Sidi Ould Douman ile iki \u00fclke aras\u0131ndaki e\u011fitim alan\u0131nda i\u015fbirli\u011fi ili\u015fkilerini geli\u015ftirmenin ve g\u00fc\u00e7lendirmenin yollar\u0131n\u0131 g\u00f6r\u00fc\u015ft\u00fc. Bakan Mardini toplant\u0131 s\u0131ras\u0131nda, e\u011fitim alan\u0131nda i\u015fbirli\u011fini geli\u015ftirmeye y\u00f6nelik planlar geli\u015ftirerek, ziyaret al\u0131\u015fveri\u015finde bulunarak ve her iki \u00fclkeden \u00f6\u011frencilerin kimli\u011finin ve Arap\u00e7a dilinin korunmas\u0131na dikkat &hellip;<\/p>\n","protected":false},"author":39,"featured_media":297183,"comment_status":"closed","ping_status":"closed","sticky":false,"template":"","format":"standard","meta":{"footnotes":""},"categories":[479,17988,478],"tags":[],"class_list":["post-297181","post","type-post","status-publish","format-standard","has-post-thumbnail","","category-haberler-yerel","category-son-haberler","category-yerel"],"_links":{"self":[{"href":"https:\/\/archive.sana.sy\/tr\/index.php?rest_route=\/wp\/v2\/posts\/297181","targetHints":{"allow":["GET"]}}],"collection":[{"href":"https:\/\/archive.sana.sy\/tr\/index.php?rest_route=\/wp\/v2\/posts"}],"about":[{"href":"https:\/\/archive.sana.sy\/tr\/index.php?rest_route=\/wp\/v2\/types\/post"}],"author":[{"embeddable":true,"href":"https:\/\/archive.sana.sy\/tr\/index.php?rest_route=\/wp\/v2\/users\/39"}],"replies":[{"embeddable":true,"href":"https:\/\/archive.sana.sy\/tr\/index.php?rest_route=%2Fwp%2Fv2%2Fcomments&post=297181"}],"version-history":[{"count":2,"href":"https:\/\/archive.sana.sy\/tr\/index.php?rest_route=\/wp\/v2\/posts\/297181\/revisions"}],"predecessor-version":[{"id":297186,"href":"https:\/\/archive.sana.sy\/tr\/index.php?rest_route=\/wp\/v2\/posts\/297181\/revisions\/297186"}],"wp:featuredmedia":[{"embeddable":true,"href":"https:\/\/archive.sana.sy\/tr\/index.php?rest_route=\/wp\/v2\/media\/297183"}],"wp:attachment":[{"href":"https:\/\/archive.sana.sy\/tr\/index.php?rest_route=%2Fwp%2Fv2%2Fmedia&parent=297181"}],"wp:term":[{"taxonomy":"category","embeddable":true,"href":"https:\/\/archive.sana.sy\/tr\/index.php?rest_route=%2Fwp%2Fv2%2Fcategories&post=297181"},{"taxonomy":"post_tag","embeddable":true,"href":"https:\/\/archive.sana.sy\/tr\/index.php?rest_route=%2Fwp%2Fv2%2Ftags&post=297181"}],"curies":[{"name":"wp","href":"https:\/\/api.w.org\/{rel}","templated":true}]}}