{"id":2973,"date":"2014-06-13T14:43:54","date_gmt":"2014-06-13T11:43:54","guid":{"rendered":"http:\/\/sanasyria.org\/tr\/?p=2973"},"modified":"2014-06-19T13:04:27","modified_gmt":"2014-06-19T10:04:27","slug":"homsta-50-kisi-serbest-birakildi","status":"publish","type":"post","link":"https:\/\/archive.sana.sy\/tr\/?p=2973","title":{"rendered":"Homs\u2019ta 50 Ki\u015fi Serbest B\u0131rak\u0131ld\u0131"},"content":{"rendered":"<p>HOMS \u2013 Homs Valisi Telal el Berazi; Homs Merkez Cezaevinden 2014\/22 say\u0131l\u0131 genel af karar\u0131n\u0131n kapsad\u0131\u011f\u0131 50 ki\u015finin serbest b\u0131rak\u0131ld\u0131\u011f\u0131n\u0131 belirtti.<\/p>\n<p>Vali Berazi; genel af karar\u0131n\u0131n kapsad\u0131\u011f\u0131 mahkumlar\u0131n dosyalar\u0131 inceleme \u00e7al\u0131\u015fmalar\u0131n\u0131n devam etti\u011fini s\u00f6yledi.<\/p>\n<p><a href=\"http:\/\/sanasyria.org\/tr\/wp-content\/uploads\/2014\/06\/homs-21.jpg\"><img loading=\"lazy\" decoding=\"async\" class=\"aligncenter wp-image-2975 size-full\" src=\"http:\/\/sanasyria.org\/tr\/wp-content\/uploads\/2014\/06\/homs-21.jpg\" alt=\"homs 2\" width=\"620\" height=\"330\" srcset=\"https:\/\/archive.sana.sy\/tr\/wp-content\/uploads\/2014\/06\/homs-21.jpg 620w, https:\/\/archive.sana.sy\/tr\/wp-content\/uploads\/2014\/06\/homs-21-150x79.jpg 150w, https:\/\/archive.sana.sy\/tr\/wp-content\/uploads\/2014\/06\/homs-21-300x160.jpg 300w\" sizes=\"auto, (max-width: 620px) 100vw, 620px\" \/><\/a><\/p>\n<p>&nbsp;<\/p>\n<p><a href=\"http:\/\/sanasyria.org\/tr\/wp-content\/uploads\/2014\/06\/homs-31.jpg\"><img loading=\"lazy\" decoding=\"async\" class=\"aligncenter wp-image-2977 size-full\" src=\"http:\/\/sanasyria.org\/tr\/wp-content\/uploads\/2014\/06\/homs-31.jpg\" alt=\"homs 3\" width=\"620\" height=\"330\" srcset=\"https:\/\/archive.sana.sy\/tr\/wp-content\/uploads\/2014\/06\/homs-31.jpg 620w, https:\/\/archive.sana.sy\/tr\/wp-content\/uploads\/2014\/06\/homs-31-150x79.jpg 150w, https:\/\/archive.sana.sy\/tr\/wp-content\/uploads\/2014\/06\/homs-31-300x160.jpg 300w\" sizes=\"auto, (max-width: 620px) 100vw, 620px\" \/><\/a><\/p>\n<p>&nbsp;<\/p>\n<p>&nbsp;<\/p>\n<p>&nbsp;<\/p>\n","protected":false},"excerpt":{"rendered":"<p>HOMS \u2013 Homs Valisi Telal el Berazi; Homs Merkez Cezaevinden 2014\/22 say\u0131l\u0131 genel af karar\u0131n\u0131n kapsad\u0131\u011f\u0131 50 ki\u015finin serbest b\u0131rak\u0131ld\u0131\u011f\u0131n\u0131 belirtti. Vali Berazi; genel af karar\u0131n\u0131n kapsad\u0131\u011f\u0131 mahkumlar\u0131n dosyalar\u0131 inceleme \u00e7al\u0131\u015fmalar\u0131n\u0131n devam etti\u011fini s\u00f6yledi. &nbsp; &nbsp; &nbsp; &nbsp;<\/p>\n","protected":false},"author":1,"featured_media":2974,"comment_status":"closed","ping_status":"closed","sticky":false,"template":"","format":"standard","meta":{"footnotes":""},"categories":[479,575,478],"tags":[661],"class_list":["post-2973","post","type-post","status-publish","format-standard","has-post-thumbnail","","category-haberler-yerel","category-olaylar-ve-gercekler","category-yerel","tag-homsta-50-kisi-serbest-birakildi"],"_links":{"self":[{"href":"https:\/\/archive.sana.sy\/tr\/index.php?rest_route=\/wp\/v2\/posts\/2973","targetHints":{"allow":["GET"]}}],"collection":[{"href":"https:\/\/archive.sana.sy\/tr\/index.php?rest_route=\/wp\/v2\/posts"}],"about":[{"href":"https:\/\/archive.sana.sy\/tr\/index.php?rest_route=\/wp\/v2\/types\/post"}],"author":[{"embeddable":true,"href":"https:\/\/archive.sana.sy\/tr\/index.php?rest_route=\/wp\/v2\/users\/1"}],"replies":[{"embeddable":true,"href":"https:\/\/archive.sana.sy\/tr\/index.php?rest_route=%2Fwp%2Fv2%2Fcomments&post=2973"}],"version-history":[{"count":0,"href":"https:\/\/archive.sana.sy\/tr\/index.php?rest_route=\/wp\/v2\/posts\/2973\/revisions"}],"wp:featuredmedia":[{"embeddable":true,"href":"https:\/\/archive.sana.sy\/tr\/index.php?rest_route=\/wp\/v2\/media\/2974"}],"wp:attachment":[{"href":"https:\/\/archive.sana.sy\/tr\/index.php?rest_route=%2Fwp%2Fv2%2Fmedia&parent=2973"}],"wp:term":[{"taxonomy":"category","embeddable":true,"href":"https:\/\/archive.sana.sy\/tr\/index.php?rest_route=%2Fwp%2Fv2%2Fcategories&post=2973"},{"taxonomy":"post_tag","embeddable":true,"href":"https:\/\/archive.sana.sy\/tr\/index.php?rest_route=%2Fwp%2Fv2%2Ftags&post=2973"}],"curies":[{"name":"wp","href":"https:\/\/api.w.org\/{rel}","templated":true}]}}