{"id":297366,"date":"2024-02-21T13:56:11","date_gmt":"2024-02-21T10:56:11","guid":{"rendered":"https:\/\/sana.sy\/tr\/?p=297366"},"modified":"2024-02-22T13:43:13","modified_gmt":"2024-02-22T10:43:13","slug":"irak-suriye-ortak-komitesinin-toplantilari-sonucunda-bir-dizi-mutabakat-zapti-imzalandi","status":"publish","type":"post","link":"https:\/\/archive.sana.sy\/tr\/?p=297366","title":{"rendered":"Irak-Suriye Ortak Komitesinin Toplant\u0131lar\u0131 Sonucunda Bir Dizi Mutabakat Zapt\u0131 \u0130mzaland\u0131"},"content":{"rendered":"<p style=\"text-align: justify;\"><strong>BA\u011eDAT 21 \u015eUBAT 2024 (SANA) \u2013<\/strong>Bug\u00fcn, Suriye-Irak Ortak Komitesi&#8217;nin \u00e7al\u0131\u015fmalar\u0131, iki \u00fclke aras\u0131ndaki ikili i\u015fbirli\u011finin bir\u00e7ok alan\u0131nda var\u0131lan mutabakat zapt\u0131lar\u0131n\u0131n yer ald\u0131\u011f\u0131 komite toplant\u0131 tutanaklar\u0131n\u0131n Ba\u011fdat&#8217;ta imzalanmas\u0131yla sonu\u00e7land\u0131.<\/p>\n<p style=\"text-align: justify;\">G\u00f6r\u00fc\u015fmeler s\u0131ras\u0131nda Suriye Arap Cumhuriyeti Haberle\u015fme ve Teknoloji Bakanl\u0131\u011f\u0131 ile Irak Cumhuriyeti Haberle\u015fme Bakanl\u0131\u011f\u0131 aras\u0131nda ileti\u015fim alan\u0131nda mutabakat zapt\u0131 imzaland\u0131. Suriye Sosyal \u0130\u015fler ve \u00c7al\u0131\u015fma Bakanl\u0131\u011f\u0131 ile Irakl\u0131 mevkida\u015f\u0131 aras\u0131nda da bir mutabakat zapt\u0131 imzaland\u0131.<\/p>\n<p style=\"text-align: justify;\"><img loading=\"lazy\" decoding=\"async\" class=\"size-full wp-image-297391 alignright\" src=\"http:\/\/sana.sy\/tr\/wp-content\/uploads\/2024\/02\/photo_2024-02-21_11-51-26-1-300x204-1.jpg\" alt=\"\" width=\"300\" height=\"204\" srcset=\"https:\/\/archive.sana.sy\/tr\/wp-content\/uploads\/2024\/02\/photo_2024-02-21_11-51-26-1-300x204-1.jpg 300w, https:\/\/archive.sana.sy\/tr\/wp-content\/uploads\/2024\/02\/photo_2024-02-21_11-51-26-1-300x204-1-110x75.jpg 110w\" sizes=\"auto, (max-width: 300px) 100vw, 300px\" \/>Suriye Bay\u0131nd\u0131rl\u0131k ve \u0130skan Bakanl\u0131\u011f\u0131 ile Irak&#8217;taki \u0130n\u015faat, \u0130skan ve Kamu Belediyeleri aras\u0131nda bay\u0131nd\u0131rl\u0131k ve konut alan\u0131nda da mutabakat zapt\u0131 imzaland\u0131.<\/p>\n<p style=\"text-align: justify;\">Irak&#8217;taki Planlama Bakanl\u0131\u011f\u0131 (Standardizasyon ve Kalite Kontrol Merkezi Te\u015fkilat\u0131) ile Suriye&#8217;deki \u0130\u00e7 Ticaret ve T\u00fcketicinin Korunmas\u0131 Bakanl\u0131\u011f\u0131 aras\u0131nda s\u0131nai m\u00fclkiyetin korunmas\u0131 alan\u0131nda mutabakat zapt\u0131 da imzaland\u0131.<\/p>\n<p style=\"text-align: justify;\">Bunun yan\u0131nda ayr\u0131ca, Irak Standardizasyon ve Kalite Kontrol Merkezi Te\u015fkilat\u0131 ile Suriye Standartlar ve Metroloji Te\u015fkilat\u0131 aras\u0131nda 2024-2026 y\u0131llar\u0131n\u0131 kapsayan spesifikasyon ve metroloji, kalite kontrol ve uygunluk belgelerinin verilmesi alanlar\u0131nda bilimsel i\u015f birli\u011fi protokol\u00fcn\u00fcn eki imzaland\u0131.<\/p>\n<p style=\"text-align: justify;\">Bu ba\u011flamda, Ekonomi ve D\u0131\u015f Ticaret Bakan\u0131 Muhammad Samir El Halil, Irakl\u0131 mevkida\u015f\u0131 Esir Davud El Gururi ile d\u00fczenledi\u011fi bas\u0131n toplant\u0131s\u0131nda, Suriye&#8217;nin ikili i\u015fbirli\u011fini iki karde\u015f halk\u0131n arzular\u0131n\u0131 ger\u00e7ekle\u015ftirecek seviyelere ilerletme konusundaki isteklili\u011fini vurgulad\u0131.<\/p>\n<p style=\"text-align: justify;\">Bakan El Halil, Suriye ve Irak&#8217;\u0131n ikili i\u015fbirli\u011fini geli\u015ftirmenin \u00f6n\u00fcndeki t\u00fcm engelleri a\u015fmaya istekli oldu\u011funu a\u00e7\u0131klayarak, iki taraf\u0131n, iki \u00fclkede \u00f6zellikle sanayi, tar\u0131m ve ticaret alan\u0131nda \u00fcr\u00fcn ak\u0131\u015f\u0131n\u0131 kolayla\u015ft\u0131racak zorluk ve engelleri a\u015fmak i\u00e7in \u00e7aba g\u00f6sterdi\u011fine dikkati \u00e7ekti.<\/p>\n<p style=\"text-align: justify;\">El Halil ayr\u0131ca, yeniden yap\u0131lanma, konut, ileti\u015fim, k\u00fclt\u00fcr, altyap\u0131 ve d\u0131\u015f ili\u015fkiler alanlar\u0131nda daha fazla i\u015fbirli\u011fi sa\u011flamay\u0131 ve ortak toplant\u0131larda ileti\u015fimi s\u00fcrd\u00fcrmeyi umdu\u011funu ifade etti.<\/p>\n<p style=\"text-align: justify;\">Bakan El Gururi ise Suriye ve Irak&#8217;ta ticari merkezler a\u00e7arak ve iki \u00fclkede uluslararas\u0131 ve \u00f6zel sergilere kat\u0131l\u0131m\u0131 geni\u015fleterek t\u00fcm engellerin a\u015f\u0131lmas\u0131 konusunda mutabakata var\u0131ld\u0131\u011f\u0131n\u0131 vurgularken, \u00a0Irakl\u0131 ve Suriyeli yat\u0131r\u0131mc\u0131lar\u0131 her alanda ekonomik kalk\u0131nma projeleri olu\u015fturmaya \u00e7a\u011f\u0131rd\u0131.<\/p>\n<p style=\"text-align: center;\"><strong><a href=\"https:\/\/t.me\/SuriyeArapHaberAjansI\">Telegram Kanal\u0131m\u0131z\u00a0<\/a>||<a href=\"https:\/\/twitter.com\/arap_ajans\">X Platformumuz\u00a0<\/a>||<a href=\"https:\/\/www.facebook.com\/SANAHaberAjansi\/\">Facebook Sayfam\u0131z<\/a><\/strong><\/p>\n<div id='gallery-1' class='gallery galleryid-297366 gallery-columns-2 gallery-size-full'><figure class='gallery-item'>\n\t\t\t<div class='gallery-icon landscape'>\n\t\t\t\t<a href='https:\/\/archive.sana.sy\/tr\/wp-content\/uploads\/2024\/02\/photo_2024-02-21_11-51-02.jpg'><img loading=\"lazy\" decoding=\"async\" width=\"660\" height=\"425\" src=\"https:\/\/archive.sana.sy\/tr\/wp-content\/uploads\/2024\/02\/photo_2024-02-21_11-51-02.jpg\" class=\"attachment-full size-full\" alt=\"\" srcset=\"https:\/\/archive.sana.sy\/tr\/wp-content\/uploads\/2024\/02\/photo_2024-02-21_11-51-02.jpg 660w, https:\/\/archive.sana.sy\/tr\/wp-content\/uploads\/2024\/02\/photo_2024-02-21_11-51-02-300x193.jpg 300w\" sizes=\"auto, (max-width: 660px) 100vw, 660px\" \/><\/a>\n\t\t\t<\/div><\/figure><figure class='gallery-item'>\n\t\t\t<div class='gallery-icon landscape'>\n\t\t\t\t<a href='https:\/\/archive.sana.sy\/tr\/wp-content\/uploads\/2024\/02\/photo_2024-02-21_11-51-32.jpg'><img loading=\"lazy\" decoding=\"async\" width=\"660\" height=\"422\" src=\"https:\/\/archive.sana.sy\/tr\/wp-content\/uploads\/2024\/02\/photo_2024-02-21_11-51-32.jpg\" class=\"attachment-full size-full\" alt=\"\" srcset=\"https:\/\/archive.sana.sy\/tr\/wp-content\/uploads\/2024\/02\/photo_2024-02-21_11-51-32.jpg 660w, https:\/\/archive.sana.sy\/tr\/wp-content\/uploads\/2024\/02\/photo_2024-02-21_11-51-32-300x192.jpg 300w\" sizes=\"auto, (max-width: 660px) 100vw, 660px\" \/><\/a>\n\t\t\t<\/div><\/figure>\n\t\t<\/div>\n\n","protected":false},"excerpt":{"rendered":"<p>BA\u011eDAT 21 \u015eUBAT 2024 (SANA) \u2013Bug\u00fcn, Suriye-Irak Ortak Komitesi&#8217;nin \u00e7al\u0131\u015fmalar\u0131, iki \u00fclke aras\u0131ndaki ikili i\u015fbirli\u011finin bir\u00e7ok alan\u0131nda var\u0131lan mutabakat zapt\u0131lar\u0131n\u0131n yer ald\u0131\u011f\u0131 komite toplant\u0131 tutanaklar\u0131n\u0131n Ba\u011fdat&#8217;ta imzalanmas\u0131yla sonu\u00e7land\u0131. G\u00f6r\u00fc\u015fmeler s\u0131ras\u0131nda Suriye Arap Cumhuriyeti Haberle\u015fme ve Teknoloji Bakanl\u0131\u011f\u0131 ile Irak Cumhuriyeti Haberle\u015fme Bakanl\u0131\u011f\u0131 aras\u0131nda ileti\u015fim alan\u0131nda mutabakat zapt\u0131 imzaland\u0131. Suriye Sosyal \u0130\u015fler ve \u00c7al\u0131\u015fma Bakanl\u0131\u011f\u0131 ile &hellip;<\/p>\n","protected":false},"author":36,"featured_media":297396,"comment_status":"closed","ping_status":"closed","sticky":false,"template":"","format":"standard","meta":{"footnotes":""},"categories":[458,459,17988],"tags":[],"class_list":["post-297366","post","type-post","status-publish","format-standard","has-post-thumbnail","","category-dunya1","category-haberler-arap-uluslararasi-politika","category-son-haberler"],"_links":{"self":[{"href":"https:\/\/archive.sana.sy\/tr\/index.php?rest_route=\/wp\/v2\/posts\/297366","targetHints":{"allow":["GET"]}}],"collection":[{"href":"https:\/\/archive.sana.sy\/tr\/index.php?rest_route=\/wp\/v2\/posts"}],"about":[{"href":"https:\/\/archive.sana.sy\/tr\/index.php?rest_route=\/wp\/v2\/types\/post"}],"author":[{"embeddable":true,"href":"https:\/\/archive.sana.sy\/tr\/index.php?rest_route=\/wp\/v2\/users\/36"}],"replies":[{"embeddable":true,"href":"https:\/\/archive.sana.sy\/tr\/index.php?rest_route=%2Fwp%2Fv2%2Fcomments&post=297366"}],"version-history":[{"count":5,"href":"https:\/\/archive.sana.sy\/tr\/index.php?rest_route=\/wp\/v2\/posts\/297366\/revisions"}],"predecessor-version":[{"id":297403,"href":"https:\/\/archive.sana.sy\/tr\/index.php?rest_route=\/wp\/v2\/posts\/297366\/revisions\/297403"}],"wp:featuredmedia":[{"embeddable":true,"href":"https:\/\/archive.sana.sy\/tr\/index.php?rest_route=\/wp\/v2\/media\/297396"}],"wp:attachment":[{"href":"https:\/\/archive.sana.sy\/tr\/index.php?rest_route=%2Fwp%2Fv2%2Fmedia&parent=297366"}],"wp:term":[{"taxonomy":"category","embeddable":true,"href":"https:\/\/archive.sana.sy\/tr\/index.php?rest_route=%2Fwp%2Fv2%2Fcategories&post=297366"},{"taxonomy":"post_tag","embeddable":true,"href":"https:\/\/archive.sana.sy\/tr\/index.php?rest_route=%2Fwp%2Fv2%2Ftags&post=297366"}],"curies":[{"name":"wp","href":"https:\/\/api.w.org\/{rel}","templated":true}]}}