{"id":297379,"date":"2024-02-21T15:21:55","date_gmt":"2024-02-21T12:21:55","guid":{"rendered":"https:\/\/sana.sy\/tr\/?p=297379"},"modified":"2024-02-23T08:56:44","modified_gmt":"2024-02-23T05:56:44","slug":"suriye-amerikan-vetosunu-kinadi-israilin-gazzede-savas-suclarini-ve-soykirimi-surdurmesi-icin-bir-kiliftir","status":"publish","type":"post","link":"https:\/\/archive.sana.sy\/tr\/?p=297379","title":{"rendered":"Suriye, Amerikan Vetosunu K\u0131nad\u0131: \u0130srail&#8217;in Gazze&#8217;de Sava\u015f Su\u00e7lar\u0131n\u0131 Ve Soyk\u0131r\u0131m\u0131 S\u00fcrd\u00fcrmesi \u0130\u00e7in Bir K\u0131l\u0131ft\u0131r"},"content":{"rendered":"<p style=\"text-align: justify;\"><strong>\u015eAM 21 \u015eUBAT (SANA) &#8211;<\/strong> Suriye, Gazze \u015eeridi&#8217;nde Filistin halk\u0131na kar\u015f\u0131 devam eden \u0130srail i\u015fgal sald\u0131rganl\u0131\u011f\u0131n\u0131 durdurmak i\u00e7in Cezayir taraf\u0131ndan sunulan karar tasla\u011f\u0131na kar\u015f\u0131 ABD&#8217;nin G\u00fcvenlik Konseyi&#8217;nde keyfi ve utan\u00e7 verici vetosunu kullanmas\u0131n\u0131 \u015fiddetle k\u0131nayarak, i\u015fgalin sava\u015f su\u00e7lar\u0131n\u0131 ve soyk\u0131r\u0131m\u0131 s\u00fcrd\u00fcrmesinin bir k\u0131l\u0131f te\u015fkil etti\u011fini vurgulad\u0131.<\/p>\n<p style=\"text-align: justify;\">D\u0131\u015fi\u015fleri ve Gurbet\u00e7iler Bakanl\u0131\u011f\u0131&#8217;n\u0131n bug\u00fcn bir kopyas\u0131 SANA&#8217;ya ula\u015fan a\u00e7\u0131klamas\u0131nda, \u2018\u2019D\u00fcn G\u00fcvenlik Konseyi, \u0130srail&#8217;in Gazze \u015eeridi&#8217;nde Filistin halk\u0131na y\u00f6nelik sald\u0131r\u0131s\u0131n\u0131n 7 Ekim&#8217;de ba\u015flamas\u0131ndan bu yana, Amerika Birle\u015fik Devletleri&#8217;nin d\u00f6rd\u00fcnc\u00fc kez veto kullanarak planlad\u0131\u011f\u0131 bir kara sayfaya daha tan\u0131k oldu. Bu, onun ikiy\u00fczl\u00fcl\u00fc\u011f\u00fcn\u00fcn, d\u00fcnya \u00e7ap\u0131nda insan haklar\u0131n\u0131 g\u00f6zetme ve koruma iddialar\u0131n\u0131n yanl\u0131\u015fl\u0131\u011f\u0131n\u0131n ve Filistin halk\u0131m\u0131za kar\u015f\u0131 \u0130srail \u00f6l\u00fcm makinesine verdi\u011fi deste\u011fin a\u00e7\u0131k bir kan\u0131t\u0131d\u0131r\u2019\u2019 dedi.<\/p>\n<p style=\"text-align: justify;\">D\u0131\u015fi\u015fleri Bakanl\u0131\u011f\u0131, G\u00fcvenlik Konseyi&#8217;nin i\u015fgalci g\u00fc\u00e7 &#8220;\u0130srail&#8221; taraf\u0131ndan i\u015flenen soyk\u0131r\u0131m su\u00e7lar\u0131n\u0131n durdurulmas\u0131nda \u00fczerine d\u00fc\u015fen sorumlulu\u011fu \u00fcstlenmesinin gereklili\u011fini vurgulayarak, Filistinlilerin hayatlar\u0131n\u0131n korunmas\u0131 konusunda da sorumluluk almas\u0131 gerekti\u011fini vurgulad\u0131.<\/p>\n<p>&nbsp;<\/p>\n<p style=\"text-align: center;\"><strong><a href=\"https:\/\/t.me\/SuriyeArapHaberAjansI\">Telegram Kanal\u0131m\u0131z\u00a0<\/a>||<a href=\"https:\/\/twitter.com\/arap_ajans\">X Platformumuz\u00a0<\/a>||<a href=\"https:\/\/www.facebook.com\/SANAHaberAjansi\/\">Facebook Sayfam\u0131z<\/a><\/strong><\/p>\n","protected":false},"excerpt":{"rendered":"<p>\u015eAM 21 \u015eUBAT (SANA) &#8211; Suriye, Gazze \u015eeridi&#8217;nde Filistin halk\u0131na kar\u015f\u0131 devam eden \u0130srail i\u015fgal sald\u0131rganl\u0131\u011f\u0131n\u0131 durdurmak i\u00e7in Cezayir taraf\u0131ndan sunulan karar tasla\u011f\u0131na kar\u015f\u0131 ABD&#8217;nin G\u00fcvenlik Konseyi&#8217;nde keyfi ve utan\u00e7 verici vetosunu kullanmas\u0131n\u0131 \u015fiddetle k\u0131nayarak, i\u015fgalin sava\u015f su\u00e7lar\u0131n\u0131 ve soyk\u0131r\u0131m\u0131 s\u00fcrd\u00fcrmesinin bir k\u0131l\u0131f te\u015fkil etti\u011fini vurgulad\u0131. D\u0131\u015fi\u015fleri ve Gurbet\u00e7iler Bakanl\u0131\u011f\u0131&#8217;n\u0131n bug\u00fcn bir kopyas\u0131 SANA&#8217;ya ula\u015fan &hellip;<\/p>\n","protected":false},"author":41,"featured_media":297380,"comment_status":"closed","ping_status":"closed","sticky":false,"template":"","format":"standard","meta":{"footnotes":""},"categories":[479,17988,478],"tags":[40920,16591],"class_list":["post-297379","post","type-post","status-publish","format-standard","has-post-thumbnail","","category-haberler-yerel","category-son-haberler","category-yerel","tag-amerikan-vetosunu-kinadi-israilin-gazzede-savas-suclarini-ve-soykirimi-surdurmesi-icin-bir-kiliftir","tag-suriye"],"_links":{"self":[{"href":"https:\/\/archive.sana.sy\/tr\/index.php?rest_route=\/wp\/v2\/posts\/297379","targetHints":{"allow":["GET"]}}],"collection":[{"href":"https:\/\/archive.sana.sy\/tr\/index.php?rest_route=\/wp\/v2\/posts"}],"about":[{"href":"https:\/\/archive.sana.sy\/tr\/index.php?rest_route=\/wp\/v2\/types\/post"}],"author":[{"embeddable":true,"href":"https:\/\/archive.sana.sy\/tr\/index.php?rest_route=\/wp\/v2\/users\/41"}],"replies":[{"embeddable":true,"href":"https:\/\/archive.sana.sy\/tr\/index.php?rest_route=%2Fwp%2Fv2%2Fcomments&post=297379"}],"version-history":[{"count":1,"href":"https:\/\/archive.sana.sy\/tr\/index.php?rest_route=\/wp\/v2\/posts\/297379\/revisions"}],"predecessor-version":[{"id":297381,"href":"https:\/\/archive.sana.sy\/tr\/index.php?rest_route=\/wp\/v2\/posts\/297379\/revisions\/297381"}],"wp:featuredmedia":[{"embeddable":true,"href":"https:\/\/archive.sana.sy\/tr\/index.php?rest_route=\/wp\/v2\/media\/297380"}],"wp:attachment":[{"href":"https:\/\/archive.sana.sy\/tr\/index.php?rest_route=%2Fwp%2Fv2%2Fmedia&parent=297379"}],"wp:term":[{"taxonomy":"category","embeddable":true,"href":"https:\/\/archive.sana.sy\/tr\/index.php?rest_route=%2Fwp%2Fv2%2Fcategories&post=297379"},{"taxonomy":"post_tag","embeddable":true,"href":"https:\/\/archive.sana.sy\/tr\/index.php?rest_route=%2Fwp%2Fv2%2Ftags&post=297379"}],"curies":[{"name":"wp","href":"https:\/\/api.w.org\/{rel}","templated":true}]}}