{"id":297382,"date":"2024-02-21T15:28:52","date_gmt":"2024-02-21T12:28:52","guid":{"rendered":"https:\/\/sana.sy\/tr\/?p=297382"},"modified":"2024-02-22T10:03:33","modified_gmt":"2024-02-22T07:03:33","slug":"lubnan-direnisi-isgal-edilen-filistin-sinirindaki-israil-dusman-bolgelerini-hedef-aldi","status":"publish","type":"post","link":"https:\/\/archive.sana.sy\/tr\/?p=297382","title":{"rendered":"L\u00fcbnan Direni\u015fi \u0130\u015fgal Edilen Filistin S\u0131n\u0131r\u0131ndaki \u0130srail D\u00fc\u015fman B\u00f6lgelerini Hedef Ald\u0131"},"content":{"rendered":"<p style=\"text-align: justify;\"><strong>BEYRUT 21 \u015eUBAT (SANA) &#8211;<\/strong>\u00a0 Bug\u00fcn L\u00fcbnan Ulusal Direni\u015fi i\u015fgal alt\u0131ndaki Filistin s\u0131n\u0131r\u0131ndaki \u0130srail d\u00fc\u015fman b\u00f6lgelerini hedef ald\u0131.<\/p>\n<p style=\"text-align: justify;\">Direni\u015f yapt\u0131\u011f\u0131 a\u00e7\u0131klamada, &#8220;Gazze \u015eeridi&#8217;ndeki kararl\u0131 Filistin halk\u0131m\u0131za destek olarak, onlar\u0131n cesur ve onurlu direni\u015fine destek olarak ve \u0130srail&#8217;in g\u00fcneydeki k\u00f6ylere ve sivillerin evlerine y\u00f6nelik sald\u0131r\u0131lar\u0131na yan\u0131t olarak, sava\u015f\u00e7\u0131lar\u0131m\u0131z, Evin Menachem ve Shomira yerle\u015fim yerleri ile El Meric \u00a0b\u00f6lgesinde \u0130srail d\u00fc\u015fman askerlerinin topland\u0131\u011f\u0131 yerleri hedef ald\u0131. Ayr\u0131ca L\u00fcbnan&#8217;\u0131n \u015eeba \u00c7iftlikleri&#8217;ndeki Ruveysit El Alam b\u00f6lgesini de hedef ald\u0131 ve do\u011frudan vurdu\u2019\u2019 dedi.<\/p>\n<p style=\"text-align: justify;\">Ayr\u0131ca \u0130srail d\u00fc\u015fman u\u00e7a\u011f\u0131n\u0131n Mecdal Zoun kasabas\u0131na d\u00fczenledi\u011fi hava sald\u0131r\u0131s\u0131, bir kad\u0131n\u0131n \u00f6l\u00fcm\u00fcne, k\u0131z\u0131n\u0131n da yaralanmas\u0131na yol a\u00e7t\u0131.<\/p>\n<p style=\"text-align: center;\"><strong><a href=\"https:\/\/t.me\/SuriyeArapHaberAjansI\">Telegram Kanal\u0131m\u0131z\u00a0<\/a>||<a href=\"https:\/\/twitter.com\/arap_ajans\">X Platformumuz\u00a0<\/a>||<a href=\"https:\/\/www.facebook.com\/SANAHaberAjansi\/\">Facebook Sayfam\u0131z<\/a><\/strong><\/p>\n","protected":false},"excerpt":{"rendered":"<p>BEYRUT 21 \u015eUBAT (SANA) &#8211;\u00a0 Bug\u00fcn L\u00fcbnan Ulusal Direni\u015fi i\u015fgal alt\u0131ndaki Filistin s\u0131n\u0131r\u0131ndaki \u0130srail d\u00fc\u015fman b\u00f6lgelerini hedef ald\u0131. Direni\u015f yapt\u0131\u011f\u0131 a\u00e7\u0131klamada, &#8220;Gazze \u015eeridi&#8217;ndeki kararl\u0131 Filistin halk\u0131m\u0131za destek olarak, onlar\u0131n cesur ve onurlu direni\u015fine destek olarak ve \u0130srail&#8217;in g\u00fcneydeki k\u00f6ylere ve sivillerin evlerine y\u00f6nelik sald\u0131r\u0131lar\u0131na yan\u0131t olarak, sava\u015f\u00e7\u0131lar\u0131m\u0131z, Evin Menachem ve Shomira yerle\u015fim yerleri ile El &hellip;<\/p>\n","protected":false},"author":41,"featured_media":297383,"comment_status":"closed","ping_status":"closed","sticky":false,"template":"","format":"standard","meta":{"footnotes":""},"categories":[458,459,17988],"tags":[40921],"class_list":["post-297382","post","type-post","status-publish","format-standard","has-post-thumbnail","","category-dunya1","category-haberler-arap-uluslararasi-politika","category-son-haberler","tag-lubnan-direnisi-isgal-edilen-filistin-sinirindaki-israil-dusman-bolgelerini-hedef-aldi"],"_links":{"self":[{"href":"https:\/\/archive.sana.sy\/tr\/index.php?rest_route=\/wp\/v2\/posts\/297382","targetHints":{"allow":["GET"]}}],"collection":[{"href":"https:\/\/archive.sana.sy\/tr\/index.php?rest_route=\/wp\/v2\/posts"}],"about":[{"href":"https:\/\/archive.sana.sy\/tr\/index.php?rest_route=\/wp\/v2\/types\/post"}],"author":[{"embeddable":true,"href":"https:\/\/archive.sana.sy\/tr\/index.php?rest_route=\/wp\/v2\/users\/41"}],"replies":[{"embeddable":true,"href":"https:\/\/archive.sana.sy\/tr\/index.php?rest_route=%2Fwp%2Fv2%2Fcomments&post=297382"}],"version-history":[{"count":2,"href":"https:\/\/archive.sana.sy\/tr\/index.php?rest_route=\/wp\/v2\/posts\/297382\/revisions"}],"predecessor-version":[{"id":297407,"href":"https:\/\/archive.sana.sy\/tr\/index.php?rest_route=\/wp\/v2\/posts\/297382\/revisions\/297407"}],"wp:featuredmedia":[{"embeddable":true,"href":"https:\/\/archive.sana.sy\/tr\/index.php?rest_route=\/wp\/v2\/media\/297383"}],"wp:attachment":[{"href":"https:\/\/archive.sana.sy\/tr\/index.php?rest_route=%2Fwp%2Fv2%2Fmedia&parent=297382"}],"wp:term":[{"taxonomy":"category","embeddable":true,"href":"https:\/\/archive.sana.sy\/tr\/index.php?rest_route=%2Fwp%2Fv2%2Fcategories&post=297382"},{"taxonomy":"post_tag","embeddable":true,"href":"https:\/\/archive.sana.sy\/tr\/index.php?rest_route=%2Fwp%2Fv2%2Ftags&post=297382"}],"curies":[{"name":"wp","href":"https:\/\/api.w.org\/{rel}","templated":true}]}}