{"id":297385,"date":"2024-02-21T15:33:16","date_gmt":"2024-02-21T12:33:16","guid":{"rendered":"https:\/\/sana.sy\/tr\/?p=297385"},"modified":"2024-02-22T10:02:46","modified_gmt":"2024-02-22T07:02:46","slug":"gazze-seridinde-son-24-saatte-yasanan-isgal-katliamlari-sonucu-118-sehit","status":"publish","type":"post","link":"https:\/\/archive.sana.sy\/tr\/?p=297385","title":{"rendered":"Gazze \u015eeridi&#8217;nde Son 24 Saatte Ya\u015fanan \u0130\u015fgal Katliamlar\u0131 Sonucu 118 \u015eehit"},"content":{"rendered":"<p style=\"text-align: justify;\"><strong>\u0130\u015eGAL ED\u0130LEN KUD\u00dcS 21 \u015eUBAT (SANA) &#8211;<\/strong>\u00a0 Filistin Sa\u011fl\u0131k Bakanl\u0131\u011f\u0131, i\u015fgalci \u0130srail&#8217;in Gazze \u015eeridi&#8217;nde son 24 saatte 11 katliam ger\u00e7ekle\u015ftirdi\u011fini, 118 \u015fehit ve 163 yaral\u0131n\u0131n kald\u0131\u011f\u0131n\u0131 duyurdu.<\/p>\n<p style=\"text-align: justify;\">Bakanl\u0131k bug\u00fcn yapt\u0131\u011f\u0131 a\u00e7\u0131klamada, \u2018\u2019Gazze \u015eeridi&#8217;nde 138. g\u00fcn\u00fcnde devam eden i\u015fgal sald\u0131r\u0131s\u0131nda \u00f6lenlerin say\u0131s\u0131 29 bin 313 \u015fehit ve 69 bin 333 yaral\u0131ya y\u00fckseldi. Bu arada, i\u015fgalciler ambulans ve sivil savunma ekiplerinin onlara ula\u015fmas\u0131n\u0131 engelledi\u011fi i\u00e7in \u00e7ok say\u0131da kurban enkaz alt\u0131nda ve yollarda kal\u0131yor\u2019\u2019 dedi.<\/p>\n<p style=\"text-align: justify;\">Bakanl\u0131k ayr\u0131ca, \u2018\u2019 Gazze \u015eeridi&#8217;nin g\u00fcneyindeki Han Yunus&#8217;taki Nas\u0131r T\u0131p Kompleksi&#8217;nde elektrik ve oksijen jenerat\u00f6r\u00fcn\u00fcn kesilmesi sonucu 8 hasta \u015fehit oldu ve 4 g\u00fcnd\u00fcr hastalar aras\u0131nda yataklar\u0131nda kald\u0131lar\u2019\u2019 ifadelerini kullanarak, \u015fehitlerin v\u00fccutlar\u0131n\u0131n \u015fi\u015fmeye ve \u00e7\u00fcr\u00fcme belirtileri g\u00f6stermeye ba\u015flad\u0131\u011f\u0131n\u0131, bunun da di\u011fer hastalar i\u00e7in tehlike olu\u015fturdu\u011funa dikkat \u00e7ekti.<\/p>\n<p style=\"text-align: justify;\">Bakanl\u0131k, Gazze \u015eeridi&#8217;nin kuzeyinde \u00e7ok say\u0131da kronik hastal\u0131\u011f\u0131 olan hastan\u0131n t\u0131bbi bak\u0131m alamama ve ila\u00e7, yiyecek ve su s\u0131k\u0131nt\u0131s\u0131 nedeniyle hayat\u0131n\u0131 kaybetti\u011fini de belirtti.<\/p>\n<p style=\"text-align: center;\"><strong><a href=\"https:\/\/t.me\/SuriyeArapHaberAjansI\">Telegram Kanal\u0131m\u0131z\u00a0<\/a>||<a href=\"https:\/\/twitter.com\/arap_ajans\">X Platformumuz\u00a0<\/a>||<a href=\"https:\/\/www.facebook.com\/SANAHaberAjansi\/\">Facebook Sayfam\u0131z<\/a><\/strong><\/p>\n","protected":false},"excerpt":{"rendered":"<p>\u0130\u015eGAL ED\u0130LEN KUD\u00dcS 21 \u015eUBAT (SANA) &#8211;\u00a0 Filistin Sa\u011fl\u0131k Bakanl\u0131\u011f\u0131, i\u015fgalci \u0130srail&#8217;in Gazze \u015eeridi&#8217;nde son 24 saatte 11 katliam ger\u00e7ekle\u015ftirdi\u011fini, 118 \u015fehit ve 163 yaral\u0131n\u0131n kald\u0131\u011f\u0131n\u0131 duyurdu. Bakanl\u0131k bug\u00fcn yapt\u0131\u011f\u0131 a\u00e7\u0131klamada, \u2018\u2019Gazze \u015eeridi&#8217;nde 138. g\u00fcn\u00fcnde devam eden i\u015fgal sald\u0131r\u0131s\u0131nda \u00f6lenlerin say\u0131s\u0131 29 bin 313 \u015fehit ve 69 bin 333 yaral\u0131ya y\u00fckseldi. Bu arada, i\u015fgalciler ambulans &hellip;<\/p>\n","protected":false},"author":41,"featured_media":297386,"comment_status":"closed","ping_status":"closed","sticky":false,"template":"","format":"standard","meta":{"footnotes":""},"categories":[458,459,17988],"tags":[40922],"class_list":["post-297385","post","type-post","status-publish","format-standard","has-post-thumbnail","","category-dunya1","category-haberler-arap-uluslararasi-politika","category-son-haberler","tag-gazze-seridinde-son-24-saatte-yasanan-isgal-katliamlari-sonucu-118-sehit"],"_links":{"self":[{"href":"https:\/\/archive.sana.sy\/tr\/index.php?rest_route=\/wp\/v2\/posts\/297385","targetHints":{"allow":["GET"]}}],"collection":[{"href":"https:\/\/archive.sana.sy\/tr\/index.php?rest_route=\/wp\/v2\/posts"}],"about":[{"href":"https:\/\/archive.sana.sy\/tr\/index.php?rest_route=\/wp\/v2\/types\/post"}],"author":[{"embeddable":true,"href":"https:\/\/archive.sana.sy\/tr\/index.php?rest_route=\/wp\/v2\/users\/41"}],"replies":[{"embeddable":true,"href":"https:\/\/archive.sana.sy\/tr\/index.php?rest_route=%2Fwp%2Fv2%2Fcomments&post=297385"}],"version-history":[{"count":2,"href":"https:\/\/archive.sana.sy\/tr\/index.php?rest_route=\/wp\/v2\/posts\/297385\/revisions"}],"predecessor-version":[{"id":297400,"href":"https:\/\/archive.sana.sy\/tr\/index.php?rest_route=\/wp\/v2\/posts\/297385\/revisions\/297400"}],"wp:featuredmedia":[{"embeddable":true,"href":"https:\/\/archive.sana.sy\/tr\/index.php?rest_route=\/wp\/v2\/media\/297386"}],"wp:attachment":[{"href":"https:\/\/archive.sana.sy\/tr\/index.php?rest_route=%2Fwp%2Fv2%2Fmedia&parent=297385"}],"wp:term":[{"taxonomy":"category","embeddable":true,"href":"https:\/\/archive.sana.sy\/tr\/index.php?rest_route=%2Fwp%2Fv2%2Fcategories&post=297385"},{"taxonomy":"post_tag","embeddable":true,"href":"https:\/\/archive.sana.sy\/tr\/index.php?rest_route=%2Fwp%2Fv2%2Ftags&post=297385"}],"curies":[{"name":"wp","href":"https:\/\/api.w.org\/{rel}","templated":true}]}}