{"id":297521,"date":"2024-02-24T22:00:05","date_gmt":"2024-02-24T19:00:05","guid":{"rendered":"https:\/\/sana.sy\/tr\/?p=297521"},"modified":"2024-02-25T13:43:20","modified_gmt":"2024-02-25T10:43:20","slug":"suriye-rusyadaki-dunya-genclik-festivaline-katilmaya-hazirlaniyor","status":"publish","type":"post","link":"https:\/\/archive.sana.sy\/tr\/?p=297521","title":{"rendered":"Suriye, Rusya&#8217;daki D\u00fcnya Gen\u00e7lik Festivali&#8217;ne Kat\u0131lmaya Haz\u0131rlan\u0131yor"},"content":{"rendered":"<p style=\"text-align: justify;\"><strong>\u015eAM 23 \u015eUBAT (SANA)<\/strong> &#8211; Suriye, Rusya Federal Cumhuriyeti&#8217;nin 1-7 Mart tarihleri \u200b\u200baras\u0131nda So\u00e7i kentinde d\u00fczenledi\u011fi D\u00fcnya Gen\u00e7lik Festivali etkinliklerine gen\u00e7lik heyetiyle kat\u0131l\u0131yor.<\/p>\n<p style=\"text-align: justify;\">Heyet ba\u015fkan\u0131 Devrimci Gen\u00e7lik Birli\u011fi Ba\u015fkan\u0131 S\u00fcmer Zahir, \u2018\u2019Gen\u00e7lik heyetinde Suriye&#8217;deki \u00e7e\u015fitli gen\u00e7lik gruplar\u0131n\u0131 temsil eden 180 kat\u0131l\u0131mc\u0131 yer al\u0131yor\u2019\u2019 diyerek, Bu y\u0131lki festivalin tarihteki en b\u00fcy\u00fck yabanc\u0131 kat\u0131l\u0131m oldu\u011funu vurgulad\u0131.<\/p>\n<p style=\"text-align: justify;\">Festivale, gen\u00e7ler aras\u0131nda insanl\u0131\u011f\u0131n gelece\u011fine dair ortak bir vizyon olu\u015fturmak, bar\u0131\u015f diline ba\u011fl\u0131 kalmak ve halklar aras\u0131ndaki dostluk ilkelerini y\u00fcceltmek amac\u0131yla, d\u00fcnya \u00e7ap\u0131nda 180&#8217;den fazla \u00fclkeyi temsil eden 20.000 gen\u00e7 erkek ve kad\u0131n kat\u0131l\u0131yor.<\/p>\n<p style=\"text-align: center;\"><strong><a href=\"https:\/\/t.me\/SuriyeArapHaberAjansI\">Telegram Kanal\u0131m\u0131z\u00a0<\/a>||<a href=\"https:\/\/twitter.com\/arap_ajans\">X Platformumuz\u00a0<\/a>||<a href=\"https:\/\/www.facebook.com\/SANAHaberAjansi\/\">Facebook Sayfam\u0131z<\/a><\/strong><\/p>\n","protected":false},"excerpt":{"rendered":"<p>\u015eAM 23 \u015eUBAT (SANA) &#8211; Suriye, Rusya Federal Cumhuriyeti&#8217;nin 1-7 Mart tarihleri \u200b\u200baras\u0131nda So\u00e7i kentinde d\u00fczenledi\u011fi D\u00fcnya Gen\u00e7lik Festivali etkinliklerine gen\u00e7lik heyetiyle kat\u0131l\u0131yor. Heyet ba\u015fkan\u0131 Devrimci Gen\u00e7lik Birli\u011fi Ba\u015fkan\u0131 S\u00fcmer Zahir, \u2018\u2019Gen\u00e7lik heyetinde Suriye&#8217;deki \u00e7e\u015fitli gen\u00e7lik gruplar\u0131n\u0131 temsil eden 180 kat\u0131l\u0131mc\u0131 yer al\u0131yor\u2019\u2019 diyerek, Bu y\u0131lki festivalin tarihteki en b\u00fcy\u00fck yabanc\u0131 kat\u0131l\u0131m oldu\u011funu vurgulad\u0131. Festivale, &hellip;<\/p>\n","protected":false},"author":41,"featured_media":297522,"comment_status":"closed","ping_status":"closed","sticky":false,"template":"","format":"standard","meta":{"footnotes":""},"categories":[479,17988,478],"tags":[40929,16591],"class_list":["post-297521","post","type-post","status-publish","format-standard","has-post-thumbnail","","category-haberler-yerel","category-son-haberler","category-yerel","tag-rusyadaki-dunya-genclik-festivaline-katilmaya-hazirlaniyor","tag-suriye"],"_links":{"self":[{"href":"https:\/\/archive.sana.sy\/tr\/index.php?rest_route=\/wp\/v2\/posts\/297521","targetHints":{"allow":["GET"]}}],"collection":[{"href":"https:\/\/archive.sana.sy\/tr\/index.php?rest_route=\/wp\/v2\/posts"}],"about":[{"href":"https:\/\/archive.sana.sy\/tr\/index.php?rest_route=\/wp\/v2\/types\/post"}],"author":[{"embeddable":true,"href":"https:\/\/archive.sana.sy\/tr\/index.php?rest_route=\/wp\/v2\/users\/41"}],"replies":[{"embeddable":true,"href":"https:\/\/archive.sana.sy\/tr\/index.php?rest_route=%2Fwp%2Fv2%2Fcomments&post=297521"}],"version-history":[{"count":1,"href":"https:\/\/archive.sana.sy\/tr\/index.php?rest_route=\/wp\/v2\/posts\/297521\/revisions"}],"predecessor-version":[{"id":297523,"href":"https:\/\/archive.sana.sy\/tr\/index.php?rest_route=\/wp\/v2\/posts\/297521\/revisions\/297523"}],"wp:featuredmedia":[{"embeddable":true,"href":"https:\/\/archive.sana.sy\/tr\/index.php?rest_route=\/wp\/v2\/media\/297522"}],"wp:attachment":[{"href":"https:\/\/archive.sana.sy\/tr\/index.php?rest_route=%2Fwp%2Fv2%2Fmedia&parent=297521"}],"wp:term":[{"taxonomy":"category","embeddable":true,"href":"https:\/\/archive.sana.sy\/tr\/index.php?rest_route=%2Fwp%2Fv2%2Fcategories&post=297521"},{"taxonomy":"post_tag","embeddable":true,"href":"https:\/\/archive.sana.sy\/tr\/index.php?rest_route=%2Fwp%2Fv2%2Ftags&post=297521"}],"curies":[{"name":"wp","href":"https:\/\/api.w.org\/{rel}","templated":true}]}}