{"id":297524,"date":"2024-02-24T22:16:49","date_gmt":"2024-02-24T19:16:49","guid":{"rendered":"https:\/\/sana.sy\/tr\/?p=297524"},"modified":"2024-02-25T13:43:26","modified_gmt":"2024-02-25T10:43:26","slug":"irak-icisleri-bakani-uyusturucuyla-mucadele-icin-suriye-urdun-ve-lubnan-ile-ortak-bir-irtibat-hucresi-kuruldugunu-duyurdu","status":"publish","type":"post","link":"https:\/\/archive.sana.sy\/tr\/?p=297524","title":{"rendered":"Irak \u0130\u00e7i\u015fleri Bakan\u0131, Uyu\u015fturucuyla M\u00fccadele \u0130\u00e7in Suriye, \u00dcrd\u00fcn Ve L\u00fcbnan \u0130le Ortak Bir \u0130rtibat H\u00fccresi Kuruldu\u011funu Duyurdu"},"content":{"rendered":"<p style=\"text-align: justify;\"><strong>BA\u011eDAT 24 \u015eUBAT (SANA) &#8211;<\/strong>\u00a0 Irak \u0130\u00e7i\u015fleri Bakan\u0131 Abdulemir El \u015eummari bug\u00fcn uyu\u015fturucu belas\u0131yla m\u00fccadele etmek i\u00e7in Suriye, \u00dcrd\u00fcn ve L\u00fcbnan ile ortak bir irtibat h\u00fccresi kuruldu\u011funu duyurdu.<\/p>\n<p style=\"text-align: justify;\">Irak haber ajans\u0131 INA, El \u015eummari &#8216;nin B\u00f6lgesel \u0130leti\u015fim i\u00e7in Alt\u0131nc\u0131 Ba\u011fdat Diyalog Konferans\u0131 s\u0131ras\u0131nda \u015funlar\u0131 s\u00f6yledi\u011fini aktard\u0131: \u2018\u2019Ge\u00e7ti\u011fimiz g\u00fcnlerde \u00dcrd\u00fcn&#8217;de ger\u00e7ekle\u015ftirilen d\u00f6rtl\u00fc toplant\u0131da bir dizi \u00f6neri ortaya \u00e7\u0131kt\u0131. Bunlardan en \u00f6nemlisi, uluslararas\u0131 uyu\u015fturucu ka\u00e7ak\u00e7\u0131l\u0131\u011f\u0131 \u00e7etelerinin takibi i\u00e7in ortak ileti\u015fim h\u00fccresinin olu\u015fturulmas\u0131.\u2019\u2019<\/p>\n<p style=\"text-align: justify;\">Irak \u0130\u00e7i\u015fleri Bakan\u0131, kom\u015fu \u00fclkelerle uyu\u015fturucuyla m\u00fccadelede b\u00fcy\u00fck i\u015f birli\u011fine dikkat \u00e7eken, \u2018\u2019Bu i\u015fbirli\u011fi, bir\u00e7ok uyu\u015fturucu ka\u00e7ak\u00e7\u0131l\u0131\u011f\u0131 \u015febekesinin tutuklan\u0131p da\u011f\u0131t\u0131lmas\u0131 ve g\u00f6zetimin etkinle\u015ftirilmesiyle sonu\u00e7land\u0131\u2019\u2019 dedi.<\/p>\n<p style=\"text-align: justify;\">Bakan ayr\u0131ca, \u00a0Irak h\u00fck\u00fcmetinin uyu\u015fturucuyla m\u00fccadelede Irak&#8217;\u0131 g\u00fcvenlik \u00e7er\u00e7evesinin eksenlerinden biri haline getirmeye \u00e7al\u0131\u015ft\u0131\u011f\u0131na dikkat \u00e7ekti.<\/p>\n<p style=\"text-align: center;\"><strong><a href=\"https:\/\/t.me\/SuriyeArapHaberAjansI\">Telegram Kanal\u0131m\u0131z\u00a0<\/a>||<a href=\"https:\/\/twitter.com\/arap_ajans\">X Platformumuz\u00a0<\/a>||<a href=\"https:\/\/www.facebook.com\/SANAHaberAjansi\/\">Facebook Sayfam\u0131z<\/a><\/strong><\/p>\n","protected":false},"excerpt":{"rendered":"<p>BA\u011eDAT 24 \u015eUBAT (SANA) &#8211;\u00a0 Irak \u0130\u00e7i\u015fleri Bakan\u0131 Abdulemir El \u015eummari bug\u00fcn uyu\u015fturucu belas\u0131yla m\u00fccadele etmek i\u00e7in Suriye, \u00dcrd\u00fcn ve L\u00fcbnan ile ortak bir irtibat h\u00fccresi kuruldu\u011funu duyurdu. Irak haber ajans\u0131 INA, El \u015eummari &#8216;nin B\u00f6lgesel \u0130leti\u015fim i\u00e7in Alt\u0131nc\u0131 Ba\u011fdat Diyalog Konferans\u0131 s\u0131ras\u0131nda \u015funlar\u0131 s\u00f6yledi\u011fini aktard\u0131: \u2018\u2019Ge\u00e7ti\u011fimiz g\u00fcnlerde \u00dcrd\u00fcn&#8217;de ger\u00e7ekle\u015ftirilen d\u00f6rtl\u00fc toplant\u0131da bir dizi \u00f6neri &hellip;<\/p>\n","protected":false},"author":41,"featured_media":297525,"comment_status":"closed","ping_status":"closed","sticky":false,"template":"","format":"standard","meta":{"footnotes":""},"categories":[458,459,17988],"tags":[40930,40932,40931],"class_list":["post-297524","post","type-post","status-publish","format-standard","has-post-thumbnail","","category-dunya1","category-haberler-arap-uluslararasi-politika","category-son-haberler","tag-irak-icisleri-bakani","tag-urdun-ve-lubnan-ile-ortak-bir-irtibat-hucresi-kuruldugunu-duyurdu","tag-uyusturucuyla-mucadele-icin-suriye"],"_links":{"self":[{"href":"https:\/\/archive.sana.sy\/tr\/index.php?rest_route=\/wp\/v2\/posts\/297524","targetHints":{"allow":["GET"]}}],"collection":[{"href":"https:\/\/archive.sana.sy\/tr\/index.php?rest_route=\/wp\/v2\/posts"}],"about":[{"href":"https:\/\/archive.sana.sy\/tr\/index.php?rest_route=\/wp\/v2\/types\/post"}],"author":[{"embeddable":true,"href":"https:\/\/archive.sana.sy\/tr\/index.php?rest_route=\/wp\/v2\/users\/41"}],"replies":[{"embeddable":true,"href":"https:\/\/archive.sana.sy\/tr\/index.php?rest_route=%2Fwp%2Fv2%2Fcomments&post=297524"}],"version-history":[{"count":1,"href":"https:\/\/archive.sana.sy\/tr\/index.php?rest_route=\/wp\/v2\/posts\/297524\/revisions"}],"predecessor-version":[{"id":297526,"href":"https:\/\/archive.sana.sy\/tr\/index.php?rest_route=\/wp\/v2\/posts\/297524\/revisions\/297526"}],"wp:featuredmedia":[{"embeddable":true,"href":"https:\/\/archive.sana.sy\/tr\/index.php?rest_route=\/wp\/v2\/media\/297525"}],"wp:attachment":[{"href":"https:\/\/archive.sana.sy\/tr\/index.php?rest_route=%2Fwp%2Fv2%2Fmedia&parent=297524"}],"wp:term":[{"taxonomy":"category","embeddable":true,"href":"https:\/\/archive.sana.sy\/tr\/index.php?rest_route=%2Fwp%2Fv2%2Fcategories&post=297524"},{"taxonomy":"post_tag","embeddable":true,"href":"https:\/\/archive.sana.sy\/tr\/index.php?rest_route=%2Fwp%2Fv2%2Ftags&post=297524"}],"curies":[{"name":"wp","href":"https:\/\/api.w.org\/{rel}","templated":true}]}}