{"id":297537,"date":"2024-02-24T18:50:20","date_gmt":"2024-02-24T15:50:20","guid":{"rendered":"https:\/\/sana.sy\/tr\/?p=297537"},"modified":"2024-02-25T13:43:15","modified_gmt":"2024-02-25T10:43:15","slug":"umman-ulusal-muzesi-isbirligiyle-savastan-zarar-goren-suriye-eserlerinin-restorasyonunun-ikinci-asamasi-basladi","status":"publish","type":"post","link":"https:\/\/archive.sana.sy\/tr\/?p=297537","title":{"rendered":"Umman Ulusal M\u00fczesi \u0130\u015fbirli\u011fiyle Sava\u015ftan Zarar G\u00f6ren Suriye Eserlerinin Restorasyonunun \u0130kinci A\u015famas\u0131 Ba\u015flad\u0131"},"content":{"rendered":"<p style=\"text-align: justify;\"><strong>\u015eAM 24 \u015eUBAT (SANA)<\/strong> &#8211; \u00a0K\u00fclt\u00fcr Bakanl\u0131\u011f\u0131 Eski Eserler ve M\u00fczeler Genel M\u00fcd\u00fcrl\u00fc\u011f\u00fc ile Umman Ulusal M\u00fczesi aras\u0131ndaki i\u015f birli\u011fi \u00e7er\u00e7evesinde, Suriye&#8217;ye y\u00f6nelik ter\u00f6r sava\u015f\u0131 sonucu zarar g\u00f6ren Suriye eserlerinin restorasyonunun ikinci a\u015famas\u0131 ba\u015flad\u0131.<\/p>\n<p style=\"text-align: justify;\">Eski Eserler ve M\u00fczeler Genel M\u00fcd\u00fcr\u00fc Muhammad Nazir Avvad, SANA&#8217;ya yapt\u0131\u011f\u0131 a\u00e7\u0131klamada \u015funlar\u0131 s\u00f6yledi: &#8220;Umman Ulusal M\u00fczesi ile yap\u0131lan anla\u015fma, par\u00e7alar\u0131n ve numaralar\u0131n\u0131n belirlenmesini ve bunlar\u0131n restore edilebilmesi i\u00e7in Umman Sultanl\u0131\u011f\u0131&#8217;na nas\u0131l g\u00f6nderilece\u011fini i\u00e7eriyordu. Daha sonra d\u00fcnyan\u0131n her yerinden gelen ziyaret\u00e7ilerin Suriye medeniyeti, miras\u0131 ve \u00f6zg\u00fcnl\u00fc\u011f\u00fc hakk\u0131nda bilgi sahibi olabilmesi i\u00e7in Umman Ulusal M\u00fczesi&#8217;nde sergilenecek.&#8221;<\/p>\n<p style=\"text-align: justify;\">Avvad, Eski Eserler ve M\u00fczeler Genel M\u00fcd\u00fcrl\u00fc\u011f\u00fc Laboratuvar M\u00fcd\u00fcrl\u00fc\u011f\u00fc&#8217;nden uzmanlar\u0131n, ta\u015f eserler de dahil olmak \u00fczere bu eserleri restore edebildi\u011fini vurgularken, \u2018\u2019Ancak Umman taraf\u0131yla yap\u0131lan bu i\u015fbirli\u011finin, Suriye&#8217;de etkilenen arkeolojik miras\u0131n y\u00f6netimine manevi destek sa\u011flayacak\u2019\u2019 dedi.<\/p>\n<p style=\"text-align: justify;\">Umman Ulusal M\u00fczesi&#8217;nin bu alandaki Rus uzmanlarla i\u015fbirli\u011fine ili\u015fkin Avvad \u015funlar\u0131 s\u00f6yledi: &#8220;Umman M\u00fczesi&#8217;nin \u00e7e\u015fitli t\u00fcr ve boyutlardaki eski eserleri restore etmek i\u00e7in bir laboratuvar\u0131 var ve b\u00fcy\u00fck ta\u015f par\u00e7alar\u0131 alan\u0131nda, Hermitage M\u00fczesi&#8217;nden Rus uzmanlar da dahil olmak \u00fczere bu alanda uzmanla\u015fm\u0131\u015f uzmanlar\u0131n yard\u0131m\u0131n\u0131 istiyor.&#8221;<\/p>\n<p style=\"text-align: center;\"><strong><a href=\"https:\/\/t.me\/SuriyeArapHaberAjansI\">Telegram Kanal\u0131m\u0131z\u00a0<\/a>||<a href=\"https:\/\/twitter.com\/arap_ajans\">X Platformumuz\u00a0<\/a>||<a href=\"https:\/\/www.facebook.com\/SANAHaberAjansi\/\">Facebook Sayfam\u0131z<\/a><\/strong><\/p>\n","protected":false},"excerpt":{"rendered":"<p>\u015eAM 24 \u015eUBAT (SANA) &#8211; \u00a0K\u00fclt\u00fcr Bakanl\u0131\u011f\u0131 Eski Eserler ve M\u00fczeler Genel M\u00fcd\u00fcrl\u00fc\u011f\u00fc ile Umman Ulusal M\u00fczesi aras\u0131ndaki i\u015f birli\u011fi \u00e7er\u00e7evesinde, Suriye&#8217;ye y\u00f6nelik ter\u00f6r sava\u015f\u0131 sonucu zarar g\u00f6ren Suriye eserlerinin restorasyonunun ikinci a\u015famas\u0131 ba\u015flad\u0131. Eski Eserler ve M\u00fczeler Genel M\u00fcd\u00fcr\u00fc Muhammad Nazir Avvad, SANA&#8217;ya yapt\u0131\u011f\u0131 a\u00e7\u0131klamada \u015funlar\u0131 s\u00f6yledi: &#8220;Umman Ulusal M\u00fczesi ile yap\u0131lan anla\u015fma, par\u00e7alar\u0131n &hellip;<\/p>\n","protected":false},"author":41,"featured_media":297539,"comment_status":"closed","ping_status":"closed","sticky":false,"template":"","format":"standard","meta":{"footnotes":""},"categories":[479,516,511,17988,478],"tags":[],"class_list":["post-297537","post","type-post","status-publish","format-standard","has-post-thumbnail","","category-haberler-yerel","category-haberler-kultur-ve-sanat","category-kultur-ve-sanat","category-son-haberler","category-yerel"],"_links":{"self":[{"href":"https:\/\/archive.sana.sy\/tr\/index.php?rest_route=\/wp\/v2\/posts\/297537","targetHints":{"allow":["GET"]}}],"collection":[{"href":"https:\/\/archive.sana.sy\/tr\/index.php?rest_route=\/wp\/v2\/posts"}],"about":[{"href":"https:\/\/archive.sana.sy\/tr\/index.php?rest_route=\/wp\/v2\/types\/post"}],"author":[{"embeddable":true,"href":"https:\/\/archive.sana.sy\/tr\/index.php?rest_route=\/wp\/v2\/users\/41"}],"replies":[{"embeddable":true,"href":"https:\/\/archive.sana.sy\/tr\/index.php?rest_route=%2Fwp%2Fv2%2Fcomments&post=297537"}],"version-history":[{"count":1,"href":"https:\/\/archive.sana.sy\/tr\/index.php?rest_route=\/wp\/v2\/posts\/297537\/revisions"}],"predecessor-version":[{"id":297538,"href":"https:\/\/archive.sana.sy\/tr\/index.php?rest_route=\/wp\/v2\/posts\/297537\/revisions\/297538"}],"wp:featuredmedia":[{"embeddable":true,"href":"https:\/\/archive.sana.sy\/tr\/index.php?rest_route=\/wp\/v2\/media\/297539"}],"wp:attachment":[{"href":"https:\/\/archive.sana.sy\/tr\/index.php?rest_route=%2Fwp%2Fv2%2Fmedia&parent=297537"}],"wp:term":[{"taxonomy":"category","embeddable":true,"href":"https:\/\/archive.sana.sy\/tr\/index.php?rest_route=%2Fwp%2Fv2%2Fcategories&post=297537"},{"taxonomy":"post_tag","embeddable":true,"href":"https:\/\/archive.sana.sy\/tr\/index.php?rest_route=%2Fwp%2Fv2%2Ftags&post=297537"}],"curies":[{"name":"wp","href":"https:\/\/api.w.org\/{rel}","templated":true}]}}