{"id":297547,"date":"2024-02-25T08:55:34","date_gmt":"2024-02-25T05:55:34","guid":{"rendered":"https:\/\/sana.sy\/tr\/?p=297547"},"modified":"2024-02-27T08:11:56","modified_gmt":"2024-02-27T05:11:56","slug":"yeni-bir-amerikan-ingiliz-saldirganligi-yemenin-baskenti-sanaayi-hedef-aldi-2","status":"publish","type":"post","link":"https:\/\/archive.sana.sy\/tr\/?p=297547","title":{"rendered":"Amerikan ve \u0130ngiliz Havac\u0131l\u0131\u011f\u0131 Yemen \u015eehirlerine Y\u00f6nelik Sald\u0131rganl\u0131\u011f\u0131n\u0131 Yeniledi"},"content":{"rendered":"<p style=\"text-align: justify;\"><strong>SANAA 25 \u015eUBAT 2024 (SANA) \u2013 <\/strong>Yemen&#8217;in Sanaa kenti yeni Amerikan-\u0130ngiliz sald\u0131rganl\u0131\u011f\u0131na maruz kald\u0131.<\/p>\n<p style=\"text-align: justify;\">Yemenli medyas\u0131, Amerikan-\u0130ngiliz sald\u0131rganl\u0131\u011f\u0131n\u0131n ba\u015fkent Sanaa&#8217;da bir\u00e7ok farkl\u0131 b\u00f6lgeyi hava sald\u0131r\u0131lar\u0131yla hedef ald\u0131\u011f\u0131n\u0131 ve bunun ciddi maddi hasara yol a\u00e7t\u0131\u011f\u0131n\u0131 bildirdi.<\/p>\n<p style=\"text-align: center;\"><strong><a href=\"https:\/\/t.me\/SuriyeArapHaberAjansI\">Telegram Kanal\u0131m\u0131z\u00a0<\/a>||<a href=\"https:\/\/twitter.com\/arap_ajans\">X Platformumuz\u00a0<\/a>||<a href=\"https:\/\/www.facebook.com\/SANAHaberAjansi\/\">Facebook Sayfam\u0131z<\/a><\/strong><\/p>\n<div id='gallery-1' class='gallery galleryid-297547 gallery-columns-2 gallery-size-full'><figure class='gallery-item'>\n\t\t\t<div class='gallery-icon portrait'>\n\t\t\t\t<a href='https:\/\/archive.sana.sy\/tr\/wp-content\/uploads\/2024\/02\/photo_2024-02-25_00-05-43-3-copy.jpg'><img loading=\"lazy\" decoding=\"async\" width=\"660\" height=\"880\" src=\"https:\/\/archive.sana.sy\/tr\/wp-content\/uploads\/2024\/02\/photo_2024-02-25_00-05-43-3-copy.jpg\" class=\"attachment-full size-full\" alt=\"\" srcset=\"https:\/\/archive.sana.sy\/tr\/wp-content\/uploads\/2024\/02\/photo_2024-02-25_00-05-43-3-copy.jpg 660w, https:\/\/archive.sana.sy\/tr\/wp-content\/uploads\/2024\/02\/photo_2024-02-25_00-05-43-3-copy-225x300.jpg 225w\" sizes=\"auto, (max-width: 660px) 100vw, 660px\" \/><\/a>\n\t\t\t<\/div><\/figure><figure class='gallery-item'>\n\t\t\t<div class='gallery-icon portrait'>\n\t\t\t\t<a href='https:\/\/archive.sana.sy\/tr\/wp-content\/uploads\/2024\/02\/photo_2024-02-25_00-05-43-4-copy.jpg'><img loading=\"lazy\" decoding=\"async\" width=\"660\" height=\"1414\" src=\"https:\/\/archive.sana.sy\/tr\/wp-content\/uploads\/2024\/02\/photo_2024-02-25_00-05-43-4-copy.jpg\" class=\"attachment-full size-full\" alt=\"\" srcset=\"https:\/\/archive.sana.sy\/tr\/wp-content\/uploads\/2024\/02\/photo_2024-02-25_00-05-43-4-copy.jpg 660w, https:\/\/archive.sana.sy\/tr\/wp-content\/uploads\/2024\/02\/photo_2024-02-25_00-05-43-4-copy-140x300.jpg 140w, https:\/\/archive.sana.sy\/tr\/wp-content\/uploads\/2024\/02\/photo_2024-02-25_00-05-43-4-copy-478x1024.jpg 478w\" sizes=\"auto, (max-width: 660px) 100vw, 660px\" \/><\/a>\n\t\t\t<\/div><\/figure>\n\t\t<\/div>\n\n","protected":false},"excerpt":{"rendered":"<p>SANAA 25 \u015eUBAT 2024 (SANA) \u2013 Yemen&#8217;in Sanaa kenti yeni Amerikan-\u0130ngiliz sald\u0131rganl\u0131\u011f\u0131na maruz kald\u0131. Yemenli medyas\u0131, Amerikan-\u0130ngiliz sald\u0131rganl\u0131\u011f\u0131n\u0131n ba\u015fkent Sanaa&#8217;da bir\u00e7ok farkl\u0131 b\u00f6lgeyi hava sald\u0131r\u0131lar\u0131yla hedef ald\u0131\u011f\u0131n\u0131 ve bunun ciddi maddi hasara yol a\u00e7t\u0131\u011f\u0131n\u0131 bildirdi. Telegram Kanal\u0131m\u0131z\u00a0||X Platformumuz\u00a0||Facebook Sayfam\u0131z<\/p>\n","protected":false},"author":39,"featured_media":297548,"comment_status":"closed","ping_status":"closed","sticky":false,"template":"","format":"standard","meta":{"footnotes":""},"categories":[458,459,17988],"tags":[],"class_list":["post-297547","post","type-post","status-publish","format-standard","has-post-thumbnail","","category-dunya1","category-haberler-arap-uluslararasi-politika","category-son-haberler"],"_links":{"self":[{"href":"https:\/\/archive.sana.sy\/tr\/index.php?rest_route=\/wp\/v2\/posts\/297547","targetHints":{"allow":["GET"]}}],"collection":[{"href":"https:\/\/archive.sana.sy\/tr\/index.php?rest_route=\/wp\/v2\/posts"}],"about":[{"href":"https:\/\/archive.sana.sy\/tr\/index.php?rest_route=\/wp\/v2\/types\/post"}],"author":[{"embeddable":true,"href":"https:\/\/archive.sana.sy\/tr\/index.php?rest_route=\/wp\/v2\/users\/39"}],"replies":[{"embeddable":true,"href":"https:\/\/archive.sana.sy\/tr\/index.php?rest_route=%2Fwp%2Fv2%2Fcomments&post=297547"}],"version-history":[{"count":3,"href":"https:\/\/archive.sana.sy\/tr\/index.php?rest_route=\/wp\/v2\/posts\/297547\/revisions"}],"predecessor-version":[{"id":297596,"href":"https:\/\/archive.sana.sy\/tr\/index.php?rest_route=\/wp\/v2\/posts\/297547\/revisions\/297596"}],"wp:featuredmedia":[{"embeddable":true,"href":"https:\/\/archive.sana.sy\/tr\/index.php?rest_route=\/wp\/v2\/media\/297548"}],"wp:attachment":[{"href":"https:\/\/archive.sana.sy\/tr\/index.php?rest_route=%2Fwp%2Fv2%2Fmedia&parent=297547"}],"wp:term":[{"taxonomy":"category","embeddable":true,"href":"https:\/\/archive.sana.sy\/tr\/index.php?rest_route=%2Fwp%2Fv2%2Fcategories&post=297547"},{"taxonomy":"post_tag","embeddable":true,"href":"https:\/\/archive.sana.sy\/tr\/index.php?rest_route=%2Fwp%2Fv2%2Ftags&post=297547"}],"curies":[{"name":"wp","href":"https:\/\/api.w.org\/{rel}","templated":true}]}}