{"id":297552,"date":"2024-02-25T08:59:57","date_gmt":"2024-02-25T05:59:57","guid":{"rendered":"https:\/\/sana.sy\/tr\/?p=297552"},"modified":"2024-02-26T09:29:17","modified_gmt":"2024-02-26T06:29:17","slug":"aksa-tufani-operasyonu-bugunun-en-one-cikan-gelismeleri-56","status":"publish","type":"post","link":"https:\/\/archive.sana.sy\/tr\/?p=297552","title":{"rendered":"Aksa Tufan\u0131 Operasyonu\u2026 Bug\u00fcn\u00fcn En \u00d6ne \u00c7\u0131kan Geli\u015fmeleri"},"content":{"rendered":"<p style=\"text-align: justify;\"><strong>\u0130\u015eGAL ED\u0130LEN KUD\u00dcS 25 \u015eUBAT 2024 (SANA) \u2013<\/strong>\u00a0Filistin direni\u015finin i\u015fgalci \u0130srail\u2019in sald\u0131rganl\u0131\u011f\u0131na yan\u0131t olarak 7 Ekim\u2019de ba\u015flatt\u0131\u011f\u0131 Aksa Tufan\u0131 Operasyonu\u2019nda \u00f6ne \u00e7\u0131kan geli\u015fmeler:<\/p>\n<ul>\n<li style=\"text-align: justify;\">Filistin medyas\u0131: \u0130srail i\u015fgal u\u00e7a\u011f\u0131n\u0131n Gazze&#8217;de \u00e7ok say\u0131da evi bombalamas\u0131 sonucu 5 \u015fehit ve 32 yaral\u0131.<\/li>\n<li style=\"text-align: justify;\">Filistin Sa\u011fl\u0131k Bakanl\u0131\u011f\u0131: Gazze \u015eeridi&#8217;nde devam eden \u0130srail sald\u0131rganl\u0131\u011f\u0131n\u0131n kurbanlar\u0131n\u0131n say\u0131s\u0131 142 g\u00fcn artarak 29.692 \u015fehit ve 69.879 yaral\u0131ya y\u00fckseldi.<\/li>\n<li style=\"text-align: justify;\">Filistin Sa\u011fl\u0131k Bakanl\u0131\u011f\u0131: \u0130srail i\u015fgali son 24 saatte Gazze \u015eeridi&#8217;nde 7 katliam ger\u00e7ekle\u015ftirdi, 86 \u015fehit ve 131 ki\u015fi yaraland\u0131.<\/li>\n<li style=\"text-align: justify;\"><span style=\"color: #0000ff;\"><a style=\"color: #0000ff;\" href=\"https:\/\/sana.sy\/tr\/?p=297563\">D\u00fcnya Sa\u011fl\u0131k \u00d6rg\u00fct\u00fc, \u0130srail\u2019in Gazze \u015eeridi\u2019ne Y\u00f6nelik Sald\u0131rganl\u0131\u011f\u0131 Altyap\u0131da Benzeri G\u00f6r\u00fclmemi\u015f Bir Y\u0131k\u0131ma Neden Oldu<\/a><\/span><\/li>\n<li style=\"text-align: justify;\"><span style=\"color: #0000ff;\"><a style=\"color: #0000ff;\" href=\"https:\/\/sana.sy\/tr\/?p=297556\">\u0130srail\u2019in Gazze \u015eeridi\u2019ne Y\u00f6nelik Sald\u0131rganl\u0131\u011f\u0131n\u0131n 142. G\u00fcn\u00fcnde\u2026 \u00c7ok Say\u0131da \u015eehit Ve Yaral\u0131lar<\/a><\/span><\/li>\n<li style=\"text-align: justify;\">Filistin medyas\u0131: \u0130srail i\u015fgal u\u00e7aklar\u0131n\u0131n Gazze \u015fehrinin Al-Sabra mahallesindeki bir evi bombalamas\u0131 sonucu 3 \u015fehit.<\/li>\n<li style=\"text-align: justify;\">\u0130srail i\u015fgali, Gazze \u015eeridi&#8217;nin g\u00fcneyinde Filistin direni\u015fiyle ya\u015fanan \u00e7at\u0131\u015fmalar s\u0131ras\u0131nda bir askerinin \u00f6ld\u00fcr\u00fcld\u00fc\u011f\u00fcn\u00fc ve aralar\u0131nda bir subay\u0131n da bulundu\u011fu \u00fc\u00e7 ki\u015finin de yaraland\u0131\u011f\u0131n\u0131 kabul etti.<\/li>\n<li style=\"text-align: justify;\">Filistin medyas\u0131: \u0130srail i\u015fgal u\u00e7aklar\u0131n\u0131n Gazze \u015eeridi&#8217;nin kuzeyinde Beyt Lahia&#8217;da bir evi bombalamas\u0131 sonucu \u015fehitler ve yaral\u0131lar.<\/li>\n<\/ul>\n<p style=\"text-align: center;\"><strong><a href=\"https:\/\/t.me\/SuriyeArapHaberAjansI\">Telegram Kanal\u0131m\u0131z\u00a0<\/a>||<a href=\"https:\/\/twitter.com\/arap_ajans\">X Platformumuz\u00a0<\/a>||<a href=\"https:\/\/www.facebook.com\/SANAHaberAjansi\/\">Facebook Sayfam\u0131z<\/a><\/strong><\/p>\n","protected":false},"excerpt":{"rendered":"<p>\u0130\u015eGAL ED\u0130LEN KUD\u00dcS 25 \u015eUBAT 2024 (SANA) \u2013\u00a0Filistin direni\u015finin i\u015fgalci \u0130srail\u2019in sald\u0131rganl\u0131\u011f\u0131na yan\u0131t olarak 7 Ekim\u2019de ba\u015flatt\u0131\u011f\u0131 Aksa Tufan\u0131 Operasyonu\u2019nda \u00f6ne \u00e7\u0131kan geli\u015fmeler: Filistin medyas\u0131: \u0130srail i\u015fgal u\u00e7a\u011f\u0131n\u0131n Gazze&#8217;de \u00e7ok say\u0131da evi bombalamas\u0131 sonucu 5 \u015fehit ve 32 yaral\u0131. Filistin Sa\u011fl\u0131k Bakanl\u0131\u011f\u0131: Gazze \u015eeridi&#8217;nde devam eden \u0130srail sald\u0131rganl\u0131\u011f\u0131n\u0131n kurbanlar\u0131n\u0131n say\u0131s\u0131 142 g\u00fcn artarak 29.692 \u015fehit &hellip;<\/p>\n","protected":false},"author":39,"featured_media":297553,"comment_status":"closed","ping_status":"closed","sticky":false,"template":"","format":"standard","meta":{"footnotes":""},"categories":[458,459,17988],"tags":[],"class_list":["post-297552","post","type-post","status-publish","format-standard","has-post-thumbnail","","category-dunya1","category-haberler-arap-uluslararasi-politika","category-son-haberler"],"_links":{"self":[{"href":"https:\/\/archive.sana.sy\/tr\/index.php?rest_route=\/wp\/v2\/posts\/297552","targetHints":{"allow":["GET"]}}],"collection":[{"href":"https:\/\/archive.sana.sy\/tr\/index.php?rest_route=\/wp\/v2\/posts"}],"about":[{"href":"https:\/\/archive.sana.sy\/tr\/index.php?rest_route=\/wp\/v2\/types\/post"}],"author":[{"embeddable":true,"href":"https:\/\/archive.sana.sy\/tr\/index.php?rest_route=\/wp\/v2\/users\/39"}],"replies":[{"embeddable":true,"href":"https:\/\/archive.sana.sy\/tr\/index.php?rest_route=%2Fwp%2Fv2%2Fcomments&post=297552"}],"version-history":[{"count":8,"href":"https:\/\/archive.sana.sy\/tr\/index.php?rest_route=\/wp\/v2\/posts\/297552\/revisions"}],"predecessor-version":[{"id":297597,"href":"https:\/\/archive.sana.sy\/tr\/index.php?rest_route=\/wp\/v2\/posts\/297552\/revisions\/297597"}],"wp:featuredmedia":[{"embeddable":true,"href":"https:\/\/archive.sana.sy\/tr\/index.php?rest_route=\/wp\/v2\/media\/297553"}],"wp:attachment":[{"href":"https:\/\/archive.sana.sy\/tr\/index.php?rest_route=%2Fwp%2Fv2%2Fmedia&parent=297552"}],"wp:term":[{"taxonomy":"category","embeddable":true,"href":"https:\/\/archive.sana.sy\/tr\/index.php?rest_route=%2Fwp%2Fv2%2Fcategories&post=297552"},{"taxonomy":"post_tag","embeddable":true,"href":"https:\/\/archive.sana.sy\/tr\/index.php?rest_route=%2Fwp%2Fv2%2Ftags&post=297552"}],"curies":[{"name":"wp","href":"https:\/\/api.w.org\/{rel}","templated":true}]}}