{"id":297556,"date":"2024-02-25T10:23:56","date_gmt":"2024-02-25T07:23:56","guid":{"rendered":"https:\/\/sana.sy\/tr\/?p=297556"},"modified":"2024-02-27T08:12:03","modified_gmt":"2024-02-27T05:12:03","slug":"israilin-gazze-seridine-yonelik-saldirganliginin-142-gununde-cok-sayida-sehit-ve-yaralilar","status":"publish","type":"post","link":"https:\/\/archive.sana.sy\/tr\/?p=297556","title":{"rendered":"\u0130srail&#8217;in Gazze \u015eeridi&#8217;ne Y\u00f6nelik Sald\u0131rganl\u0131\u011f\u0131n\u0131n 142. G\u00fcn\u00fcnde&#8230; \u00c7ok Say\u0131da \u015eehit Ve Yaral\u0131lar"},"content":{"rendered":"<p style=\"text-align: justify;\"><strong>\u0130\u015eGAL ED\u0130LEN KUD\u00dcS 25 \u015eUBAT (SANA)<\/strong> \u2013 \u0130srail&#8217;in Gazze \u015eeridi&#8217;ne y\u00f6nelik karadan, havadan ve denizden 142. g\u00fcn\u00fcnde devam eden sald\u0131rganl\u0131\u011f\u0131 sonucunda aralar\u0131nda \u00e7ocuk ve kad\u0131nlar\u0131n da bulundu\u011fu onlarca Filistinli \u015fehit d\u00fc\u015ft\u00fc ve yaraland\u0131.<\/p>\n<p style=\"text-align: justify;\">Filistinl\u0131 medyas\u0131, \u0130srail&#8217;in Gazze \u015eeridi&#8217;nin g\u00fcneyindeki Han Yunus \u015fehrinin bat\u0131 b\u00f6lgelerine d\u00fczenledi\u011fi top\u00e7u bombard\u0131man\u0131 sonucu \u00e7ok say\u0131da Filistinlinin \u015fehit d\u00fc\u015ft\u00fc\u011f\u00fcn\u00fc, baz\u0131lar\u0131n\u0131n da yaraland\u0131\u011f\u0131n\u0131 bildirdi.<\/p>\n<p style=\"text-align: justify;\">Medya ayr\u0131ca, i\u015fgal u\u00e7aklar\u0131n\u0131n Gazze&#8217;nin do\u011fusundaki El \u015eeef b\u00f6lgesinde bir evi bombalamas\u0131 sonucu bir Filistinlinin \u015fehit d\u00fc\u015ft\u00fc, \u00e7ok say\u0131da ki\u015finin de yaraland\u0131\u011f\u0131, i\u015fgalcilerin ayr\u0131ca \u015fehrin do\u011fu mahallelerini de insans\u0131z hava ara\u00e7lar\u0131 ve toplarla bombalad\u0131\u011fa i\u015faret etti.<\/p>\n<p style=\"text-align: center;\"><strong><a href=\"https:\/\/t.me\/SuriyeArapHaberAjansI\">Telegram Kanal\u0131m\u0131z\u00a0<\/a>||<a href=\"https:\/\/twitter.com\/arap_ajans\">X Platformumuz\u00a0<\/a>||<a href=\"https:\/\/www.facebook.com\/SANAHaberAjansi\/\">Facebook Sayfam\u0131z<\/a><\/strong><\/p>\n","protected":false},"excerpt":{"rendered":"<p>\u0130\u015eGAL ED\u0130LEN KUD\u00dcS 25 \u015eUBAT (SANA) \u2013 \u0130srail&#8217;in Gazze \u015eeridi&#8217;ne y\u00f6nelik karadan, havadan ve denizden 142. g\u00fcn\u00fcnde devam eden sald\u0131rganl\u0131\u011f\u0131 sonucunda aralar\u0131nda \u00e7ocuk ve kad\u0131nlar\u0131n da bulundu\u011fu onlarca Filistinli \u015fehit d\u00fc\u015ft\u00fc ve yaraland\u0131. Filistinl\u0131 medyas\u0131, \u0130srail&#8217;in Gazze \u015eeridi&#8217;nin g\u00fcneyindeki Han Yunus \u015fehrinin bat\u0131 b\u00f6lgelerine d\u00fczenledi\u011fi top\u00e7u bombard\u0131man\u0131 sonucu \u00e7ok say\u0131da Filistinlinin \u015fehit d\u00fc\u015ft\u00fc\u011f\u00fcn\u00fc, baz\u0131lar\u0131n\u0131n da &hellip;<\/p>\n","protected":false},"author":39,"featured_media":297557,"comment_status":"closed","ping_status":"closed","sticky":false,"template":"","format":"standard","meta":{"footnotes":""},"categories":[458,459,17988],"tags":[],"class_list":["post-297556","post","type-post","status-publish","format-standard","has-post-thumbnail","","category-dunya1","category-haberler-arap-uluslararasi-politika","category-son-haberler"],"_links":{"self":[{"href":"https:\/\/archive.sana.sy\/tr\/index.php?rest_route=\/wp\/v2\/posts\/297556","targetHints":{"allow":["GET"]}}],"collection":[{"href":"https:\/\/archive.sana.sy\/tr\/index.php?rest_route=\/wp\/v2\/posts"}],"about":[{"href":"https:\/\/archive.sana.sy\/tr\/index.php?rest_route=\/wp\/v2\/types\/post"}],"author":[{"embeddable":true,"href":"https:\/\/archive.sana.sy\/tr\/index.php?rest_route=\/wp\/v2\/users\/39"}],"replies":[{"embeddable":true,"href":"https:\/\/archive.sana.sy\/tr\/index.php?rest_route=%2Fwp%2Fv2%2Fcomments&post=297556"}],"version-history":[{"count":2,"href":"https:\/\/archive.sana.sy\/tr\/index.php?rest_route=\/wp\/v2\/posts\/297556\/revisions"}],"predecessor-version":[{"id":297559,"href":"https:\/\/archive.sana.sy\/tr\/index.php?rest_route=\/wp\/v2\/posts\/297556\/revisions\/297559"}],"wp:featuredmedia":[{"embeddable":true,"href":"https:\/\/archive.sana.sy\/tr\/index.php?rest_route=\/wp\/v2\/media\/297557"}],"wp:attachment":[{"href":"https:\/\/archive.sana.sy\/tr\/index.php?rest_route=%2Fwp%2Fv2%2Fmedia&parent=297556"}],"wp:term":[{"taxonomy":"category","embeddable":true,"href":"https:\/\/archive.sana.sy\/tr\/index.php?rest_route=%2Fwp%2Fv2%2Fcategories&post=297556"},{"taxonomy":"post_tag","embeddable":true,"href":"https:\/\/archive.sana.sy\/tr\/index.php?rest_route=%2Fwp%2Fv2%2Ftags&post=297556"}],"curies":[{"name":"wp","href":"https:\/\/api.w.org\/{rel}","templated":true}]}}