{"id":297563,"date":"2024-02-25T10:51:32","date_gmt":"2024-02-25T07:51:32","guid":{"rendered":"https:\/\/sana.sy\/tr\/?p=297563"},"modified":"2024-02-27T08:12:08","modified_gmt":"2024-02-27T05:12:08","slug":"dunya-saglik-orgutu-israilin-gazze-seridine-yonelik-saldirganligi-altyapida-benzeri-gorulmemis-bir-yikima-neden-oldu","status":"publish","type":"post","link":"https:\/\/archive.sana.sy\/tr\/?p=297563","title":{"rendered":"D\u00fcnya Sa\u011fl\u0131k \u00d6rg\u00fct\u00fc, \u0130srail&#8217;in Gazze \u015eeridi&#8217;ne Y\u00f6nelik Sald\u0131rganl\u0131\u011f\u0131 Altyap\u0131da Benzeri G\u00f6r\u00fclmemi\u015f Bir Y\u0131k\u0131ma Neden Oldu"},"content":{"rendered":"<p style=\"text-align: justify;\"><strong>\u0130\u015eGAL ED\u0130LEN KUD\u00dcS 25 \u015eUBAT (SANA)<\/strong> \u2013 D\u00fcnya Sa\u011fl\u0131k \u00d6rg\u00fct\u00fc, \u0130srail&#8217;in Gazze \u015eeridi&#8217;nde 142. g\u00fcnd\u00fcr devam eden sald\u0131rganl\u0131\u011f\u0131n\u0131n, \u015feritteki altyap\u0131da benzeri g\u00f6r\u00fclmemi\u015f bir y\u0131k\u0131ma neden oldu\u011funu ve bunun onar\u0131lmas\u0131n\u0131n on y\u0131llar alaca\u011f\u0131n\u0131 vurgulad\u0131.<\/p>\n<p style=\"text-align: justify;\">\u00d6rg\u00fct\u00fcn s\u00f6zc\u00fcs\u00fc Tar\u0131k Yasarevi\u00e7, Wafa Ajans\u0131&#8217;n\u0131n haberine g\u00f6re yapt\u0131\u011f\u0131 a\u00e7\u0131klamada, &#8221;Evler, hastaneler, okullar ve su tesisleri de dahil olmak \u00fczere sivil altyap\u0131n\u0131n y\u00fczde 70 ila 80&#8217;inin tahrip edildi veya ciddi hasara maruz kald\u0131&#8221; dedi.<\/p>\n<p style=\"text-align: justify;\">Yasarevi\u00e7 ayr\u0131ca, &#8216;Gazze \u015eeridi&#8217;ndeki altyap\u0131n\u0131n onar\u0131lmas\u0131, Harap olmu\u015f sa\u011fl\u0131k sistemi de dahil olmak \u00fczere onlarca y\u0131l s\u00fcrecek, Gazze&#8217;deki molozlar\u0131n kald\u0131r\u0131lmas\u0131n\u0131n 3 ila 12 y\u0131l s\u00fcrece\u011fine i\u015faret etti.<\/p>\n<p style=\"text-align: justify;\">D\u00fcnya Sa\u011fl\u0131k \u00d6rg\u00fct\u00fc&#8217;n\u00fcn Gazze&#8217;deki hastaneleri desteklemeye y\u00f6nelik operasyonel plan\u0131n\u0131 uygulamaya devam edece\u011fine dikkat \u00e7ekti.<\/p>\n<p style=\"text-align: center;\"><strong><a href=\"https:\/\/t.me\/SuriyeArapHaberAjansI\">Telegram Kanal\u0131m\u0131z\u00a0<\/a>||<a href=\"https:\/\/twitter.com\/arap_ajans\">X Platformumuz\u00a0<\/a>||<a href=\"https:\/\/www.facebook.com\/SANAHaberAjansi\/\">Facebook Sayfam\u0131z<\/a><\/strong><\/p>\n<p>&nbsp;<\/p>\n","protected":false},"excerpt":{"rendered":"<p>\u0130\u015eGAL ED\u0130LEN KUD\u00dcS 25 \u015eUBAT (SANA) \u2013 D\u00fcnya Sa\u011fl\u0131k \u00d6rg\u00fct\u00fc, \u0130srail&#8217;in Gazze \u015eeridi&#8217;nde 142. g\u00fcnd\u00fcr devam eden sald\u0131rganl\u0131\u011f\u0131n\u0131n, \u015feritteki altyap\u0131da benzeri g\u00f6r\u00fclmemi\u015f bir y\u0131k\u0131ma neden oldu\u011funu ve bunun onar\u0131lmas\u0131n\u0131n on y\u0131llar alaca\u011f\u0131n\u0131 vurgulad\u0131. \u00d6rg\u00fct\u00fcn s\u00f6zc\u00fcs\u00fc Tar\u0131k Yasarevi\u00e7, Wafa Ajans\u0131&#8217;n\u0131n haberine g\u00f6re yapt\u0131\u011f\u0131 a\u00e7\u0131klamada, &#8221;Evler, hastaneler, okullar ve su tesisleri de dahil olmak \u00fczere sivil altyap\u0131n\u0131n &hellip;<\/p>\n","protected":false},"author":39,"featured_media":297564,"comment_status":"closed","ping_status":"closed","sticky":false,"template":"","format":"standard","meta":{"footnotes":""},"categories":[458,459,17988],"tags":[],"class_list":["post-297563","post","type-post","status-publish","format-standard","has-post-thumbnail","","category-dunya1","category-haberler-arap-uluslararasi-politika","category-son-haberler"],"_links":{"self":[{"href":"https:\/\/archive.sana.sy\/tr\/index.php?rest_route=\/wp\/v2\/posts\/297563","targetHints":{"allow":["GET"]}}],"collection":[{"href":"https:\/\/archive.sana.sy\/tr\/index.php?rest_route=\/wp\/v2\/posts"}],"about":[{"href":"https:\/\/archive.sana.sy\/tr\/index.php?rest_route=\/wp\/v2\/types\/post"}],"author":[{"embeddable":true,"href":"https:\/\/archive.sana.sy\/tr\/index.php?rest_route=\/wp\/v2\/users\/39"}],"replies":[{"embeddable":true,"href":"https:\/\/archive.sana.sy\/tr\/index.php?rest_route=%2Fwp%2Fv2%2Fcomments&post=297563"}],"version-history":[{"count":3,"href":"https:\/\/archive.sana.sy\/tr\/index.php?rest_route=\/wp\/v2\/posts\/297563\/revisions"}],"predecessor-version":[{"id":297595,"href":"https:\/\/archive.sana.sy\/tr\/index.php?rest_route=\/wp\/v2\/posts\/297563\/revisions\/297595"}],"wp:featuredmedia":[{"embeddable":true,"href":"https:\/\/archive.sana.sy\/tr\/index.php?rest_route=\/wp\/v2\/media\/297564"}],"wp:attachment":[{"href":"https:\/\/archive.sana.sy\/tr\/index.php?rest_route=%2Fwp%2Fv2%2Fmedia&parent=297563"}],"wp:term":[{"taxonomy":"category","embeddable":true,"href":"https:\/\/archive.sana.sy\/tr\/index.php?rest_route=%2Fwp%2Fv2%2Fcategories&post=297563"},{"taxonomy":"post_tag","embeddable":true,"href":"https:\/\/archive.sana.sy\/tr\/index.php?rest_route=%2Fwp%2Fv2%2Ftags&post=297563"}],"curies":[{"name":"wp","href":"https:\/\/api.w.org\/{rel}","templated":true}]}}