{"id":297571,"date":"2024-02-25T12:34:25","date_gmt":"2024-02-25T09:34:25","guid":{"rendered":"https:\/\/sana.sy\/tr\/?p=297571"},"modified":"2024-02-27T08:12:12","modified_gmt":"2024-02-27T05:12:12","slug":"silahli-kuvvetlerimiz-halep-ve-idlib-kirsalinda-7-teror-ihasini-dusurdu","status":"publish","type":"post","link":"https:\/\/archive.sana.sy\/tr\/?p=297571","title":{"rendered":"Silahl\u0131 Kuvvetlerimiz, Hama ve \u0130dlib K\u0131rsal\u0131nda 7 Ter\u00f6r \u0130HA&#8217;s\u0131n\u0131 D\u00fc\u015f\u00fcrd\u00fc"},"content":{"rendered":"<p style=\"text-align: justify;\"><strong>\u015eAM 25 \u015eUBAT 2024 (SANA)<\/strong> \u2013 Savunma Bakanl\u0131\u011f\u0131, Hama ve \u0130dlib k\u0131rsal\u0131nda 7 ter\u00f6r \u0130HA&#8217;s\u0131n\u0131n d\u00fc\u015f\u00fcr\u00fclerek imha edildi\u011fini duyurdu.<\/p>\n<p style=\"text-align: justify;\">Milli Savunma Bakanl\u0131\u011f\u0131 bug\u00fcn Facebook sayfas\u0131ndan yapt\u0131\u011f\u0131 a\u00e7\u0131klamada, &#8220;Silahl\u0131 kuvvetlerimizin Hama ve \u0130dlib k\u0131rsal\u0131nda faaliyet g\u00f6steren birimler, ter\u00f6r \u00f6rg\u00fctlerinin civardaki g\u00fcvenli k\u00f6y ve kasabalara \u0130HA kullanarak d\u00fczenledi\u011fi sald\u0131r\u0131y\u0131 p\u00fcsk\u00fcrtt\u00fc ve 7 \u0130HA&#8217;s\u0131n\u0131 d\u00fc\u015f\u00fcrerek hedeflerine ula\u015fmas\u0131n\u0131 engelledi&#8221; dedi.<\/p>\n<p style=\"text-align: center;\"><strong><a href=\"https:\/\/t.me\/SuriyeArapHaberAjansI\">Telegram Kanal\u0131m\u0131z\u00a0<\/a>||<a href=\"https:\/\/twitter.com\/arap_ajans\">X Platformumuz\u00a0<\/a>||<a href=\"https:\/\/www.facebook.com\/SANAHaberAjansi\/\">Facebook Sayfam\u0131z<\/a><\/strong><\/p>\n<div id='gallery-1' class='gallery galleryid-297571 gallery-columns-3 gallery-size-full'><figure class='gallery-item'>\n\t\t\t<div class='gallery-icon landscape'>\n\t\t\t\t<a href='https:\/\/archive.sana.sy\/tr\/wp-content\/uploads\/2024\/02\/1-47-150x150-1.jpg'><img loading=\"lazy\" decoding=\"async\" width=\"150\" height=\"150\" src=\"https:\/\/archive.sana.sy\/tr\/wp-content\/uploads\/2024\/02\/1-47-150x150-1.jpg\" class=\"attachment-full size-full\" alt=\"\" \/><\/a>\n\t\t\t<\/div><\/figure><figure class='gallery-item'>\n\t\t\t<div class='gallery-icon landscape'>\n\t\t\t\t<a href='https:\/\/archive.sana.sy\/tr\/wp-content\/uploads\/2024\/02\/2-39-150x150-1.jpg'><img loading=\"lazy\" decoding=\"async\" width=\"150\" height=\"150\" src=\"https:\/\/archive.sana.sy\/tr\/wp-content\/uploads\/2024\/02\/2-39-150x150-1.jpg\" class=\"attachment-full size-full\" alt=\"\" \/><\/a>\n\t\t\t<\/div><\/figure><figure class='gallery-item'>\n\t\t\t<div class='gallery-icon landscape'>\n\t\t\t\t<a href='https:\/\/archive.sana.sy\/tr\/wp-content\/uploads\/2024\/02\/3-30-150x150-1.jpg'><img loading=\"lazy\" decoding=\"async\" width=\"150\" height=\"150\" src=\"https:\/\/archive.sana.sy\/tr\/wp-content\/uploads\/2024\/02\/3-30-150x150-1.jpg\" class=\"attachment-full size-full\" alt=\"\" \/><\/a>\n\t\t\t<\/div><\/figure><figure class='gallery-item'>\n\t\t\t<div class='gallery-icon landscape'>\n\t\t\t\t<a href='https:\/\/archive.sana.sy\/tr\/wp-content\/uploads\/2024\/02\/4-29-150x150-1.jpg'><img loading=\"lazy\" decoding=\"async\" width=\"150\" height=\"150\" src=\"https:\/\/archive.sana.sy\/tr\/wp-content\/uploads\/2024\/02\/4-29-150x150-1.jpg\" class=\"attachment-full size-full\" alt=\"\" \/><\/a>\n\t\t\t<\/div><\/figure><figure class='gallery-item'>\n\t\t\t<div class='gallery-icon landscape'>\n\t\t\t\t<a href='https:\/\/archive.sana.sy\/tr\/wp-content\/uploads\/2024\/02\/5-18-150x150-1.jpg'><img loading=\"lazy\" decoding=\"async\" width=\"150\" height=\"150\" src=\"https:\/\/archive.sana.sy\/tr\/wp-content\/uploads\/2024\/02\/5-18-150x150-1.jpg\" class=\"attachment-full size-full\" alt=\"\" \/><\/a>\n\t\t\t<\/div><\/figure><figure class='gallery-item'>\n\t\t\t<div class='gallery-icon landscape'>\n\t\t\t\t<a href='https:\/\/archive.sana.sy\/tr\/wp-content\/uploads\/2024\/02\/6-22-150x150-1.jpg'><img loading=\"lazy\" decoding=\"async\" width=\"150\" height=\"150\" src=\"https:\/\/archive.sana.sy\/tr\/wp-content\/uploads\/2024\/02\/6-22-150x150-1.jpg\" class=\"attachment-full size-full\" alt=\"\" \/><\/a>\n\t\t\t<\/div><\/figure><figure class='gallery-item'>\n\t\t\t<div class='gallery-icon landscape'>\n\t\t\t\t<a href='https:\/\/archive.sana.sy\/tr\/wp-content\/uploads\/2024\/02\/7-16-150x150-1.jpg'><img loading=\"lazy\" decoding=\"async\" width=\"150\" height=\"150\" src=\"https:\/\/archive.sana.sy\/tr\/wp-content\/uploads\/2024\/02\/7-16-150x150-1.jpg\" class=\"attachment-full size-full\" alt=\"\" \/><\/a>\n\t\t\t<\/div><\/figure><figure class='gallery-item'>\n\t\t\t<div class='gallery-icon landscape'>\n\t\t\t\t<a href='https:\/\/archive.sana.sy\/tr\/wp-content\/uploads\/2024\/02\/8-22-150x150-1.jpg'><img loading=\"lazy\" decoding=\"async\" width=\"150\" height=\"150\" src=\"https:\/\/archive.sana.sy\/tr\/wp-content\/uploads\/2024\/02\/8-22-150x150-1.jpg\" class=\"attachment-full size-full\" alt=\"\" \/><\/a>\n\t\t\t<\/div><\/figure><figure class='gallery-item'>\n\t\t\t<div class='gallery-icon landscape'>\n\t\t\t\t<a href='https:\/\/archive.sana.sy\/tr\/wp-content\/uploads\/2024\/02\/9-16-150x150-1.jpg'><img loading=\"lazy\" decoding=\"async\" width=\"150\" height=\"150\" src=\"https:\/\/archive.sana.sy\/tr\/wp-content\/uploads\/2024\/02\/9-16-150x150-1.jpg\" class=\"attachment-full size-full\" alt=\"\" \/><\/a>\n\t\t\t<\/div><\/figure>\n\t\t<\/div>\n\n","protected":false},"excerpt":{"rendered":"<p>\u015eAM 25 \u015eUBAT 2024 (SANA) \u2013 Savunma Bakanl\u0131\u011f\u0131, Hama ve \u0130dlib k\u0131rsal\u0131nda 7 ter\u00f6r \u0130HA&#8217;s\u0131n\u0131n d\u00fc\u015f\u00fcr\u00fclerek imha edildi\u011fini duyurdu. Milli Savunma Bakanl\u0131\u011f\u0131 bug\u00fcn Facebook sayfas\u0131ndan yapt\u0131\u011f\u0131 a\u00e7\u0131klamada, &#8220;Silahl\u0131 kuvvetlerimizin Hama ve \u0130dlib k\u0131rsal\u0131nda faaliyet g\u00f6steren birimler, ter\u00f6r \u00f6rg\u00fctlerinin civardaki g\u00fcvenli k\u00f6y ve kasabalara \u0130HA kullanarak d\u00fczenledi\u011fi sald\u0131r\u0131y\u0131 p\u00fcsk\u00fcrtt\u00fc ve 7 \u0130HA&#8217;s\u0131n\u0131 d\u00fc\u015f\u00fcrerek hedeflerine ula\u015fmas\u0131n\u0131 engelledi&#8221; &hellip;<\/p>\n","protected":false},"author":39,"featured_media":297572,"comment_status":"closed","ping_status":"closed","sticky":false,"template":"","format":"standard","meta":{"footnotes":""},"categories":[479,575,17988,478],"tags":[],"class_list":["post-297571","post","type-post","status-publish","format-standard","has-post-thumbnail","","category-haberler-yerel","category-olaylar-ve-gercekler","category-son-haberler","category-yerel"],"_links":{"self":[{"href":"https:\/\/archive.sana.sy\/tr\/index.php?rest_route=\/wp\/v2\/posts\/297571","targetHints":{"allow":["GET"]}}],"collection":[{"href":"https:\/\/archive.sana.sy\/tr\/index.php?rest_route=\/wp\/v2\/posts"}],"about":[{"href":"https:\/\/archive.sana.sy\/tr\/index.php?rest_route=\/wp\/v2\/types\/post"}],"author":[{"embeddable":true,"href":"https:\/\/archive.sana.sy\/tr\/index.php?rest_route=\/wp\/v2\/users\/39"}],"replies":[{"embeddable":true,"href":"https:\/\/archive.sana.sy\/tr\/index.php?rest_route=%2Fwp%2Fv2%2Fcomments&post=297571"}],"version-history":[{"count":7,"href":"https:\/\/archive.sana.sy\/tr\/index.php?rest_route=\/wp\/v2\/posts\/297571\/revisions"}],"predecessor-version":[{"id":297599,"href":"https:\/\/archive.sana.sy\/tr\/index.php?rest_route=\/wp\/v2\/posts\/297571\/revisions\/297599"}],"wp:featuredmedia":[{"embeddable":true,"href":"https:\/\/archive.sana.sy\/tr\/index.php?rest_route=\/wp\/v2\/media\/297572"}],"wp:attachment":[{"href":"https:\/\/archive.sana.sy\/tr\/index.php?rest_route=%2Fwp%2Fv2%2Fmedia&parent=297571"}],"wp:term":[{"taxonomy":"category","embeddable":true,"href":"https:\/\/archive.sana.sy\/tr\/index.php?rest_route=%2Fwp%2Fv2%2Fcategories&post=297571"},{"taxonomy":"post_tag","embeddable":true,"href":"https:\/\/archive.sana.sy\/tr\/index.php?rest_route=%2Fwp%2Fv2%2Ftags&post=297571"}],"curies":[{"name":"wp","href":"https:\/\/api.w.org\/{rel}","templated":true}]}}