{"id":297589,"date":"2024-02-25T14:13:06","date_gmt":"2024-02-25T11:13:06","guid":{"rendered":"https:\/\/sana.sy\/tr\/?p=297589"},"modified":"2024-02-27T08:12:16","modified_gmt":"2024-02-27T05:12:16","slug":"lubnan-direnisi-israilin-iki-dusman-mevzisini-hedef-aldi","status":"publish","type":"post","link":"https:\/\/archive.sana.sy\/tr\/?p=297589","title":{"rendered":"L\u00fcbnan Direni\u015fi \u0130srail&#8217;in \u0130ki D\u00fc\u015fman Mevzilerini Hedef Ald\u0131"},"content":{"rendered":"<p style=\"text-align: justify;\"><strong>BEYRUT 25 \u015eUBAT 2024 (SANA)<\/strong> \u2013 Bug\u00fcn L\u00fcbnan direni\u015fi iki \u0130srail d\u00fc\u015fman b\u00f6lgesini hedef alarak do\u011frudan isabet sa\u011flad\u0131.<\/p>\n<p style=\"text-align: justify;\">Direni\u015f yapt\u0131\u011f\u0131 a\u00e7\u0131klamada, &#8220;Gazze \u015eeridi&#8217;ndeki kararl\u0131 Filistin halk\u0131m\u0131za ve onlar\u0131n yi\u011fit ve onurlu direni\u015fine destek olarak, direni\u015f sava\u015f\u00e7\u0131lar\u0131 bu sabah Ramim k\u0131\u015flas\u0131 civar\u0131nda toplanan d\u00fc\u015fman askerlerini f\u00fcze silahlar\u0131yla hedef alarak do\u011frudan isabet elde etti&#8221; dedi.<\/p>\n<p style=\"text-align: justify;\">Direni\u015f, bir ba\u015fka a\u00e7\u0131klamas\u0131nda ise, i\u015fgal edilen L\u00fcbnan&#8217;\u0131n \u015eeba \u00c7iftlikleri&#8217;nde bulunan \u0130srail d\u00fc\u015fman\u0131 Zibdin k\u0131\u015flas\u0131n\u0131 &#8220;Falak 1&#8221; f\u00fczesiyle hedef ald\u0131\u011f\u0131n\u0131 ve do\u011frudan isabet elde etti\u011fini duyurdu.<\/p>\n<p style=\"text-align: center;\"><strong><a href=\"https:\/\/t.me\/SuriyeArapHaberAjansI\">Telegram Kanal\u0131m\u0131z\u00a0<\/a>||<a href=\"https:\/\/twitter.com\/arap_ajans\">X Platformumuz\u00a0<\/a>||<a href=\"https:\/\/www.facebook.com\/SANAHaberAjansi\/\">Facebook Sayfam\u0131z<\/a><\/strong>\u200f<\/p>\n","protected":false},"excerpt":{"rendered":"<p>BEYRUT 25 \u015eUBAT 2024 (SANA) \u2013 Bug\u00fcn L\u00fcbnan direni\u015fi iki \u0130srail d\u00fc\u015fman b\u00f6lgesini hedef alarak do\u011frudan isabet sa\u011flad\u0131. Direni\u015f yapt\u0131\u011f\u0131 a\u00e7\u0131klamada, &#8220;Gazze \u015eeridi&#8217;ndeki kararl\u0131 Filistin halk\u0131m\u0131za ve onlar\u0131n yi\u011fit ve onurlu direni\u015fine destek olarak, direni\u015f sava\u015f\u00e7\u0131lar\u0131 bu sabah Ramim k\u0131\u015flas\u0131 civar\u0131nda toplanan d\u00fc\u015fman askerlerini f\u00fcze silahlar\u0131yla hedef alarak do\u011frudan isabet elde etti&#8221; dedi. Direni\u015f, bir &hellip;<\/p>\n","protected":false},"author":39,"featured_media":297590,"comment_status":"closed","ping_status":"closed","sticky":false,"template":"","format":"standard","meta":{"footnotes":""},"categories":[458,459,17988],"tags":[],"class_list":["post-297589","post","type-post","status-publish","format-standard","has-post-thumbnail","","category-dunya1","category-haberler-arap-uluslararasi-politika","category-son-haberler"],"_links":{"self":[{"href":"https:\/\/archive.sana.sy\/tr\/index.php?rest_route=\/wp\/v2\/posts\/297589","targetHints":{"allow":["GET"]}}],"collection":[{"href":"https:\/\/archive.sana.sy\/tr\/index.php?rest_route=\/wp\/v2\/posts"}],"about":[{"href":"https:\/\/archive.sana.sy\/tr\/index.php?rest_route=\/wp\/v2\/types\/post"}],"author":[{"embeddable":true,"href":"https:\/\/archive.sana.sy\/tr\/index.php?rest_route=\/wp\/v2\/users\/39"}],"replies":[{"embeddable":true,"href":"https:\/\/archive.sana.sy\/tr\/index.php?rest_route=%2Fwp%2Fv2%2Fcomments&post=297589"}],"version-history":[{"count":2,"href":"https:\/\/archive.sana.sy\/tr\/index.php?rest_route=\/wp\/v2\/posts\/297589\/revisions"}],"predecessor-version":[{"id":297592,"href":"https:\/\/archive.sana.sy\/tr\/index.php?rest_route=\/wp\/v2\/posts\/297589\/revisions\/297592"}],"wp:featuredmedia":[{"embeddable":true,"href":"https:\/\/archive.sana.sy\/tr\/index.php?rest_route=\/wp\/v2\/media\/297590"}],"wp:attachment":[{"href":"https:\/\/archive.sana.sy\/tr\/index.php?rest_route=%2Fwp%2Fv2%2Fmedia&parent=297589"}],"wp:term":[{"taxonomy":"category","embeddable":true,"href":"https:\/\/archive.sana.sy\/tr\/index.php?rest_route=%2Fwp%2Fv2%2Fcategories&post=297589"},{"taxonomy":"post_tag","embeddable":true,"href":"https:\/\/archive.sana.sy\/tr\/index.php?rest_route=%2Fwp%2Fv2%2Ftags&post=297589"}],"curies":[{"name":"wp","href":"https:\/\/api.w.org\/{rel}","templated":true}]}}