{"id":29770,"date":"2015-04-16T10:55:20","date_gmt":"2015-04-16T07:55:20","guid":{"rendered":"http:\/\/www.sana.sy\/tr\/?p=29770"},"modified":"2015-04-16T12:41:40","modified_gmt":"2015-04-16T09:41:40","slug":"afc-kupasinda-ordu-16ya-kalirken-vahde-altin-degerinde-bir-puan-aldi","status":"publish","type":"post","link":"https:\/\/archive.sana.sy\/tr\/?p=29770","title":{"rendered":"AFC Kupas\u0131nda Ordu 16\u2019ya Kal\u0131rken Vahde Alt\u0131n De\u011ferinde Bir Puan Ald\u0131"},"content":{"rendered":"<p>KUVEYT \u2013 AMMAN \u2013 Asya Federasyon Kupas\u0131 \u015fampiyonas\u0131 4. Grup 4. Ma\u00e7\u0131nda Ordu futbol tak\u0131m\u0131m\u0131z d\u00fcn Kuveytli Kuveyt futbol tak\u0131m\u0131n\u0131 kendi evinde 1-0 yenerek puan\u0131n\u0131 10\u2019a y\u00fckseltti ve son 16 tak\u0131m finallerine kalmay\u0131 garantiledi.<\/p>\n<p><a href=\"http:\/\/www.sana.sy\/tr\/wp-content\/uploads\/2015\/04\/spor-21.jpg\"><img loading=\"lazy\" decoding=\"async\" class=\" size-medium wp-image-29771 alignright\" src=\"http:\/\/www.sana.sy\/tr\/wp-content\/uploads\/2015\/04\/spor-21-300x160.jpg\" alt=\"spor 2\" width=\"300\" height=\"160\" srcset=\"https:\/\/archive.sana.sy\/tr\/wp-content\/uploads\/2015\/04\/spor-21-300x160.jpg 300w, https:\/\/archive.sana.sy\/tr\/wp-content\/uploads\/2015\/04\/spor-21-150x80.jpg 150w, https:\/\/archive.sana.sy\/tr\/wp-content\/uploads\/2015\/04\/spor-21.jpg 620w\" sizes=\"auto, (max-width: 300px) 100vw, 300px\" \/><\/a>Ordu tak\u0131m\u0131 uzaktan at\u0131lan sert bir topun Kuveyt kalecisi Saab el Kandri\u2019den d\u00f6nmesini iyi kullanan Halit Kocli ma\u00e7\u0131n hen\u00fcz alt\u0131nc\u0131 dakikas\u0131nda gole \u00e7evirerek ma\u00e7a h\u0131zl\u0131 ba\u015flad\u0131.<\/p>\n<p>Beraberlik i\u00e7in b\u00fcy\u00fck bir bask\u0131 kuran ev sahibi tak\u0131m Kuveyt, Ordu\u2019nun sistemli defans\u0131 \u00f6n\u00fcnde bir \u015fey yapamad\u0131.<\/p>\n<p>Kuveyt tak\u0131m\u0131 teknik direkt\u00f6r\u00fcn\u00fcn her ne kadar oyunu yan ve orta taraflardan de\u011fi\u015ftirmeye kalkt\u0131ysa da b\u00fct\u00fcn bu giri\u015fimler Ordu\u2019nun g\u00fc\u00e7l\u00fc defans\u0131 \u00f6n\u00fcnde sonu\u00e7suz kald\u0131.<\/p>\n<p><a href=\"http:\/\/www.sana.sy\/tr\/wp-content\/uploads\/2015\/04\/Ordu-Teknik-Direkt\u00f6r\u00fc-el-Mahluf.jpg\"><img loading=\"lazy\" decoding=\"async\" class=\" size-medium wp-image-29825 alignright\" src=\"http:\/\/www.sana.sy\/tr\/wp-content\/uploads\/2015\/04\/Ordu-Teknik-Direkt\u00f6r\u00fc-el-Mahluf-300x300.jpg\" alt=\"Ordu Teknik Direkt\u00f6r\u00fc el Mahluf\" width=\"300\" height=\"300\" srcset=\"https:\/\/archive.sana.sy\/tr\/wp-content\/uploads\/2015\/04\/Ordu-Teknik-Direkt\u00f6r\u00fc-el-Mahluf-300x300.jpg 300w, https:\/\/archive.sana.sy\/tr\/wp-content\/uploads\/2015\/04\/Ordu-Teknik-Direkt\u00f6r\u00fc-el-Mahluf-150x150.jpg 150w, https:\/\/archive.sana.sy\/tr\/wp-content\/uploads\/2015\/04\/Ordu-Teknik-Direkt\u00f6r\u00fc-el-Mahluf-70x70.jpg 70w, https:\/\/archive.sana.sy\/tr\/wp-content\/uploads\/2015\/04\/Ordu-Teknik-Direkt\u00f6r\u00fc-el-Mahluf.jpg 391w\" sizes=\"auto, (max-width: 300px) 100vw, 300px\" \/><\/a>Bunun mukabilinde Ordu teknik direkt\u00f6r\u00fc Enes Mahluf, tak\u0131m\u0131n\u0131n saflar\u0131n\u0131 d\u00fczenleme ve skoru korumada ba\u015far\u0131l\u0131 olurken ev sahibi tak\u0131m\u0131n beraberli\u011fi sa\u011flama \u00e7abalar\u0131na ra\u011fmen ma\u00e7 1-0 ordu tak\u0131m\u0131n\u0131n oldu ve 3 puan\u0131n sahibi olmay\u0131 ba\u015fard\u0131.<\/p>\n<p>Bu sonu\u00e7la ordu puan\u0131n\u0131 10\u2019a y\u00fckselterek son 16 finallerine kalmay\u0131 garantilerken Kuveyt tak\u0131m\u0131n\u0131n puan\u0131 7\u2019de kald\u0131. 3. S\u0131rada ise 1 puanla son s\u0131rada yer alan el Necme tak\u0131m\u0131yla 1-1 berabere kalan Bahreyn\u2019in el Rifa tak\u0131m\u0131 oldu.<\/p>\n<p>Ordu tak\u0131m\u0131 29 Nisan\u2019da Bahreyn\u2019in el Rifa tak\u0131m\u0131yla Manama\u2019da, el Necme Beyrut\u2019ta Kuveyt ile kar\u015f\u0131 kar\u015f\u0131ya gelecek.<\/p>\n<p><span style=\"color: #0000ff\">Vahde Birinci Gruptaki Ba\u015far\u0131l\u0131 Sonu\u00e7lar\u0131n\u0131 S\u00fcrd\u00fcrd\u00fc<\/span><\/p>\n<p>\u015eampiyonada ba\u015far\u0131l\u0131 sonu\u00e7lar\u0131n\u0131 s\u00fcrd\u00fcren Vahde tak\u0131m\u0131 ise \u00dcrd\u00fcn\u2019\u00fcn g\u00fc\u00e7l\u00fc tak\u0131m\u0131 el Vahdat tak\u0131m\u0131yla \u0130rbid kentinde oynad\u0131\u011f\u0131 kar\u015f\u0131la\u015fmay\u0131 1-1\u2019lik sonu\u00e7la bitirmeyi ba\u015fard\u0131 ve birinci grup liderli\u011fine oturdu. Vahde iki tak\u0131m\u0131n oynad\u0131\u011f\u0131 ilk kar\u015f\u0131la\u015fmay\u0131 1-0 kazanm\u0131\u015ft\u0131.<\/p>\n<p>Ev sahibi tak\u0131m\u0131n\u00a0 26. Dakikada M\u00fcnzir Ebu Amara ile \u00f6ne ge\u00e7mesine ra\u011fmen Vahde tak\u0131m\u0131 oyun disiplini elden b\u0131rakmad\u0131 ve kontrataklar\u0131n\u0131 artt\u0131rd\u0131.<\/p>\n<p><a href=\"http:\/\/www.sana.sy\/tr\/wp-content\/uploads\/2015\/04\/spor-3.jpg\"><img loading=\"lazy\" decoding=\"async\" class=\" size-medium wp-image-29772 alignright\" src=\"http:\/\/www.sana.sy\/tr\/wp-content\/uploads\/2015\/04\/spor-3-300x184.jpg\" alt=\"spor 3\" width=\"300\" height=\"184\" srcset=\"https:\/\/archive.sana.sy\/tr\/wp-content\/uploads\/2015\/04\/spor-3-300x184.jpg 300w, https:\/\/archive.sana.sy\/tr\/wp-content\/uploads\/2015\/04\/spor-3-150x92.jpg 150w, https:\/\/archive.sana.sy\/tr\/wp-content\/uploads\/2015\/04\/spor-3.jpg 500w\" sizes=\"auto, (max-width: 300px) 100vw, 300px\" \/><\/a>Bir \u00e7ok f\u0131rsattan yararlanamayan Vahde ma\u00e7\u0131n bitimine iki dakika kala Muhammed Hamadko\u2019nun aya\u011f\u0131ndan alt\u0131n de\u011ferinde bir gol kazand\u0131 ve her iki tak\u0131m birer puanla yetinmeyi bildi.<\/p>\n<p>B\u00f6ylece Vahde puan\u0131n\u0131 7\u2019ye y\u00fckselterek el Vahdat tak\u0131m\u0131yla ma\u00e7 sonucu fark\u0131yla liderli\u011fe\u00a0\u00a0 oturdu.<br \/>\n28 Nisan\u2019da ikinci tura y\u00fckselmek i\u00e7in mutlak galibiyet parolas\u0131yla \u00e7\u0131kacak olan Vahde Ummanl\u0131 el Nahda ile oynayacak, Elvahdat tak\u0131m\u0131 ise L\u00fcbnanl\u0131 Salam Za\u011farta tak\u0131m\u0131yla bir araya gelecek.<\/p>\n<p>Bir \u00f6nceki g\u00fcn ayn\u0131 grupta oynanan di\u011fer kar\u015f\u0131la\u015fmada ise el Nahda- Salam Za\u011farta ma\u00e7\u0131 4-0 sona ererken el Nahda puan\u0131n\u0131 6\u2019ya y\u00fckseltirken Salam Za\u011farta ise \u2019n\u0131n son s\u0131rada 3 puanda kald\u0131.<\/p>\n<p>https:\/\/www.youtube.com\/watch?v=WRQAkd116VE<br \/>\nS.\u015e. &#8211; R.H.<\/p>\n","protected":false},"excerpt":{"rendered":"<p>KUVEYT \u2013 AMMAN \u2013 Asya Federasyon Kupas\u0131 \u015fampiyonas\u0131 4. Grup 4. Ma\u00e7\u0131nda Ordu futbol tak\u0131m\u0131m\u0131z d\u00fcn Kuveytli Kuveyt futbol tak\u0131m\u0131n\u0131 kendi evinde 1-0 yenerek puan\u0131n\u0131 10\u2019a y\u00fckseltti ve son 16 tak\u0131m finallerine kalmay\u0131 garantiledi. Ordu tak\u0131m\u0131 uzaktan at\u0131lan sert bir topun Kuveyt kalecisi Saab el Kandri\u2019den d\u00f6nmesini iyi kullanan Halit Kocli ma\u00e7\u0131n hen\u00fcz alt\u0131nc\u0131 dakikas\u0131nda &hellip;<\/p>\n","protected":false},"author":1,"featured_media":29774,"comment_status":"closed","ping_status":"closed","sticky":false,"template":"","format":"standard","meta":{"footnotes":""},"categories":[498,496],"tags":[13708],"class_list":["post-29770","post","type-post","status-publish","format-standard","has-post-thumbnail","","category-dunya-turnuvalari","category-spor","tag-afc-kupasinda-ordu-16ya-kalirken-vahde-altin-degerinde-bir-puan-aldi-kuveyt-amman-asya-federasyon-kupasi-sampiyonasi-4-grup-4-macinda-ordu-futbol-takimimiz-dun-kuveytli"],"_links":{"self":[{"href":"https:\/\/archive.sana.sy\/tr\/index.php?rest_route=\/wp\/v2\/posts\/29770","targetHints":{"allow":["GET"]}}],"collection":[{"href":"https:\/\/archive.sana.sy\/tr\/index.php?rest_route=\/wp\/v2\/posts"}],"about":[{"href":"https:\/\/archive.sana.sy\/tr\/index.php?rest_route=\/wp\/v2\/types\/post"}],"author":[{"embeddable":true,"href":"https:\/\/archive.sana.sy\/tr\/index.php?rest_route=\/wp\/v2\/users\/1"}],"replies":[{"embeddable":true,"href":"https:\/\/archive.sana.sy\/tr\/index.php?rest_route=%2Fwp%2Fv2%2Fcomments&post=29770"}],"version-history":[{"count":0,"href":"https:\/\/archive.sana.sy\/tr\/index.php?rest_route=\/wp\/v2\/posts\/29770\/revisions"}],"wp:featuredmedia":[{"embeddable":true,"href":"https:\/\/archive.sana.sy\/tr\/index.php?rest_route=\/wp\/v2\/media\/29774"}],"wp:attachment":[{"href":"https:\/\/archive.sana.sy\/tr\/index.php?rest_route=%2Fwp%2Fv2%2Fmedia&parent=29770"}],"wp:term":[{"taxonomy":"category","embeddable":true,"href":"https:\/\/archive.sana.sy\/tr\/index.php?rest_route=%2Fwp%2Fv2%2Fcategories&post=29770"},{"taxonomy":"post_tag","embeddable":true,"href":"https:\/\/archive.sana.sy\/tr\/index.php?rest_route=%2Fwp%2Fv2%2Ftags&post=29770"}],"curies":[{"name":"wp","href":"https:\/\/api.w.org\/{rel}","templated":true}]}}