{"id":297731,"date":"2024-02-27T12:27:57","date_gmt":"2024-02-27T09:27:57","guid":{"rendered":"https:\/\/sana.sy\/tr\/?p=297731"},"modified":"2024-02-28T08:06:47","modified_gmt":"2024-02-28T05:06:47","slug":"filistin-egitim-bakanligi-isgalin-gazze-seridine-saldirmaya-baslamasindan-bu-yana-5-427-ogrenci-sehit-oldu","status":"publish","type":"post","link":"https:\/\/archive.sana.sy\/tr\/?p=297731","title":{"rendered":"Filistin E\u011fitim Bakanl\u0131\u011f\u0131: \u0130\u015fgalin Gazze \u015eeridi&#8217;ne Sald\u0131rmaya Ba\u015flamas\u0131ndan Bu Yana 5.427 \u00d6\u011frenci \u015eehit Oldu"},"content":{"rendered":"<p style=\"text-align: justify;\"><strong>\u0130\u015eGAL ED\u0130LEN KUD\u00dcS 27 \u015eUBAT (SANA) &#8211;<\/strong>\u00a0 Filistin E\u011fitim Bakanl\u0131\u011f\u0131, \u0130srail i\u015fgalinin 7 Ekim&#8217;den itibaren Gazze \u015eeridi&#8217;ne y\u00f6nelik sald\u0131r\u0131lar\u0131na ba\u015flamas\u0131ndan bu yana Gazze \u015eeridi ve Bat\u0131 \u015eeria&#8217;da 5 bin 427 \u00f6\u011frencinin \u015fehit oldu\u011funu, 9 bin 193 \u00f6\u011frencinin de yaraland\u0131\u011f\u0131n\u0131 duyurdu.<\/p>\n<p style=\"text-align: justify;\">E\u011fitim \u00a0Bakanl\u0131\u011f\u0131, bug\u00fcn Wafa Ajans\u0131 taraf\u0131ndan yap\u0131lan bir a\u00e7\u0131klamada, \u2018\u2019Sald\u0131r\u0131n\u0131n ba\u015flang\u0131c\u0131ndan bu yana Gazze \u015eeridi&#8217;nde \u015fehit olan \u00f6\u011frenci say\u0131s\u0131 5 bin 379&#8217;a, yaralanan \u00f6\u011frenci say\u0131s\u0131 8 bin 888&#8217;e ula\u015f\u0131rken, Bat\u0131 \u015eeria&#8217;da 48 \u00f6\u011frenci \u015fehit oldu, 305 \u00f6\u011frenci yaraland\u0131, 97 ki\u015fi tutukland\u0131\u2019\u2019 diyerek, \u00a0Gazze \u015eeridi&#8217;nde 255 ki\u015finin \u00f6ld\u00fc\u011f\u00fcn\u00fc, 91 \u00f6\u011fretmen ve y\u00f6neticinin yaraland\u0131\u011f\u0131n\u0131, 6&#8217;s\u0131n\u0131n yaraland\u0131\u011f\u0131n\u0131, Bat\u0131 \u015eeria&#8217;da ise 73 ki\u015finin tutukland\u0131\u011f\u0131n\u0131 kaydetti.<\/p>\n<p style=\"text-align: justify;\">E\u011fitim Bakanl\u0131\u011f\u0131 ayr\u0131ca, \u2018\u2019 Gazze \u015eeridi&#8217;nde 65 UNRWA okulu da dahil olmak \u00fczere 351 okul bombaland\u0131 ve tahrip edildi. Bu durum 40 okulun tamamen y\u0131k\u0131lmas\u0131na ve 111 okulun a\u011f\u0131r hasar g\u00f6rmesine yol a\u00e7arken, Bat\u0131 \u015eeria&#8217;daki 57 okul da bas\u0131larak tahrip edildi\u2019\u2019 ifadelerini s\u00f6zlerine ekledi.<\/p>\n<p style=\"text-align: justify;\">E\u011fitim Bakanl\u0131\u011f\u0131 a\u00e7\u0131klamas\u0131nda da, sald\u0131r\u0131lar\u0131n ba\u015flang\u0131c\u0131ndan bu yana Gazze \u015eeridi&#8217;nde 620.000 \u00f6\u011frencinin h\u00e2l\u00e2 okullar\u0131na kay\u0131t yapt\u0131rmaktan mahrum kald\u0131\u011f\u0131n\u0131, \u00f6\u011frencilerin \u00e7o\u011funun psikolojik travma ya\u015fad\u0131\u011f\u0131n\u0131 ve zor sa\u011fl\u0131k ko\u015fullar\u0131yla kar\u015f\u0131 kar\u015f\u0131ya oldu\u011funu belirtti.<\/p>\n<p style=\"text-align: center;\"><strong><a href=\"https:\/\/t.me\/SuriyeArapHaberAjansI\">Telegram Kanal\u0131m\u0131z\u00a0<\/a>||<a href=\"https:\/\/twitter.com\/arap_ajans\">X Platformumuz\u00a0<\/a>||<a href=\"https:\/\/www.facebook.com\/SANAHaberAjansi\/\">Facebook Sayfam\u0131z<\/a><\/strong><\/p>\n","protected":false},"excerpt":{"rendered":"<p>\u0130\u015eGAL ED\u0130LEN KUD\u00dcS 27 \u015eUBAT (SANA) &#8211;\u00a0 Filistin E\u011fitim Bakanl\u0131\u011f\u0131, \u0130srail i\u015fgalinin 7 Ekim&#8217;den itibaren Gazze \u015eeridi&#8217;ne y\u00f6nelik sald\u0131r\u0131lar\u0131na ba\u015flamas\u0131ndan bu yana Gazze \u015eeridi ve Bat\u0131 \u015eeria&#8217;da 5 bin 427 \u00f6\u011frencinin \u015fehit oldu\u011funu, 9 bin 193 \u00f6\u011frencinin de yaraland\u0131\u011f\u0131n\u0131 duyurdu. E\u011fitim \u00a0Bakanl\u0131\u011f\u0131, bug\u00fcn Wafa Ajans\u0131 taraf\u0131ndan yap\u0131lan bir a\u00e7\u0131klamada, \u2018\u2019Sald\u0131r\u0131n\u0131n ba\u015flang\u0131c\u0131ndan bu yana Gazze \u015eeridi&#8217;nde &hellip;<\/p>\n","protected":false},"author":41,"featured_media":297732,"comment_status":"closed","ping_status":"closed","sticky":false,"template":"","format":"standard","meta":{"footnotes":""},"categories":[458,459,17988],"tags":[40941],"class_list":["post-297731","post","type-post","status-publish","format-standard","has-post-thumbnail","","category-dunya1","category-haberler-arap-uluslararasi-politika","category-son-haberler","tag-filistin-egitim-bakanligi-isgalin-gazze-seridine-saldirmaya-baslamasindan-bu-yana-5-427-ogrenci-sehit-oldu"],"_links":{"self":[{"href":"https:\/\/archive.sana.sy\/tr\/index.php?rest_route=\/wp\/v2\/posts\/297731","targetHints":{"allow":["GET"]}}],"collection":[{"href":"https:\/\/archive.sana.sy\/tr\/index.php?rest_route=\/wp\/v2\/posts"}],"about":[{"href":"https:\/\/archive.sana.sy\/tr\/index.php?rest_route=\/wp\/v2\/types\/post"}],"author":[{"embeddable":true,"href":"https:\/\/archive.sana.sy\/tr\/index.php?rest_route=\/wp\/v2\/users\/41"}],"replies":[{"embeddable":true,"href":"https:\/\/archive.sana.sy\/tr\/index.php?rest_route=%2Fwp%2Fv2%2Fcomments&post=297731"}],"version-history":[{"count":1,"href":"https:\/\/archive.sana.sy\/tr\/index.php?rest_route=\/wp\/v2\/posts\/297731\/revisions"}],"predecessor-version":[{"id":297733,"href":"https:\/\/archive.sana.sy\/tr\/index.php?rest_route=\/wp\/v2\/posts\/297731\/revisions\/297733"}],"wp:featuredmedia":[{"embeddable":true,"href":"https:\/\/archive.sana.sy\/tr\/index.php?rest_route=\/wp\/v2\/media\/297732"}],"wp:attachment":[{"href":"https:\/\/archive.sana.sy\/tr\/index.php?rest_route=%2Fwp%2Fv2%2Fmedia&parent=297731"}],"wp:term":[{"taxonomy":"category","embeddable":true,"href":"https:\/\/archive.sana.sy\/tr\/index.php?rest_route=%2Fwp%2Fv2%2Fcategories&post=297731"},{"taxonomy":"post_tag","embeddable":true,"href":"https:\/\/archive.sana.sy\/tr\/index.php?rest_route=%2Fwp%2Fv2%2Ftags&post=297731"}],"curies":[{"name":"wp","href":"https:\/\/api.w.org\/{rel}","templated":true}]}}