{"id":297846,"date":"2024-02-29T13:22:39","date_gmt":"2024-02-29T10:22:39","guid":{"rendered":"https:\/\/sana.sy\/tr\/?p=297846"},"modified":"2024-03-03T12:06:37","modified_gmt":"2024-03-03T09:06:37","slug":"tarim-bakani-irakli-bir-tarim-heyetiyle-iki-ulke-arasindaki-tarimsal-isbirliginin-gelistirilmesini-gorustu","status":"publish","type":"post","link":"https:\/\/archive.sana.sy\/tr\/?p=297846","title":{"rendered":"Tar\u0131m Bakan\u0131, Irakl\u0131 Bir Tar\u0131m Heyetiyle \u0130ki \u00dclke Aras\u0131ndaki Tar\u0131msal \u0130\u015fbirli\u011finin Geli\u015ftirilmesini G\u00f6r\u00fc\u015ft\u00fc"},"content":{"rendered":"<p><strong>\u015eAM 28 \u015eUBAT 2024 (SANA) \u2013\u00a0 <\/strong>Bug\u00fcn Tar\u0131m Bakan\u0131 M\u00fch. Muhammad Hassan Katna, Irak&#8217;taki Tar\u0131m Birlikleri Genel Birli\u011fi&#8217;nden bir heyetle, Birlik Ba\u015fkan Yard\u0131mc\u0131s\u0131 Shaalan Shia ba\u015fkanl\u0131\u011f\u0131nda, iki \u00fclkedeki \u00e7ift\u00e7ilere hizmet etmek ve \u00fcretimin art\u0131r\u0131lmas\u0131na ve \u00fcr\u00fcn al\u0131\u015fveri\u015fine katk\u0131da bulunmak i\u00e7in tar\u0131m alan\u0131nda i\u015fbirli\u011fi yollar\u0131n\u0131 g\u00f6r\u00fc\u015ft\u00fc.<\/p>\n<p>Bakan Katana, \u00c7ift\u00e7iler Birli\u011finin tar\u0131m sekt\u00f6r\u00fcn\u00fcn y\u00f6netilmesinde, tar\u0131m planlar\u0131n\u0131n uygulanmas\u0131nda ve \u00e7ift\u00e7ilerle \u00e7al\u0131\u015fmalar\u0131n organize edilmesinde \u00f6nemli bir ortak oldu\u011funa dikkat \u00e7ekerek, krizlerle y\u00fczle\u015fmek i\u00e7in t\u00fcm Arap \u00fclkeleri aras\u0131nda tar\u0131msal i\u015fbirli\u011fini geli\u015ftirmenin ve Arap g\u0131da g\u00fcvenli\u011fini sa\u011flamak i\u00e7in mevcut t\u00fcm kaynaklara yat\u0131r\u0131m yapman\u0131n \u00f6nemine i\u015faret etti.<\/p>\n<p>Tar\u0131m Bakan\u0131, Suriye ile Irak aras\u0131nda, \u00f6zellikle Suriye, Irak, \u00dcrd\u00fcn ve L\u00fcbnan Tar\u0131m Bakanlar\u0131n\u0131n d\u00f6rtl\u00fc toplant\u0131s\u0131 sonucu ortaya \u00e7\u0131kan i\u015f birli\u011fi anla\u015fmalar\u0131na ve sonras\u0131nda di\u011fer alanlarda yap\u0131lan anla\u015fmalara, sa\u011flad\u0131klar\u0131 kolayl\u0131klara, ve bunlar\u0131n iki \u00fclkenin \u00e7\u0131karlar\u0131na hizmet edecek \u015fekilde uygulanmas\u0131n\u0131n takibine de\u011findi.<\/p>\n<p>Bakan Katana, ticaret al\u0131\u015fveri\u015finin her \u00fclkenin ihtiya\u00e7lar\u0131na g\u00f6re tar\u0131m \u00fcr\u00fcnlerini, \u00fcretim gerekliliklerini ve di\u011ferlerini kapsayacak \u015fekilde geni\u015fletilmesi gerekti\u011fini a\u00e7\u0131klad\u0131.<\/p>\n<p>Buna kar\u015f\u0131l\u0131k Irak tar\u0131m heyeti ba\u015fkan\u0131, Suriye ile Irak aras\u0131nda tar\u0131m bakanlar\u0131 ve \u00e7ift\u00e7i birlikleri d\u00fczeyinde mevcut tar\u0131msal i\u015fbirli\u011fini ve iki \u00fclkedeki \u00e7ift\u00e7iler i\u00e7in istikrar\u0131 sa\u011flamak ve \u00fcretimi art\u0131rmak i\u00e7in bunun geli\u015ftirilmesinin \u00f6nemini belirtirken, Irak Tar\u0131m Dernekleri Federasyonu&#8217;nun bu ama\u00e7la gerekeni sa\u011flamaya haz\u0131r oldu\u011funa dikkat \u00e7ekti.<\/p>\n<p style=\"text-align: center;\"><strong><a href=\"https:\/\/t.me\/SuriyeArapHaberAjansI\">Telegram Kanal\u0131m\u0131z\u00a0<\/a>||<a href=\"https:\/\/twitter.com\/arap_ajans\">X Platformumuz\u00a0<\/a>||<a href=\"https:\/\/www.facebook.com\/SANAHaberAjansi\/\">Facebook Sayfam\u0131z<\/a><\/strong><\/p>\n","protected":false},"excerpt":{"rendered":"<p>\u015eAM 28 \u015eUBAT 2024 (SANA) \u2013\u00a0 Bug\u00fcn Tar\u0131m Bakan\u0131 M\u00fch. Muhammad Hassan Katna, Irak&#8217;taki Tar\u0131m Birlikleri Genel Birli\u011fi&#8217;nden bir heyetle, Birlik Ba\u015fkan Yard\u0131mc\u0131s\u0131 Shaalan Shia ba\u015fkanl\u0131\u011f\u0131nda, iki \u00fclkedeki \u00e7ift\u00e7ilere hizmet etmek ve \u00fcretimin art\u0131r\u0131lmas\u0131na ve \u00fcr\u00fcn al\u0131\u015fveri\u015fine katk\u0131da bulunmak i\u00e7in tar\u0131m alan\u0131nda i\u015fbirli\u011fi yollar\u0131n\u0131 g\u00f6r\u00fc\u015ft\u00fc. Bakan Katana, \u00c7ift\u00e7iler Birli\u011finin tar\u0131m sekt\u00f6r\u00fcn\u00fcn y\u00f6netilmesinde, tar\u0131m planlar\u0131n\u0131n uygulanmas\u0131nda &hellip;<\/p>\n","protected":false},"author":36,"featured_media":297847,"comment_status":"closed","ping_status":"closed","sticky":false,"template":"","format":"standard","meta":{"footnotes":""},"categories":[479,17988,478],"tags":[],"class_list":["post-297846","post","type-post","status-publish","format-standard","has-post-thumbnail","","category-haberler-yerel","category-son-haberler","category-yerel"],"_links":{"self":[{"href":"https:\/\/archive.sana.sy\/tr\/index.php?rest_route=\/wp\/v2\/posts\/297846","targetHints":{"allow":["GET"]}}],"collection":[{"href":"https:\/\/archive.sana.sy\/tr\/index.php?rest_route=\/wp\/v2\/posts"}],"about":[{"href":"https:\/\/archive.sana.sy\/tr\/index.php?rest_route=\/wp\/v2\/types\/post"}],"author":[{"embeddable":true,"href":"https:\/\/archive.sana.sy\/tr\/index.php?rest_route=\/wp\/v2\/users\/36"}],"replies":[{"embeddable":true,"href":"https:\/\/archive.sana.sy\/tr\/index.php?rest_route=%2Fwp%2Fv2%2Fcomments&post=297846"}],"version-history":[{"count":1,"href":"https:\/\/archive.sana.sy\/tr\/index.php?rest_route=\/wp\/v2\/posts\/297846\/revisions"}],"predecessor-version":[{"id":297848,"href":"https:\/\/archive.sana.sy\/tr\/index.php?rest_route=\/wp\/v2\/posts\/297846\/revisions\/297848"}],"wp:featuredmedia":[{"embeddable":true,"href":"https:\/\/archive.sana.sy\/tr\/index.php?rest_route=\/wp\/v2\/media\/297847"}],"wp:attachment":[{"href":"https:\/\/archive.sana.sy\/tr\/index.php?rest_route=%2Fwp%2Fv2%2Fmedia&parent=297846"}],"wp:term":[{"taxonomy":"category","embeddable":true,"href":"https:\/\/archive.sana.sy\/tr\/index.php?rest_route=%2Fwp%2Fv2%2Fcategories&post=297846"},{"taxonomy":"post_tag","embeddable":true,"href":"https:\/\/archive.sana.sy\/tr\/index.php?rest_route=%2Fwp%2Fv2%2Ftags&post=297846"}],"curies":[{"name":"wp","href":"https:\/\/api.w.org\/{rel}","templated":true}]}}