{"id":297851,"date":"2024-02-29T15:17:10","date_gmt":"2024-02-29T12:17:10","guid":{"rendered":"https:\/\/sana.sy\/tr\/?p=297851"},"modified":"2024-03-03T12:06:40","modified_gmt":"2024-03-03T09:06:40","slug":"arnustan-bae-buyukelcisine-ikili-isbirliginin-guclendirilmesi-ve-bir-dizi-hayati-sektorde-yeni-ufuklar-acilmasi","status":"publish","type":"post","link":"https:\/\/archive.sana.sy\/tr\/?p=297851","title":{"rendered":"Arnus&#8217;tan BAE B\u00fcy\u00fckel\u00e7isine: \u0130kili \u0130\u015fbirli\u011finin G\u00fc\u00e7lendirilmesi ve Bir Dizi Hayati Sekt\u00f6rde Yeni Ufuklar A\u00e7\u0131lmas\u0131"},"content":{"rendered":"<p style=\"text-align: justify;\"><strong>\u015eAM 29 \u015eUBAT (SANA) &#8211;<\/strong> \u00a0Ba\u015fbakan H\u00fcseyin Arnus bug\u00fcn Birle\u015fik Arap Emirlikleri&#8217;nin \u015eam B\u00fcy\u00fckel\u00e7isi Hasan Ahmed El \u015eihhi ile bir araya geldi.<\/p>\n<p style=\"text-align: justify;\">Taraflar, iki karde\u015f \u00fclke ve halklar aras\u0131ndaki se\u00e7kin tarihi ili\u015fkilerin derinli\u011fini ve ikili i\u015fbirli\u011fini geli\u015ftirmek i\u00e7in bunlar\u0131n \u00fczerine in\u015fa edilmesinin gereklili\u011fini vurgulad\u0131lar.<img decoding=\"async\" class=\"alignright\" src=\"http:\/\/sana.sy\/wp-content\/uploads\/2024\/02\/DHS09006-copy-300x203.jpg\" \/><\/p>\n<p style=\"text-align: justify;\">Ba\u015fbakan, Suriye h\u00fck\u00fcmetinin ekonomik sekt\u00f6r\u00fc, \u00f6zellikle de vatanda\u015flar\u0131n ya\u015fam standard\u0131n\u0131 etkileyen \u00f6ncelikli sekt\u00f6rleri canland\u0131rmak i\u00e7in neler yapt\u0131\u011f\u0131na dikkat \u00e7ekti.<\/p>\n<p style=\"text-align: justify;\">Ba\u015fbaka Arnus ayr\u0131ca, Suriye&#8217;nin sahip oldu\u011fu ekonomik, end\u00fcstriyel ve tar\u0131msal potansiyele, geni\u015f yat\u0131r\u0131m f\u0131rsatlar\u0131na ve vas\u0131fl\u0131 i\u015f g\u00fcc\u00fcne de de\u011finerek, \u00a0Y\u00f6netim, y\u00f6neti\u015fim ve \u00e7e\u015fitli sekt\u00f6rlerde her iki taraf\u0131n uzmanl\u0131k aktar\u0131m\u0131 da dahil olmak \u00fczere ortak \u00e7al\u0131\u015fmay\u0131 te\u015fvik etmeye ba\u015flayabilece\u011fimiz bir\u00e7ok ortak noktan\u0131n bulundu\u011funu ifadeb\u00a0 etti.<img decoding=\"async\" class=\"alignright\" src=\"http:\/\/sana.sy\/wp-content\/uploads\/2024\/02\/DHS08991-copy-300x162.jpg\" \/><\/p>\n<p style=\"text-align: justify;\">Arnus g\u00f6\u00fc\u015fmede, BAE&#8217;nin deprem felaketiyle y\u00fczle\u015fmede Suriye halk\u0131n\u0131n yan\u0131nda durmas\u0131n\u0131 ve etkilenenlere insani ve yard\u0131m yard\u0131m\u0131 sa\u011flamas\u0131n\u0131 takdir etti\u011fini ifade ederken,\u00a0 Suriye halk\u0131n\u0131n, depremin yans\u0131malar\u0131yla y\u00fczle\u015fmede kendilerine ger\u00e7ek destek ve yard\u0131m sa\u011flayan karde\u015f ve dostlar\u0131n\u0131n tutumlar\u0131n\u0131 unutmayaca\u011f\u0131n\u0131 da kaydetti.<\/p>\n<p style=\"text-align: justify;\">BAE b\u00fcy\u00fckel\u00e7isi ise ikili i\u015f birli\u011fini geli\u015ftirme ve iki karde\u015f \u00fclkenin yarar\u0131na tarihi ili\u015fkiler geli\u015ftirme arzusunu dile getirirken, \u00c7evre, iklim, su ve iki \u00fclkenin ve iki karde\u015f halk\u0131n ortak \u00e7\u0131karlar\u0131na hizmet eden di\u011fer alanlarda i\u015fbirli\u011fi olanaklar\u0131na i\u015faret etti.<\/p>\n<p style=\"text-align: center;\"><strong><a href=\"https:\/\/t.me\/SuriyeArapHaberAjansI\">Telegram Kanal\u0131m\u0131z\u00a0<\/a>||<a href=\"https:\/\/twitter.com\/arap_ajans\">X Platformumuz\u00a0<\/a>||<a href=\"https:\/\/www.facebook.com\/SANAHaberAjansi\/\">Facebook Sayfam\u0131z<\/a><\/strong><\/p>\n<p>&nbsp;<\/p>\n","protected":false},"excerpt":{"rendered":"<p>\u015eAM 29 \u015eUBAT (SANA) &#8211; \u00a0Ba\u015fbakan H\u00fcseyin Arnus bug\u00fcn Birle\u015fik Arap Emirlikleri&#8217;nin \u015eam B\u00fcy\u00fckel\u00e7isi Hasan Ahmed El \u015eihhi ile bir araya geldi. Taraflar, iki karde\u015f \u00fclke ve halklar aras\u0131ndaki se\u00e7kin tarihi ili\u015fkilerin derinli\u011fini ve ikili i\u015fbirli\u011fini geli\u015ftirmek i\u00e7in bunlar\u0131n \u00fczerine in\u015fa edilmesinin gereklili\u011fini vurgulad\u0131lar. Ba\u015fbakan, Suriye h\u00fck\u00fcmetinin ekonomik sekt\u00f6r\u00fc, \u00f6zellikle de vatanda\u015flar\u0131n ya\u015fam standard\u0131n\u0131 etkileyen &hellip;<\/p>\n","protected":false},"author":1,"featured_media":297852,"comment_status":"closed","ping_status":"closed","sticky":false,"template":"","format":"standard","meta":{"footnotes":""},"categories":[479,17988,478],"tags":[],"class_list":["post-297851","post","type-post","status-publish","format-standard","has-post-thumbnail","","category-haberler-yerel","category-son-haberler","category-yerel"],"_links":{"self":[{"href":"https:\/\/archive.sana.sy\/tr\/index.php?rest_route=\/wp\/v2\/posts\/297851","targetHints":{"allow":["GET"]}}],"collection":[{"href":"https:\/\/archive.sana.sy\/tr\/index.php?rest_route=\/wp\/v2\/posts"}],"about":[{"href":"https:\/\/archive.sana.sy\/tr\/index.php?rest_route=\/wp\/v2\/types\/post"}],"author":[{"embeddable":true,"href":"https:\/\/archive.sana.sy\/tr\/index.php?rest_route=\/wp\/v2\/users\/1"}],"replies":[{"embeddable":true,"href":"https:\/\/archive.sana.sy\/tr\/index.php?rest_route=%2Fwp%2Fv2%2Fcomments&post=297851"}],"version-history":[{"count":2,"href":"https:\/\/archive.sana.sy\/tr\/index.php?rest_route=\/wp\/v2\/posts\/297851\/revisions"}],"predecessor-version":[{"id":297901,"href":"https:\/\/archive.sana.sy\/tr\/index.php?rest_route=\/wp\/v2\/posts\/297851\/revisions\/297901"}],"wp:featuredmedia":[{"embeddable":true,"href":"https:\/\/archive.sana.sy\/tr\/index.php?rest_route=\/wp\/v2\/media\/297852"}],"wp:attachment":[{"href":"https:\/\/archive.sana.sy\/tr\/index.php?rest_route=%2Fwp%2Fv2%2Fmedia&parent=297851"}],"wp:term":[{"taxonomy":"category","embeddable":true,"href":"https:\/\/archive.sana.sy\/tr\/index.php?rest_route=%2Fwp%2Fv2%2Fcategories&post=297851"},{"taxonomy":"post_tag","embeddable":true,"href":"https:\/\/archive.sana.sy\/tr\/index.php?rest_route=%2Fwp%2Fv2%2Ftags&post=297851"}],"curies":[{"name":"wp","href":"https:\/\/api.w.org\/{rel}","templated":true}]}}