{"id":297854,"date":"2024-02-29T15:24:17","date_gmt":"2024-02-29T12:24:17","guid":{"rendered":"https:\/\/sana.sy\/tr\/?p=297854"},"modified":"2024-03-03T12:06:46","modified_gmt":"2024-03-03T09:06:46","slug":"gazze-seridinde-son-24-saatte-yasanan-isgal-katliamlari-sonucu-81-sehit","status":"publish","type":"post","link":"https:\/\/archive.sana.sy\/tr\/?p=297854","title":{"rendered":"Gazze \u015eeridi&#8217;nde Son 24 Saatte Ya\u015fanan \u0130\u015fgal Katliamlar\u0131 Sonucu 81 \u015eehit"},"content":{"rendered":"<p style=\"text-align: justify;\"><strong>\u0130\u015eGAL ED\u0130LEN KUD\u00dcS 29 \u015eUBAT (SANA)<\/strong> &#8211;\u00a0 Filistin Sa\u011fl\u0131k Bakanl\u0131\u011f\u0131, \u0130srail i\u015fgalinin Gazze \u015eeridi&#8217;nde son 24 saatte 9 katliam ger\u00e7ekle\u015ftirdi\u011fini, 81 \u015fehit ve 132 yaral\u0131n\u0131n kald\u0131\u011f\u0131n\u0131 duyurdu.<\/p>\n<p style=\"text-align: justify;\">Bakanl\u0131k bug\u00fcn yapt\u0131\u011f\u0131 a\u00e7\u0131klamada, \u00a0Gazze \u015eeridi&#8217;nde 146&#8217;nc\u0131 g\u00fcn\u00fcnde devam eden i\u015fgal sald\u0131r\u0131s\u0131n\u0131n kurban say\u0131s\u0131 30 bin 35 \u015fehit ve 70 bin 457 yaral\u0131ya y\u00fckselirken, \u00e7ok say\u0131da ma\u011fdur ise halen enkaz alt\u0131nda ve yollarda bulunuyor. \u0130\u015fgal, ambulans ve sivil savunma ekiplerinin kendilerine ula\u015fmas\u0131n\u0131 engelliyor&#8221; dedi.<\/p>\n<p style=\"text-align: justify;\">Bakanl\u0131k ayr\u0131ca, &#8221;\u0130\u015fgal, kuzey Gazze&#8217;de 700.000 Filistinliyi hem hedef alarak hem de a\u00e7 b\u0131rakarak sistematik katliamlar ger\u00e7ekle\u015ftiriyor&#8221; diyerek, \u00a0i\u015fgalin bug\u00fcn Gazze \u015eehri&#8217;ndeki Al-Rashid Caddesi&#8217;ndeki Nabulsi D\u00f6ner Kav\u015fa\u011f\u0131&#8217;nda ger\u00e7ekle\u015ftirdi\u011fi katliam\u0131n, Filistin halk\u0131na y\u00f6nelik soyk\u0131r\u0131m serisinde yeni bir de\u011fi\u015fim olu\u015fturdu\u011funa dikkat \u00e7ekti.<\/p>\n<p style=\"text-align: justify;\">Bakanl\u0131k, Gazze \u015eehri&#8217;ndeki El \u015eifa T\u0131p Kompleksi&#8217;ndeki sa\u011fl\u0131k personelinin, \u0130srail ku\u015fatmas\u0131 nedeniyle t\u0131bbi ve insani kapasitenin zay\u0131f olmas\u0131 nedeniyle buraya gelen yaralanmalar\u0131n hacmi ve t\u00fcr\u00fcyle ba\u015f edemedi\u011fini \u00a0da kaydetti.<\/p>\n<p style=\"text-align: justify;\">Sa\u011fl\u0131k Bakanl\u0131\u011f\u0131 da, uluslararas\u0131 topluma, i\u015fgalin Gazze&#8217;deki Filistin halk\u0131na kar\u015f\u0131 Amerika ve Avrupa&#8217;n\u0131n deste\u011fiyle y\u00fcr\u00fctt\u00fc\u011f\u00fc soyk\u0131r\u0131m sava\u015f\u0131n\u0131 durdurma ve t\u0131bbi ve insani yard\u0131m ile yak\u0131t\u0131n Gazze \u015eeridi&#8217;nin kuzeyine ula\u015fmas\u0131na olanak tan\u0131yan g\u00fcvenli bir insani koridor sa\u011flama \u00e7a\u011fr\u0131s\u0131nda bulundu.<\/p>\n<p style=\"text-align: center;\"><strong><a href=\"https:\/\/t.me\/SuriyeArapHaberAjansI\">Telegram Kanal\u0131m\u0131z\u00a0<\/a>||<a href=\"https:\/\/twitter.com\/arap_ajans\">X Platformumuz\u00a0<\/a>||<a href=\"https:\/\/www.facebook.com\/SANAHaberAjansi\/\">Facebook Sayfam\u0131z<\/a><\/strong><\/p>\n","protected":false},"excerpt":{"rendered":"<p>\u0130\u015eGAL ED\u0130LEN KUD\u00dcS 29 \u015eUBAT (SANA) &#8211;\u00a0 Filistin Sa\u011fl\u0131k Bakanl\u0131\u011f\u0131, \u0130srail i\u015fgalinin Gazze \u015eeridi&#8217;nde son 24 saatte 9 katliam ger\u00e7ekle\u015ftirdi\u011fini, 81 \u015fehit ve 132 yaral\u0131n\u0131n kald\u0131\u011f\u0131n\u0131 duyurdu. Bakanl\u0131k bug\u00fcn yapt\u0131\u011f\u0131 a\u00e7\u0131klamada, \u00a0Gazze \u015eeridi&#8217;nde 146&#8217;nc\u0131 g\u00fcn\u00fcnde devam eden i\u015fgal sald\u0131r\u0131s\u0131n\u0131n kurban say\u0131s\u0131 30 bin 35 \u015fehit ve 70 bin 457 yaral\u0131ya y\u00fckselirken, \u00e7ok say\u0131da ma\u011fdur ise &hellip;<\/p>\n","protected":false},"author":1,"featured_media":297856,"comment_status":"closed","ping_status":"closed","sticky":false,"template":"","format":"standard","meta":{"footnotes":""},"categories":[458,459,17988],"tags":[],"class_list":["post-297854","post","type-post","status-publish","format-standard","has-post-thumbnail","","category-dunya1","category-haberler-arap-uluslararasi-politika","category-son-haberler"],"_links":{"self":[{"href":"https:\/\/archive.sana.sy\/tr\/index.php?rest_route=\/wp\/v2\/posts\/297854","targetHints":{"allow":["GET"]}}],"collection":[{"href":"https:\/\/archive.sana.sy\/tr\/index.php?rest_route=\/wp\/v2\/posts"}],"about":[{"href":"https:\/\/archive.sana.sy\/tr\/index.php?rest_route=\/wp\/v2\/types\/post"}],"author":[{"embeddable":true,"href":"https:\/\/archive.sana.sy\/tr\/index.php?rest_route=\/wp\/v2\/users\/1"}],"replies":[{"embeddable":true,"href":"https:\/\/archive.sana.sy\/tr\/index.php?rest_route=%2Fwp%2Fv2%2Fcomments&post=297854"}],"version-history":[{"count":2,"href":"https:\/\/archive.sana.sy\/tr\/index.php?rest_route=\/wp\/v2\/posts\/297854\/revisions"}],"predecessor-version":[{"id":297857,"href":"https:\/\/archive.sana.sy\/tr\/index.php?rest_route=\/wp\/v2\/posts\/297854\/revisions\/297857"}],"wp:featuredmedia":[{"embeddable":true,"href":"https:\/\/archive.sana.sy\/tr\/index.php?rest_route=\/wp\/v2\/media\/297856"}],"wp:attachment":[{"href":"https:\/\/archive.sana.sy\/tr\/index.php?rest_route=%2Fwp%2Fv2%2Fmedia&parent=297854"}],"wp:term":[{"taxonomy":"category","embeddable":true,"href":"https:\/\/archive.sana.sy\/tr\/index.php?rest_route=%2Fwp%2Fv2%2Fcategories&post=297854"},{"taxonomy":"post_tag","embeddable":true,"href":"https:\/\/archive.sana.sy\/tr\/index.php?rest_route=%2Fwp%2Fv2%2Ftags&post=297854"}],"curies":[{"name":"wp","href":"https:\/\/api.w.org\/{rel}","templated":true}]}}