{"id":297888,"date":"2024-02-29T23:36:24","date_gmt":"2024-02-29T20:36:24","guid":{"rendered":"https:\/\/sana.sy\/tr\/?p=297888"},"modified":"2024-03-03T12:06:50","modified_gmt":"2024-03-03T09:06:50","slug":"sabbaghdan-bae-buyukelcisine-ikili-iliskilerin-ozellikle-parlamento-duzeyinde-guclendirilmesinin-gerekliligi","status":"publish","type":"post","link":"https:\/\/archive.sana.sy\/tr\/?p=297888","title":{"rendered":"Sabbagh&#8217;dan BAE B\u00fcy\u00fckel\u00e7isine: \u0130kili \u0130li\u015fkilerin \u00d6zellikle Parlamento D\u00fczeyinde G\u00fc\u00e7lendirilmesinin Gereklili\u011fi"},"content":{"rendered":"<p style=\"text-align: justify;\"><strong>\u015eAM 01 MART (SANA) &#8211;<\/strong> Halk Meclisi Ba\u015fkan\u0131 Hammuda Sabba\u011f, bug\u00fcn Birle\u015fik Arap Emirlikleri&#8217;nin \u015eam&#8217;daki <img loading=\"lazy\" decoding=\"async\" class=\"size-full wp-image-297890 alignright\" src=\"http:\/\/sana.sy\/tr\/wp-content\/uploads\/2024\/03\/DSC_1064-copy-1-300x218-1.jpg\" alt=\"\" width=\"300\" height=\"218\" \/>Ola\u011fan\u00fcst\u00fc ve Tam Yetkili B\u00fcy\u00fckel\u00e7isi Hasan Ahmed El \u015eihhi ile yapt\u0131\u011f\u0131 g\u00f6r\u00fc\u015fmede, Suriye-BAE ili\u015fkilerinin g\u00fcc\u00fcn\u00fc ve derinli\u011fini ve bunlar\u0131n t\u00fcm alanlardaki geli\u015fimini vurgulad\u0131.<\/p>\n<p style=\"text-align: justify;\">G\u00f6r\u00fc\u015fmede Sabba\u011f, iki karde\u015f \u00fclke aras\u0131ndaki ikili ili\u015fkilerin g\u00fc\u00e7lendirilmesi, kar\u015f\u0131l\u0131kl\u0131 deneyimlerden yararlan\u0131lmas\u0131 ve \u00f6zellikle parlamento d\u00fczeyinde ortak \u00e7abalar\u0131n peki\u015ftirilmesinin gereklili\u011fini vurgularken, BAE&#8217;nin Suriye&#8217;ye devam eden insani deste\u011fini ve BAE Ulusal Konseyi&#8217;nin ili\u015fkileri ileriye ta\u015f\u0131yacak BAE-Suriye Parlamentolararas\u0131 Dostluk Komitesi&#8217;ni kurmas\u0131n\u0131 \u00f6vd\u00fc.<\/p>\n<p style=\"text-align: justify;\">B\u00fcy\u00fckel\u00e7i El \u015eihhi ise, Emirlik-Suriye ili\u015fkilerini her d\u00fczeyde geli\u015ftirmek i\u00e7in g\u00f6revleri s\u0131ras\u0131nda \u00e7ok \u00e7al\u0131\u015faca\u011f\u0131n\u0131 vurgulayarak, \u00fclkesinin Arap karde\u015flerle ili\u015fkilerine b\u00fcy\u00fck \u00f6nem verdi\u011fini, ortak Arap eylemini geli\u015ftirdi\u011fini ve t\u00fcm Arap \u00fclkelerinde g\u00fcvenlik ve istikrar\u0131 destekledi\u011fini belirtti.<\/p>\n<p style=\"text-align: justify;\">BAE&#8217;in \u015eam b\u00fcy\u00fckel\u00e7isi ayr\u0131ca, Suriye&#8217;nin Emirlikler i\u00e7in \u00f6zel bir \u00f6nceli\u011fe sahip oldu\u011funu a\u00e7\u0131klarken, iki \u00fclkenin ve genel olarak b\u00f6lgenin \u00e7\u0131karlar\u0131n\u0131n elde edilmesine katk\u0131da bulunacak \u015fekilde Suriye ile ikili ili\u015fkilerin geli\u015ftirilmesi ve uzmanl\u0131k ve deneyim al\u0131\u015fveri\u015finin yap\u0131lmas\u0131 konusundaki iyimserli\u011fini dile getirdi.<\/p>\n<p style=\"text-align: center;\"><strong><a href=\"https:\/\/t.me\/SuriyeArapHaberAjansI\">Telegram Kanal\u0131m\u0131z\u00a0<\/a>||<a href=\"https:\/\/twitter.com\/arap_ajans\">X Platformumuz\u00a0<\/a>||<a href=\"https:\/\/www.facebook.com\/SANAHaberAjansi\/\">Facebook Sayfam\u0131z<\/a><\/strong><\/p>\n","protected":false},"excerpt":{"rendered":"<p>\u015eAM 01 MART (SANA) &#8211; Halk Meclisi Ba\u015fkan\u0131 Hammuda Sabba\u011f, bug\u00fcn Birle\u015fik Arap Emirlikleri&#8217;nin \u015eam&#8217;daki Ola\u011fan\u00fcst\u00fc ve Tam Yetkili B\u00fcy\u00fckel\u00e7isi Hasan Ahmed El \u015eihhi ile yapt\u0131\u011f\u0131 g\u00f6r\u00fc\u015fmede, Suriye-BAE ili\u015fkilerinin g\u00fcc\u00fcn\u00fc ve derinli\u011fini ve bunlar\u0131n t\u00fcm alanlardaki geli\u015fimini vurgulad\u0131. G\u00f6r\u00fc\u015fmede Sabba\u011f, iki karde\u015f \u00fclke aras\u0131ndaki ikili ili\u015fkilerin g\u00fc\u00e7lendirilmesi, kar\u015f\u0131l\u0131kl\u0131 deneyimlerden yararlan\u0131lmas\u0131 ve \u00f6zellikle parlamento d\u00fczeyinde ortak &hellip;<\/p>\n","protected":false},"author":41,"featured_media":297889,"comment_status":"closed","ping_status":"closed","sticky":false,"template":"","format":"standard","meta":{"footnotes":""},"categories":[479,17988,478],"tags":[40952],"class_list":["post-297888","post","type-post","status-publish","format-standard","has-post-thumbnail","","category-haberler-yerel","category-son-haberler","category-yerel","tag-sabbaghdan-bae-buyukelcisine-ikili-iliskilerin-ozellikle-parlamento-duzeyinde-guclendirilmesinin-gerekliligi"],"_links":{"self":[{"href":"https:\/\/archive.sana.sy\/tr\/index.php?rest_route=\/wp\/v2\/posts\/297888","targetHints":{"allow":["GET"]}}],"collection":[{"href":"https:\/\/archive.sana.sy\/tr\/index.php?rest_route=\/wp\/v2\/posts"}],"about":[{"href":"https:\/\/archive.sana.sy\/tr\/index.php?rest_route=\/wp\/v2\/types\/post"}],"author":[{"embeddable":true,"href":"https:\/\/archive.sana.sy\/tr\/index.php?rest_route=\/wp\/v2\/users\/41"}],"replies":[{"embeddable":true,"href":"https:\/\/archive.sana.sy\/tr\/index.php?rest_route=%2Fwp%2Fv2%2Fcomments&post=297888"}],"version-history":[{"count":1,"href":"https:\/\/archive.sana.sy\/tr\/index.php?rest_route=\/wp\/v2\/posts\/297888\/revisions"}],"predecessor-version":[{"id":297891,"href":"https:\/\/archive.sana.sy\/tr\/index.php?rest_route=\/wp\/v2\/posts\/297888\/revisions\/297891"}],"wp:featuredmedia":[{"embeddable":true,"href":"https:\/\/archive.sana.sy\/tr\/index.php?rest_route=\/wp\/v2\/media\/297889"}],"wp:attachment":[{"href":"https:\/\/archive.sana.sy\/tr\/index.php?rest_route=%2Fwp%2Fv2%2Fmedia&parent=297888"}],"wp:term":[{"taxonomy":"category","embeddable":true,"href":"https:\/\/archive.sana.sy\/tr\/index.php?rest_route=%2Fwp%2Fv2%2Fcategories&post=297888"},{"taxonomy":"post_tag","embeddable":true,"href":"https:\/\/archive.sana.sy\/tr\/index.php?rest_route=%2Fwp%2Fv2%2Ftags&post=297888"}],"curies":[{"name":"wp","href":"https:\/\/api.w.org\/{rel}","templated":true}]}}