{"id":297948,"date":"2024-03-02T18:15:11","date_gmt":"2024-03-02T15:15:11","guid":{"rendered":"https:\/\/sana.sy\/tr\/?p=297948"},"modified":"2024-03-03T12:03:17","modified_gmt":"2024-03-03T09:03:17","slug":"ekonomik-komite-suriye-tarim-urunlerinin-dis-pazarlara-girisini-kolaylastirmak-icin-bir-dizi-oneri-gelistiriyor","status":"publish","type":"post","link":"https:\/\/archive.sana.sy\/tr\/?p=297948","title":{"rendered":"Ekonomik Komite, Suriye Tar\u0131m \u00dcr\u00fcnlerinin D\u0131\u015f Pazarlara Giri\u015fini Kolayla\u015ft\u0131rmak \u0130\u00e7in Bir Dizi \u00d6neri Geli\u015ftirdi"},"content":{"rendered":"<p style=\"text-align: justify;\"><strong>\u015eAM 02 MART (SANA) &#8211;<\/strong>\u00a0 Bakanlar Kurulu Ba\u015fkanl\u0131\u011f\u0131ndaki Ekonomik Komite, ihtiya\u00e7 fazlas\u0131 tar\u0131m \u00fcr\u00fcnlerinin ihra\u00e7 edilmesi ger\u00e7e\u011fini, bunlar\u0131n d\u0131\u015f pazarlara giri\u015finin \u00f6n\u00fcndeki engelleri ve tar\u0131msal \u00fcretimin durumuna olumlu yans\u0131yacak \u015fekilde miktarlar\u0131n\u0131n art\u0131r\u0131lmas\u0131n\u0131n yollar\u0131n\u0131 masaya yat\u0131rd\u0131.<\/p>\n<p style=\"text-align: justify;\">Ekonomi Komitesi, Suriye tar\u0131m ihracat\u0131n\u0131n kar\u015f\u0131la\u015ft\u0131\u011f\u0131 zorluklar\u0131n a\u015f\u0131lmas\u0131na y\u00f6nelik bir dizi \u00e7\u00f6z\u00fcm ve \u00f6neri sunarken, Ba\u015fbakan H\u00fcseyin Arnus, tar\u0131m \u00fcr\u00fcnlerinin ihracat s\u00fcrecinin \u00f6n\u00fcndeki engelleri ortadan kald\u0131rmak i\u00e7in \u00f6nerilerin uygulanmas\u0131 amac\u0131yla Tar\u0131m ve Tar\u0131m Reformu Bakanl\u0131\u011f\u0131&#8217;n\u0131n ilgili makamlarla takip yapmas\u0131n\u0131n g\u00f6revlendirilmesini i\u00e7eren komitenin tavsiyesini onaylad\u0131.<\/p>\n<p style=\"text-align: justify;\">Tavsiye, yenilenebilir enerji sistemlerinin kurulmas\u0131 i\u00e7in verilen kredilere depolama ve so\u011futma tesisleri ile meyve ve sebze at\u00f6lyelerinin dahil edilmesi olas\u0131l\u0131\u011f\u0131n\u0131n ara\u015ft\u0131r\u0131lmas\u0131 ve bu kredilerin Yenilenebilir Enerji Destek Fonu arac\u0131l\u0131\u011f\u0131yla desteklenmesi olas\u0131l\u0131\u011f\u0131n\u0131n ara\u015ft\u0131r\u0131lmas\u0131 i\u00e7in Maliye ve Elektrik Bakanl\u0131klar\u0131 ile koordinasyonu i\u00e7erdi.<\/p>\n<p style=\"text-align: center;\"><strong><a href=\"https:\/\/t.me\/SuriyeArapHaberAjansI\">Telegram Kanal\u0131m\u0131z\u00a0<\/a>||<a href=\"https:\/\/twitter.com\/arap_ajans\">X Platformumuz\u00a0<\/a>||<a href=\"https:\/\/www.facebook.com\/SANAHaberAjansi\/\">Facebook Sayfam\u0131z<\/a><\/strong><\/p>\n","protected":false},"excerpt":{"rendered":"<p>\u015eAM 02 MART (SANA) &#8211;\u00a0 Bakanlar Kurulu Ba\u015fkanl\u0131\u011f\u0131ndaki Ekonomik Komite, ihtiya\u00e7 fazlas\u0131 tar\u0131m \u00fcr\u00fcnlerinin ihra\u00e7 edilmesi ger\u00e7e\u011fini, bunlar\u0131n d\u0131\u015f pazarlara giri\u015finin \u00f6n\u00fcndeki engelleri ve tar\u0131msal \u00fcretimin durumuna olumlu yans\u0131yacak \u015fekilde miktarlar\u0131n\u0131n art\u0131r\u0131lmas\u0131n\u0131n yollar\u0131n\u0131 masaya yat\u0131rd\u0131. Ekonomi Komitesi, Suriye tar\u0131m ihracat\u0131n\u0131n kar\u015f\u0131la\u015ft\u0131\u011f\u0131 zorluklar\u0131n a\u015f\u0131lmas\u0131na y\u00f6nelik bir dizi \u00e7\u00f6z\u00fcm ve \u00f6neri sunarken, Ba\u015fbakan H\u00fcseyin Arnus, tar\u0131m \u00fcr\u00fcnlerinin &hellip;<\/p>\n","protected":false},"author":41,"featured_media":297949,"comment_status":"closed","ping_status":"closed","sticky":false,"template":"","format":"standard","meta":{"footnotes":""},"categories":[485,479,486,17988,478],"tags":[40962,40963],"class_list":["post-297948","post","type-post","status-publish","format-standard","has-post-thumbnail","","category-is-ve-sermaye","category-haberler-yerel","category-haberler-is-ve-sermaye","category-son-haberler","category-yerel","tag-ekonomik-komite","tag-suriye-tarim-urunlerinin-dis-pazarlara-girisini-kolaylastirmak-icin-bir-dizi-oneri-gelistiriyor"],"_links":{"self":[{"href":"https:\/\/archive.sana.sy\/tr\/index.php?rest_route=\/wp\/v2\/posts\/297948","targetHints":{"allow":["GET"]}}],"collection":[{"href":"https:\/\/archive.sana.sy\/tr\/index.php?rest_route=\/wp\/v2\/posts"}],"about":[{"href":"https:\/\/archive.sana.sy\/tr\/index.php?rest_route=\/wp\/v2\/types\/post"}],"author":[{"embeddable":true,"href":"https:\/\/archive.sana.sy\/tr\/index.php?rest_route=\/wp\/v2\/users\/41"}],"replies":[{"embeddable":true,"href":"https:\/\/archive.sana.sy\/tr\/index.php?rest_route=%2Fwp%2Fv2%2Fcomments&post=297948"}],"version-history":[{"count":3,"href":"https:\/\/archive.sana.sy\/tr\/index.php?rest_route=\/wp\/v2\/posts\/297948\/revisions"}],"predecessor-version":[{"id":297952,"href":"https:\/\/archive.sana.sy\/tr\/index.php?rest_route=\/wp\/v2\/posts\/297948\/revisions\/297952"}],"wp:featuredmedia":[{"embeddable":true,"href":"https:\/\/archive.sana.sy\/tr\/index.php?rest_route=\/wp\/v2\/media\/297949"}],"wp:attachment":[{"href":"https:\/\/archive.sana.sy\/tr\/index.php?rest_route=%2Fwp%2Fv2%2Fmedia&parent=297948"}],"wp:term":[{"taxonomy":"category","embeddable":true,"href":"https:\/\/archive.sana.sy\/tr\/index.php?rest_route=%2Fwp%2Fv2%2Fcategories&post=297948"},{"taxonomy":"post_tag","embeddable":true,"href":"https:\/\/archive.sana.sy\/tr\/index.php?rest_route=%2Fwp%2Fv2%2Ftags&post=297948"}],"curies":[{"name":"wp","href":"https:\/\/api.w.org\/{rel}","templated":true}]}}