{"id":2981,"date":"2014-06-13T15:00:56","date_gmt":"2014-06-13T12:00:56","guid":{"rendered":"http:\/\/sanasyria.org\/tr\/?p=2981"},"modified":"2014-06-13T15:00:56","modified_gmt":"2014-06-13T12:00:56","slug":"gurbetcilerimiz-secimlerin-basarisini-kutluyorlar","status":"publish","type":"post","link":"https:\/\/archive.sana.sy\/tr\/?p=2981","title":{"rendered":"Gurbet\u00e7ilerimiz Se\u00e7imlerin Ba\u015far\u0131s\u0131n\u0131 Kutluyorlar"},"content":{"rendered":"<p><span style=\"color: #800000\">SANA \u2013<\/span> Yemen\u2019de bulunan Suriyeli gurbet\u00e7iler Ba\u015fkent Sana\u2019da bulunan Arap K\u00fclt\u00fcr Merkezi Konferans Salonunda d\u00fczenledikleri etkinlikle anavatanda d\u00fczenlenen cumhurba\u015fkanl\u0131\u011f\u0131 se\u00e7imlerinin ba\u015far\u0131yla sonu\u00e7lanmas\u0131n\u0131 ve Suriye halk\u0131n\u0131n g\u00fc\u00e7l\u00fc iradesinin bu se\u00e7imlerde tescillenmesini kutlad\u0131lar.<\/p>\n<p>Yemen\u2019deki gurbet\u00e7ilerimizin temsilcisi Be\u015fir Semmur; \u00f6n\u00fcm\u00fczdeki demokrasi s\u00fcrecini ve \u00fclkemizi temsil etmesi i\u00e7in Cumhurba\u015fkan\u0131 Be\u015f\u015far el Esad\u2019\u0131n se\u00e7ilmesinin, Suriye halk\u0131n\u0131n vatanseverli\u011fini yans\u0131tt\u0131\u011f\u0131na i\u015faret ederek bunun ayn\u0131 zamanda ter\u00f6re ve komplolara kar\u015f\u0131 kazan\u0131lan zaferin ilan\u0131 oldu\u011funu belirtti.<\/p>\n<p>Suriye\u2019de d\u00fczenlenen se\u00e7imlerin b\u00fct\u00fcn d\u00fcnya i\u00e7in bir demokrasi \u00f6rne\u011fi te\u015fkil etti\u011fine dikkat \u00e7eken Semmur; bu se\u00e7imlerle b\u00fct\u00fcn d\u00fcnyaya, Suriye ile ilgili kararlar\u0131 ve gelece\u011fi Suriye halk\u0131ndan ba\u015fka hi\u00e7bir g\u00fcc\u00fcn belirleyemeyece\u011fi mesaj\u0131n\u0131n verildi\u011finin alt\u0131n\u0131 \u00e7izdi.<\/p>\n","protected":false},"excerpt":{"rendered":"<p>SANA \u2013 Yemen\u2019de bulunan Suriyeli gurbet\u00e7iler Ba\u015fkent Sana\u2019da bulunan Arap K\u00fclt\u00fcr Merkezi Konferans Salonunda d\u00fczenledikleri etkinlikle anavatanda d\u00fczenlenen cumhurba\u015fkanl\u0131\u011f\u0131 se\u00e7imlerinin ba\u015far\u0131yla sonu\u00e7lanmas\u0131n\u0131 ve Suriye halk\u0131n\u0131n g\u00fc\u00e7l\u00fc iradesinin bu se\u00e7imlerde tescillenmesini kutlad\u0131lar. Yemen\u2019deki gurbet\u00e7ilerimizin temsilcisi Be\u015fir Semmur; \u00f6n\u00fcm\u00fczdeki demokrasi s\u00fcrecini ve \u00fclkemizi temsil etmesi i\u00e7in Cumhurba\u015fkan\u0131 Be\u015f\u015far el Esad\u2019\u0131n se\u00e7ilmesinin, Suriye halk\u0131n\u0131n vatanseverli\u011fini yans\u0131tt\u0131\u011f\u0131na i\u015faret ederek &hellip;<\/p>\n","protected":false},"author":1,"featured_media":2982,"comment_status":"closed","ping_status":"closed","sticky":false,"template":"","format":"standard","meta":{"footnotes":""},"categories":[1],"tags":[662],"class_list":["post-2981","post","type-post","status-publish","format-standard","has-post-thumbnail","","category-news-not-sorted","tag-gurbetcilerimiz-secimlerin-basarisini-kutluyorlar"],"_links":{"self":[{"href":"https:\/\/archive.sana.sy\/tr\/index.php?rest_route=\/wp\/v2\/posts\/2981","targetHints":{"allow":["GET"]}}],"collection":[{"href":"https:\/\/archive.sana.sy\/tr\/index.php?rest_route=\/wp\/v2\/posts"}],"about":[{"href":"https:\/\/archive.sana.sy\/tr\/index.php?rest_route=\/wp\/v2\/types\/post"}],"author":[{"embeddable":true,"href":"https:\/\/archive.sana.sy\/tr\/index.php?rest_route=\/wp\/v2\/users\/1"}],"replies":[{"embeddable":true,"href":"https:\/\/archive.sana.sy\/tr\/index.php?rest_route=%2Fwp%2Fv2%2Fcomments&post=2981"}],"version-history":[{"count":0,"href":"https:\/\/archive.sana.sy\/tr\/index.php?rest_route=\/wp\/v2\/posts\/2981\/revisions"}],"wp:featuredmedia":[{"embeddable":true,"href":"https:\/\/archive.sana.sy\/tr\/index.php?rest_route=\/wp\/v2\/media\/2982"}],"wp:attachment":[{"href":"https:\/\/archive.sana.sy\/tr\/index.php?rest_route=%2Fwp%2Fv2%2Fmedia&parent=2981"}],"wp:term":[{"taxonomy":"category","embeddable":true,"href":"https:\/\/archive.sana.sy\/tr\/index.php?rest_route=%2Fwp%2Fv2%2Fcategories&post=2981"},{"taxonomy":"post_tag","embeddable":true,"href":"https:\/\/archive.sana.sy\/tr\/index.php?rest_route=%2Fwp%2Fv2%2Ftags&post=2981"}],"curies":[{"name":"wp","href":"https:\/\/api.w.org\/{rel}","templated":true}]}}