{"id":298205,"date":"2024-03-07T12:48:53","date_gmt":"2024-03-07T09:48:53","guid":{"rendered":"https:\/\/sana.sy\/tr\/?p=298205"},"modified":"2024-03-08T08:52:49","modified_gmt":"2024-03-08T05:52:49","slug":"cin-gazzede-yasananlar-insanlik-icin-bir-trajedidir-ve-filistin-devletinin-kurulmasi-uzun-zamandir-beklenen-bir-gercektir","status":"publish","type":"post","link":"https:\/\/archive.sana.sy\/tr\/?p=298205","title":{"rendered":"\u00c7in: Gazze&#8217;de Ya\u015fananlar \u0130nsanl\u0131k \u0130\u00e7in Bir Trajedidir Ve Filistin Devletinin Kurulmas\u0131 Uzun Zamand\u0131r Beklenen Bir Ger\u00e7ektir"},"content":{"rendered":"<p style=\"text-align: justify;\"><strong>PEK<\/strong><strong>\u0130N 07 MART (SANA)<\/strong> &#8211; \u00c7in D\u0131\u015fi\u015fleri Bakan\u0131 Wang Yi, \u0130srail&#8217;in Gazze \u015eeridi&#8217;ne y\u00f6nelik sald\u0131rganl\u0131\u011f\u0131n\u0131n insan medeniyeti i\u00e7in bir utan\u00e7 oldu\u011funu vurgulayarak Pekin&#8217;in derhal ate\u015fkes \u00e7a\u011fr\u0131s\u0131n\u0131 yineledi.<\/p>\n<p style=\"text-align: justify;\">Agence France-Presse, Wang&#8217;\u0131n \u00c7in 14. Ulusal Halk Kongresi&#8217;nin ikinci oturumunun oturum aralar\u0131nda d\u00fczenledi\u011fi bas\u0131n toplant\u0131s\u0131nda \u015funlar\u0131 s\u00f6yledi\u011fini aktard\u0131: &#8220;Bu, insanl\u0131k i\u00e7in bir trajedi ve medeniyet i\u00e7in bir utan\u00e7t\u0131r&#8230; 21. y\u00fczy\u0131lda b\u00f6yle durdurulamaz bir insani felakete tan\u0131k oluyoruz.&#8221;<\/p>\n<p style=\"text-align: justify;\">Wang ayr\u0131ca, &#8220;Gazze&#8217;deki felaket, Filistin topraklar\u0131n\u0131n uzun s\u00fcredir i\u015fgal alt\u0131nda oldu\u011funu art\u0131k g\u00f6rmezden gelinemeyece\u011fini t\u00fcm d\u00fcnyaya bir kez daha hat\u0131rlatt&#8221; diyerek, \u00fclkesinin Filistin Devleti&#8217;nin Birle\u015fmi\u015f Milletler&#8217;e tam \u00fcyeli\u011fine verdi\u011fi deste\u011fi vurgulad\u0131.<\/p>\n<p style=\"text-align: justify;\">Wang, \u00c7in&#8217;in kendisini bar\u0131\u015fa, kalk\u0131nmaya, i\u015fbirli\u011fine ve kar\u015f\u0131l\u0131kl\u0131 yarara adad\u0131k\u00e7a, kendi kalk\u0131nma yolunda ilerlerken d\u00fcnya bar\u0131\u015f\u0131n\u0131 ve kalk\u0131nmas\u0131n\u0131 korumak i\u00e7in aral\u0131ks\u0131z \u00e7aba g\u00f6stermeye devam edece\u011fini de belirtti.<\/p>\n<p style=\"text-align: center;\"><strong><a href=\"https:\/\/t.me\/SuriyeArapHaberAjansI\">Telegram Kanal\u0131m\u0131z\u00a0<\/a>||<a href=\"https:\/\/twitter.com\/arap_ajans\">X Platformumuz\u00a0<\/a>||<a href=\"https:\/\/www.facebook.com\/SANAHaberAjansi\/\">Facebook Sayfam\u0131z<\/a><\/strong><\/p>\n","protected":false},"excerpt":{"rendered":"<p>PEK\u0130N 07 MART (SANA) &#8211; \u00c7in D\u0131\u015fi\u015fleri Bakan\u0131 Wang Yi, \u0130srail&#8217;in Gazze \u015eeridi&#8217;ne y\u00f6nelik sald\u0131rganl\u0131\u011f\u0131n\u0131n insan medeniyeti i\u00e7in bir utan\u00e7 oldu\u011funu vurgulayarak Pekin&#8217;in derhal ate\u015fkes \u00e7a\u011fr\u0131s\u0131n\u0131 yineledi. Agence France-Presse, Wang&#8217;\u0131n \u00c7in 14. Ulusal Halk Kongresi&#8217;nin ikinci oturumunun oturum aralar\u0131nda d\u00fczenledi\u011fi bas\u0131n toplant\u0131s\u0131nda \u015funlar\u0131 s\u00f6yledi\u011fini aktard\u0131: &#8220;Bu, insanl\u0131k i\u00e7in bir trajedi ve medeniyet i\u00e7in bir utan\u00e7t\u0131r&#8230; &hellip;<\/p>\n","protected":false},"author":41,"featured_media":298206,"comment_status":"closed","ping_status":"closed","sticky":false,"template":"","format":"standard","meta":{"footnotes":""},"categories":[458,459,17988],"tags":[],"class_list":["post-298205","post","type-post","status-publish","format-standard","has-post-thumbnail","","category-dunya1","category-haberler-arap-uluslararasi-politika","category-son-haberler"],"_links":{"self":[{"href":"https:\/\/archive.sana.sy\/tr\/index.php?rest_route=\/wp\/v2\/posts\/298205","targetHints":{"allow":["GET"]}}],"collection":[{"href":"https:\/\/archive.sana.sy\/tr\/index.php?rest_route=\/wp\/v2\/posts"}],"about":[{"href":"https:\/\/archive.sana.sy\/tr\/index.php?rest_route=\/wp\/v2\/types\/post"}],"author":[{"embeddable":true,"href":"https:\/\/archive.sana.sy\/tr\/index.php?rest_route=\/wp\/v2\/users\/41"}],"replies":[{"embeddable":true,"href":"https:\/\/archive.sana.sy\/tr\/index.php?rest_route=%2Fwp%2Fv2%2Fcomments&post=298205"}],"version-history":[{"count":1,"href":"https:\/\/archive.sana.sy\/tr\/index.php?rest_route=\/wp\/v2\/posts\/298205\/revisions"}],"predecessor-version":[{"id":298207,"href":"https:\/\/archive.sana.sy\/tr\/index.php?rest_route=\/wp\/v2\/posts\/298205\/revisions\/298207"}],"wp:featuredmedia":[{"embeddable":true,"href":"https:\/\/archive.sana.sy\/tr\/index.php?rest_route=\/wp\/v2\/media\/298206"}],"wp:attachment":[{"href":"https:\/\/archive.sana.sy\/tr\/index.php?rest_route=%2Fwp%2Fv2%2Fmedia&parent=298205"}],"wp:term":[{"taxonomy":"category","embeddable":true,"href":"https:\/\/archive.sana.sy\/tr\/index.php?rest_route=%2Fwp%2Fv2%2Fcategories&post=298205"},{"taxonomy":"post_tag","embeddable":true,"href":"https:\/\/archive.sana.sy\/tr\/index.php?rest_route=%2Fwp%2Fv2%2Ftags&post=298205"}],"curies":[{"name":"wp","href":"https:\/\/api.w.org\/{rel}","templated":true}]}}