{"id":298212,"date":"2024-03-07T14:39:48","date_gmt":"2024-03-07T11:39:48","guid":{"rendered":"https:\/\/sana.sy\/tr\/?p=298212"},"modified":"2024-03-10T08:09:18","modified_gmt":"2024-03-10T05:09:18","slug":"silahli-guclerimiz-idlib-ve-kuneytra-kirsalinda-teror-orgutu-mensuplarini-oldurup-yaraladi-3-iha-dusurdu","status":"publish","type":"post","link":"https:\/\/archive.sana.sy\/tr\/?p=298212","title":{"rendered":"Silahl\u0131 Kuvvetlerimiz \u0130dlib Ve Kuneytira K\u0131rsal\u0131nda Ter\u00f6r \u00d6rg\u00fct\u00fc Mensuplar\u0131n\u0131 \u00d6ld\u00fcr\u00fcp Yaralad\u0131,  3 \u0130HA&#8217;s\u0131n\u0131 D\u00fc\u015f\u00fcrd\u00fc"},"content":{"rendered":"<p style=\"text-align: justify;\"><strong>\u015eAM 07 MART 2024 (SANA) \u2013<\/strong> Silahl\u0131 kuvvetlerimize ba\u011fl\u0131 birimlerimiz, \u0130dlib ve Kuneytira k\u0131rsal\u0131nda ter\u00f6r \u00f6rg\u00fct\u00fc mensuplar\u0131n\u0131 \u00f6ld\u00fcr\u00fcp yaralad\u0131, 3 insans\u0131z hava arac\u0131n\u0131 d\u00fc\u015f\u00fcrd\u00fc.<\/p>\n<p style=\"text-align: justify;\">Milli Savunma Bakanl\u0131\u011f\u0131 bug\u00fcn yapt\u0131\u011f\u0131 a\u00e7\u0131klamada,\u00a0 &#8221;Silahl\u0131 kuvvetlerimizin g\u00fcney \u0130dlib k\u0131rsal\u0131 istikametindeki faaliyet g\u00f6steren bir birliklerin, askeri noktalar\u0131m\u0131zdan birine s\u0131zmaya ve sald\u0131rmaya \u00e7al\u0131\u015fan s\u00f6zde &#8221;El Nusra Cephesi&#8221; ter\u00f6r \u00f6rg\u00fct\u00fcne ba\u011fl\u0131 bir ter\u00f6r \u00f6rg\u00fct\u00fcyle \u00e7at\u0131\u015ft\u0131, \u00fcyelerini \u00f6l\u00fc ve yaral\u0131 b\u0131rakt\u0131, ter\u00f6r \u00f6rg\u00fct\u00fcn\u00fcn bir \u00fcyesini tutuklad\u0131&#8221; dedi.<\/p>\n<p style=\"text-align: justify;\">Bakanl\u0131k ayr\u0131ca, &#8220;Silahl\u0131 kuvvetlerimize ba\u011fl\u0131 birimler, Kuneytira ve \u0130dlib k\u0131rsal\u0131nda da ter\u00f6r gruplar\u0131na ait 3 \u0130HA&#8217;y\u0131 imha etmeyi ba\u015fard\u0131&#8221; belirtti.<\/p>\n<p style=\"text-align: center;\"><strong><a href=\"https:\/\/t.me\/SuriyeArapHaberAjansI\">Telegram Kanal\u0131m\u0131z\u00a0<\/a>||<a href=\"https:\/\/twitter.com\/arap_ajans\">X Platformumuz\u00a0<\/a>||<a href=\"https:\/\/www.facebook.com\/SANAHaberAjansi\/\">Facebook Sayfam\u0131z<\/a><\/strong><\/p>\n<div id='gallery-1' class='gallery galleryid-298212 gallery-columns-3 gallery-size-thumbnail'><figure class='gallery-item'>\n\t\t\t<div class='gallery-icon landscape'>\n\t\t\t\t<a href='https:\/\/archive.sana.sy\/tr\/?attachment_id=298222'><img loading=\"lazy\" decoding=\"async\" width=\"150\" height=\"150\" src=\"https:\/\/archive.sana.sy\/tr\/wp-content\/uploads\/2024\/03\/2-12-150x150.jpg\" class=\"attachment-thumbnail size-thumbnail\" alt=\"\" srcset=\"https:\/\/archive.sana.sy\/tr\/wp-content\/uploads\/2024\/03\/2-12-150x150.jpg 150w, https:\/\/archive.sana.sy\/tr\/wp-content\/uploads\/2024\/03\/2-12-300x300.jpg 300w, https:\/\/archive.sana.sy\/tr\/wp-content\/uploads\/2024\/03\/2-12.jpg 660w\" sizes=\"auto, (max-width: 150px) 100vw, 150px\" \/><\/a>\n\t\t\t<\/div><\/figure><figure class='gallery-item'>\n\t\t\t<div class='gallery-icon landscape'>\n\t\t\t\t<a href='https:\/\/archive.sana.sy\/tr\/?attachment_id=298223'><img loading=\"lazy\" decoding=\"async\" width=\"150\" height=\"150\" src=\"https:\/\/archive.sana.sy\/tr\/wp-content\/uploads\/2024\/03\/8-3-150x150.jpg\" class=\"attachment-thumbnail size-thumbnail\" alt=\"\" \/><\/a>\n\t\t\t<\/div><\/figure><figure class='gallery-item'>\n\t\t\t<div class='gallery-icon portrait'>\n\t\t\t\t<a href='https:\/\/archive.sana.sy\/tr\/?attachment_id=298224'><img loading=\"lazy\" decoding=\"async\" width=\"150\" height=\"150\" src=\"https:\/\/archive.sana.sy\/tr\/wp-content\/uploads\/2024\/03\/7-3-150x150.jpg\" class=\"attachment-thumbnail size-thumbnail\" alt=\"\" \/><\/a>\n\t\t\t<\/div><\/figure><figure class='gallery-item'>\n\t\t\t<div class='gallery-icon portrait'>\n\t\t\t\t<a href='https:\/\/archive.sana.sy\/tr\/?attachment_id=298225'><img loading=\"lazy\" decoding=\"async\" width=\"150\" height=\"150\" src=\"https:\/\/archive.sana.sy\/tr\/wp-content\/uploads\/2024\/03\/5-5-150x150.jpg\" class=\"attachment-thumbnail size-thumbnail\" alt=\"\" \/><\/a>\n\t\t\t<\/div><\/figure><figure class='gallery-item'>\n\t\t\t<div class='gallery-icon landscape'>\n\t\t\t\t<a href='https:\/\/archive.sana.sy\/tr\/?attachment_id=298226'><img loading=\"lazy\" decoding=\"async\" width=\"150\" height=\"150\" src=\"https:\/\/archive.sana.sy\/tr\/wp-content\/uploads\/2024\/03\/6-4-150x150.jpg\" class=\"attachment-thumbnail size-thumbnail\" alt=\"\" \/><\/a>\n\t\t\t<\/div><\/figure><figure class='gallery-item'>\n\t\t\t<div class='gallery-icon portrait'>\n\t\t\t\t<a href='https:\/\/archive.sana.sy\/tr\/?attachment_id=298227'><img loading=\"lazy\" decoding=\"async\" width=\"150\" height=\"150\" src=\"https:\/\/archive.sana.sy\/tr\/wp-content\/uploads\/2024\/03\/4-4-150x150.jpg\" class=\"attachment-thumbnail size-thumbnail\" alt=\"\" \/><\/a>\n\t\t\t<\/div><\/figure>\n\t\t<\/div>\n\n","protected":false},"excerpt":{"rendered":"<p>\u015eAM 07 MART 2024 (SANA) \u2013 Silahl\u0131 kuvvetlerimize ba\u011fl\u0131 birimlerimiz, \u0130dlib ve Kuneytira k\u0131rsal\u0131nda ter\u00f6r \u00f6rg\u00fct\u00fc mensuplar\u0131n\u0131 \u00f6ld\u00fcr\u00fcp yaralad\u0131, 3 insans\u0131z hava arac\u0131n\u0131 d\u00fc\u015f\u00fcrd\u00fc. Milli Savunma Bakanl\u0131\u011f\u0131 bug\u00fcn yapt\u0131\u011f\u0131 a\u00e7\u0131klamada,\u00a0 &#8221;Silahl\u0131 kuvvetlerimizin g\u00fcney \u0130dlib k\u0131rsal\u0131 istikametindeki faaliyet g\u00f6steren bir birliklerin, askeri noktalar\u0131m\u0131zdan birine s\u0131zmaya ve sald\u0131rmaya \u00e7al\u0131\u015fan s\u00f6zde &#8221;El Nusra Cephesi&#8221; ter\u00f6r \u00f6rg\u00fct\u00fcne ba\u011fl\u0131 bir &hellip;<\/p>\n","protected":false},"author":39,"featured_media":298213,"comment_status":"closed","ping_status":"closed","sticky":false,"template":"","format":"standard","meta":{"footnotes":""},"categories":[479,575,17988,478],"tags":[3464,40992,18329,2318,40991,11549,38641,28327],"class_list":["post-298212","post","type-post","status-publish","format-standard","has-post-thumbnail","","category-haberler-yerel","category-olaylar-ve-gercekler","category-son-haberler","category-yerel","tag-nusra-cephesi","tag-3-ihasini-dusurdu","tag-dais","tag-isid","tag-silahli-kuvvetlerimiz-idlib-ve-kuneytra-kirsalinda-teror-orgutu-mensuplarini-oldurup-yaraladi","tag-suriye-ordusu","tag-suriyede-son-gelimeler","tag-tahrir-el-sam"],"_links":{"self":[{"href":"https:\/\/archive.sana.sy\/tr\/index.php?rest_route=\/wp\/v2\/posts\/298212","targetHints":{"allow":["GET"]}}],"collection":[{"href":"https:\/\/archive.sana.sy\/tr\/index.php?rest_route=\/wp\/v2\/posts"}],"about":[{"href":"https:\/\/archive.sana.sy\/tr\/index.php?rest_route=\/wp\/v2\/types\/post"}],"author":[{"embeddable":true,"href":"https:\/\/archive.sana.sy\/tr\/index.php?rest_route=\/wp\/v2\/users\/39"}],"replies":[{"embeddable":true,"href":"https:\/\/archive.sana.sy\/tr\/index.php?rest_route=%2Fwp%2Fv2%2Fcomments&post=298212"}],"version-history":[{"count":10,"href":"https:\/\/archive.sana.sy\/tr\/index.php?rest_route=\/wp\/v2\/posts\/298212\/revisions"}],"predecessor-version":[{"id":298245,"href":"https:\/\/archive.sana.sy\/tr\/index.php?rest_route=\/wp\/v2\/posts\/298212\/revisions\/298245"}],"wp:featuredmedia":[{"embeddable":true,"href":"https:\/\/archive.sana.sy\/tr\/index.php?rest_route=\/wp\/v2\/media\/298213"}],"wp:attachment":[{"href":"https:\/\/archive.sana.sy\/tr\/index.php?rest_route=%2Fwp%2Fv2%2Fmedia&parent=298212"}],"wp:term":[{"taxonomy":"category","embeddable":true,"href":"https:\/\/archive.sana.sy\/tr\/index.php?rest_route=%2Fwp%2Fv2%2Fcategories&post=298212"},{"taxonomy":"post_tag","embeddable":true,"href":"https:\/\/archive.sana.sy\/tr\/index.php?rest_route=%2Fwp%2Fv2%2Ftags&post=298212"}],"curies":[{"name":"wp","href":"https:\/\/api.w.org\/{rel}","templated":true}]}}