{"id":298229,"date":"2024-03-07T17:00:45","date_gmt":"2024-03-07T14:00:45","guid":{"rendered":"https:\/\/sana.sy\/tr\/?p=298229"},"modified":"2024-03-10T08:09:25","modified_gmt":"2024-03-10T05:09:25","slug":"gazze-seridinin-merkezindeki-nuseyrat-kampi-ve-deyir-el-balahta-yasanan-isgal-katliaminda-35-sehit-ve-onlarca-kisi-yaralandi","status":"publish","type":"post","link":"https:\/\/archive.sana.sy\/tr\/?p=298229","title":{"rendered":"Gazze \u015eeridi&#8217;nin Merkezindeki Nuseyrat Kamp\u0131 ve Deyir El Balah&#8217;ta Ya\u015fanan \u0130\u015fgal Katliam\u0131nda 35 \u015eehit Ve Onlarca Ki\u015fi Yaraland\u0131"},"content":{"rendered":"<p style=\"text-align: justify;\"><strong>\u0130\u015eGAL ED\u0130LEN KUD\u00dcS 07 MART (SANA)<\/strong> &#8211; \u0130srail i\u015fgal g\u00fc\u00e7leri bug\u00fcn Gazze \u015eeridi&#8217;nin ortas\u0131nda onlarca \u015fehit ve yaral\u0131n\u0131n oldu\u011fu yeni bir katliam ger\u00e7ekle\u015ftirdi.<\/p>\n<p style=\"text-align: justify;\">Wafa Ajans\u0131, \u2018\u2019\u0130\u015fgal g\u00fc\u00e7leri, Nuseyrat kamp\u0131n\u0131n bat\u0131s\u0131ndaki El Hasayna b\u00f6lgesindeki Filistinlilerin evlerini ve Gazze \u015eeridi&#8217;nin merkezindeki Deir El Balah kentindeki El Baraka&#8217;y\u0131 toplarla bombalad\u0131. Bu da 35 Filistinlinin \u00f6l\u00fcm\u00fcne, \u00e7o\u011fu kad\u0131n ve \u00e7ocuk onlarca ki\u015finin yaralanmas\u0131na yol a\u00e7t\u0131. Di\u011ferleri ise h\u00e2l\u00e2 enkaz alt\u0131nda kay\u0131p\u2019\u2019 dedi.<\/p>\n<p style=\"text-align: justify;\">Gazze \u015eehri&#8217;nin bat\u0131s\u0131ndaki Nabulsi kav\u015fa\u011f\u0131n\u0131n i\u015fgalci bombard\u0131man\u0131 sonucu 5 Filistinli \u015fehit oldu. \u0130\u015fgal botlar\u0131 ise sahil \u015feridini bombalamaya devam ederken, \u015fehrin g\u00fcneydo\u011fusunda yard\u0131m bekleyen Filistinlilere g\u00fc\u00e7lerinin ate\u015f a\u00e7mas\u0131 sonucu bir \u015fehid de kurtar\u0131ld\u0131.<\/p>\n<p style=\"text-align: justify;\">\u0130\u015fgal u\u00e7a\u011f\u0131 ayr\u0131ca Gazze \u015eeridi&#8217;nin g\u00fcneyindeki Refah \u015fehrinin do\u011fusundaki Al-Geneina mahallesindeki evlere bir dizi bask\u0131n d\u00fczenledi ve top\u00e7ular\u0131 Han Yunus&#8217;un do\u011fusunu yo\u011fun bir \u015fekilde bombalad\u0131.<\/p>\n<p style=\"text-align: justify;\">Filistin Sa\u011fl\u0131k Bakanl\u0131\u011f\u0131 d\u00fcn, Gazze \u015eeridi&#8217;ne y\u00f6nelik devam eden i\u015fgal sald\u0131r\u0131s\u0131nda hayat\u0131n\u0131 kaybedenlerin say\u0131s\u0131n\u0131n 30 bin 717 \u015fehit ve 72 bin 156 yaral\u0131ya y\u00fckseldi\u011fini duyurmu\u015ftu.<\/p>\n<p style=\"text-align: center;\"><strong><a href=\"https:\/\/t.me\/SuriyeArapHaberAjansI\">Telegram Kanal\u0131m\u0131z\u00a0<\/a>||<a href=\"https:\/\/twitter.com\/arap_ajans\">X Platformumuz\u00a0<\/a>||<a href=\"https:\/\/www.facebook.com\/SANAHaberAjansi\/\">Facebook Sayfam\u0131z<\/a><\/strong><\/p>\n","protected":false},"excerpt":{"rendered":"<p>\u0130\u015eGAL ED\u0130LEN KUD\u00dcS 07 MART (SANA) &#8211; \u0130srail i\u015fgal g\u00fc\u00e7leri bug\u00fcn Gazze \u015eeridi&#8217;nin ortas\u0131nda onlarca \u015fehit ve yaral\u0131n\u0131n oldu\u011fu yeni bir katliam ger\u00e7ekle\u015ftirdi. Wafa Ajans\u0131, \u2018\u2019\u0130\u015fgal g\u00fc\u00e7leri, Nuseyrat kamp\u0131n\u0131n bat\u0131s\u0131ndaki El Hasayna b\u00f6lgesindeki Filistinlilerin evlerini ve Gazze \u015eeridi&#8217;nin merkezindeki Deir El Balah kentindeki El Baraka&#8217;y\u0131 toplarla bombalad\u0131. Bu da 35 Filistinlinin \u00f6l\u00fcm\u00fcne, \u00e7o\u011fu kad\u0131n ve &hellip;<\/p>\n","protected":false},"author":41,"featured_media":298231,"comment_status":"closed","ping_status":"closed","sticky":false,"template":"","format":"standard","meta":{"footnotes":""},"categories":[458,459,17988],"tags":[],"class_list":["post-298229","post","type-post","status-publish","format-standard","has-post-thumbnail","","category-dunya1","category-haberler-arap-uluslararasi-politika","category-son-haberler"],"_links":{"self":[{"href":"https:\/\/archive.sana.sy\/tr\/index.php?rest_route=\/wp\/v2\/posts\/298229","targetHints":{"allow":["GET"]}}],"collection":[{"href":"https:\/\/archive.sana.sy\/tr\/index.php?rest_route=\/wp\/v2\/posts"}],"about":[{"href":"https:\/\/archive.sana.sy\/tr\/index.php?rest_route=\/wp\/v2\/types\/post"}],"author":[{"embeddable":true,"href":"https:\/\/archive.sana.sy\/tr\/index.php?rest_route=\/wp\/v2\/users\/41"}],"replies":[{"embeddable":true,"href":"https:\/\/archive.sana.sy\/tr\/index.php?rest_route=%2Fwp%2Fv2%2Fcomments&post=298229"}],"version-history":[{"count":1,"href":"https:\/\/archive.sana.sy\/tr\/index.php?rest_route=\/wp\/v2\/posts\/298229\/revisions"}],"predecessor-version":[{"id":298230,"href":"https:\/\/archive.sana.sy\/tr\/index.php?rest_route=\/wp\/v2\/posts\/298229\/revisions\/298230"}],"wp:featuredmedia":[{"embeddable":true,"href":"https:\/\/archive.sana.sy\/tr\/index.php?rest_route=\/wp\/v2\/media\/298231"}],"wp:attachment":[{"href":"https:\/\/archive.sana.sy\/tr\/index.php?rest_route=%2Fwp%2Fv2%2Fmedia&parent=298229"}],"wp:term":[{"taxonomy":"category","embeddable":true,"href":"https:\/\/archive.sana.sy\/tr\/index.php?rest_route=%2Fwp%2Fv2%2Fcategories&post=298229"},{"taxonomy":"post_tag","embeddable":true,"href":"https:\/\/archive.sana.sy\/tr\/index.php?rest_route=%2Fwp%2Fv2%2Ftags&post=298229"}],"curies":[{"name":"wp","href":"https:\/\/api.w.org\/{rel}","templated":true}]}}