{"id":298232,"date":"2024-03-07T17:10:53","date_gmt":"2024-03-07T14:10:53","guid":{"rendered":"https:\/\/sana.sy\/tr\/?p=298232"},"modified":"2024-03-10T08:07:37","modified_gmt":"2024-03-10T05:07:37","slug":"bm-israilin-gazzeye-yonelik-savasi-filistinli-kadinlarin-esi-benzeri-gorulmemis-olum-ve-yaralanmalarina-neden-oluyor","status":"publish","type":"post","link":"https:\/\/archive.sana.sy\/tr\/?p=298232","title":{"rendered":"BM: \u0130srail&#8217;in Gazze&#8217;ye Y\u00f6nelik Sava\u015f\u0131 Filistinli Kad\u0131nlar\u0131n E\u015fi Benzeri G\u00f6r\u00fclmemi\u015f \u00d6l\u00fcm Ve Yaralanmalar\u0131na Neden Oluyor"},"content":{"rendered":"<p style=\"text-align: justify;\"><strong>NEW YORK 07 MART (SANA)\u00a0 <\/strong>&#8211;\u00a0 Birle\u015fmi\u015f Milletler taraf\u0131ndan yay\u0131nlanan bir raporda, yar\u0131na denk gelen \u201cKad\u0131nlar G\u00fcn\u00fc\u201d arifesinde \u015funlar belirtildi: \u2018\u2019\u0130srail&#8217;in Gazze \u015eeridi&#8217;ne y\u00f6nelik devam eden sald\u0131rganl\u0131\u011f\u0131, Filistinli<img loading=\"lazy\" decoding=\"async\" class=\"size-full wp-image-298234 alignright\" src=\"http:\/\/sana.sy\/tr\/wp-content\/uploads\/2024\/03\/uni501979_2048x850-300x171-1.jpg\" alt=\"\" width=\"300\" height=\"171\" \/><\/p>\n<p style=\"text-align: justify;\">kad\u0131nlar\u0131n e\u015fi g\u00f6r\u00fclmemi\u015f \u015fekillerde \u00f6l\u00fcm\u00fcne ve yaralanmas\u0131na neden oldu. 7 Ekim&#8217;den bu yana en az 9.000 kad\u0131n\u0131n \u00f6l\u00fcm\u00fcne yol a\u00e7t\u0131.\u2019\u2019<\/p>\n<p style=\"text-align: justify;\">BM Kad\u0131nlar\u0131 web sitesinde yay\u0131nlanan bir raporda, \u00a0\u201cGazze sava\u015f\u0131 alt\u0131nc\u0131 ay\u0131na yakla\u015f\u0131rken, Filistinli kad\u0131nlar sava\u015f\u0131n feci etkilerinden ac\u0131 \u00e7ekmeye devam ediyor ve bu sava\u015f kimseyi d\u0131\u015flamazken, Birle\u015fmi\u015f Milletler Kad\u0131n verileri, Birle\u015fmi\u015f Milletler&#8217;in yakla\u015fmakta olan k\u0131tl\u0131k uyar\u0131s\u0131n\u0131n temsil etti\u011fi tehlikenin yan\u0131 s\u0131ra, sava\u015f\u0131n kad\u0131nlarda benzeri g\u00f6r\u00fclmemi\u015f \u00f6l\u00fcmlere ve yaralanmalara neden oldu\u011funu g\u00f6steriyor&#8221; dedi.<\/p>\n<p style=\"text-align: justify;\">Raporda, Gazze&#8217;de \u015fu ana kadar tahmini 9 bin kad\u0131n\u0131n \u0130srail g\u00fc\u00e7leri taraf\u0131ndan \u00f6ld\u00fcr\u00fcld\u00fc\u011f\u00fc, bu say\u0131n\u0131n muhtemelen ger\u00e7ek say\u0131dan daha d\u00fc\u015f\u00fck oldu\u011fu belirtildi.<\/p>\n<p style=\"text-align: justify;\">Raporda ayr\u0131ca her 10 kad\u0131ndan 9&#8217;unun yani y\u00fczde 87&#8217;sinin g\u0131daya eri\u015fimde zorluk ya\u015fad\u0131\u011f\u0131, baz\u0131 kad\u0131nlar\u0131n ise enkaz alt\u0131nda veya \u00e7\u00f6p kutusunda yiyecek aramak gibi zorlu ba\u015fa \u00e7\u0131kma mekanizmalar\u0131na ba\u015fvurdu\u011fu belirtildi.<\/p>\n<p style=\"text-align: justify;\">Rapor, &#8220;insani ate\u015fkes acilen sa\u011flanmad\u0131\u011f\u0131 s\u00fcrece \u00f6n\u00fcm\u00fczdeki g\u00fcn ve haftalarda Gazze&#8217;de daha fazla insan\u0131n \u00f6lece\u011fini&#8221; vurgulayarak, \u00f6ld\u00fcrmelerin, bombalamalar\u0131n ve temel altyap\u0131n\u0131n tahrip edilmesinin durdurulmas\u0131 ve insani yard\u0131m\u0131n Gazze&#8217;nin her yerine derhal ula\u015fmas\u0131 gerekti\u011fini \u00a0kaydetti.<\/p>\n<p style=\"text-align: center;\"><strong><a href=\"https:\/\/t.me\/SuriyeArapHaberAjansI\">Telegram Kanal\u0131m\u0131z\u00a0<\/a>||<a href=\"https:\/\/twitter.com\/arap_ajans\">X Platformumuz\u00a0<\/a>||<a href=\"https:\/\/www.facebook.com\/SANAHaberAjansi\/\">Facebook Sayfam\u0131z<\/a><\/strong><\/p>\n","protected":false},"excerpt":{"rendered":"<p>NEW YORK 07 MART (SANA)\u00a0 &#8211;\u00a0 Birle\u015fmi\u015f Milletler taraf\u0131ndan yay\u0131nlanan bir raporda, yar\u0131na denk gelen \u201cKad\u0131nlar G\u00fcn\u00fc\u201d arifesinde \u015funlar belirtildi: \u2018\u2019\u0130srail&#8217;in Gazze \u015eeridi&#8217;ne y\u00f6nelik devam eden sald\u0131rganl\u0131\u011f\u0131, Filistinli kad\u0131nlar\u0131n e\u015fi g\u00f6r\u00fclmemi\u015f \u015fekillerde \u00f6l\u00fcm\u00fcne ve yaralanmas\u0131na neden oldu. 7 Ekim&#8217;den bu yana en az 9.000 kad\u0131n\u0131n \u00f6l\u00fcm\u00fcne yol a\u00e7t\u0131.\u2019\u2019 BM Kad\u0131nlar\u0131 web sitesinde yay\u0131nlanan bir raporda, &hellip;<\/p>\n","protected":false},"author":41,"featured_media":298233,"comment_status":"closed","ping_status":"closed","sticky":false,"template":"","format":"standard","meta":{"footnotes":""},"categories":[458,459,17988],"tags":[40993],"class_list":["post-298232","post","type-post","status-publish","format-standard","has-post-thumbnail","","category-dunya1","category-haberler-arap-uluslararasi-politika","category-son-haberler","tag-bm-israilin-gazzeye-yonelik-savasi-filistinli-kadinlarin-esi-benzeri-gorulmemis-olum-ve-yaralanmalarina-neden-oluyor"],"_links":{"self":[{"href":"https:\/\/archive.sana.sy\/tr\/index.php?rest_route=\/wp\/v2\/posts\/298232","targetHints":{"allow":["GET"]}}],"collection":[{"href":"https:\/\/archive.sana.sy\/tr\/index.php?rest_route=\/wp\/v2\/posts"}],"about":[{"href":"https:\/\/archive.sana.sy\/tr\/index.php?rest_route=\/wp\/v2\/types\/post"}],"author":[{"embeddable":true,"href":"https:\/\/archive.sana.sy\/tr\/index.php?rest_route=\/wp\/v2\/users\/41"}],"replies":[{"embeddable":true,"href":"https:\/\/archive.sana.sy\/tr\/index.php?rest_route=%2Fwp%2Fv2%2Fcomments&post=298232"}],"version-history":[{"count":1,"href":"https:\/\/archive.sana.sy\/tr\/index.php?rest_route=\/wp\/v2\/posts\/298232\/revisions"}],"predecessor-version":[{"id":298235,"href":"https:\/\/archive.sana.sy\/tr\/index.php?rest_route=\/wp\/v2\/posts\/298232\/revisions\/298235"}],"wp:featuredmedia":[{"embeddable":true,"href":"https:\/\/archive.sana.sy\/tr\/index.php?rest_route=\/wp\/v2\/media\/298233"}],"wp:attachment":[{"href":"https:\/\/archive.sana.sy\/tr\/index.php?rest_route=%2Fwp%2Fv2%2Fmedia&parent=298232"}],"wp:term":[{"taxonomy":"category","embeddable":true,"href":"https:\/\/archive.sana.sy\/tr\/index.php?rest_route=%2Fwp%2Fv2%2Fcategories&post=298232"},{"taxonomy":"post_tag","embeddable":true,"href":"https:\/\/archive.sana.sy\/tr\/index.php?rest_route=%2Fwp%2Fv2%2Ftags&post=298232"}],"curies":[{"name":"wp","href":"https:\/\/api.w.org\/{rel}","templated":true}]}}