{"id":2984,"date":"2014-06-13T15:09:37","date_gmt":"2014-06-13T12:09:37","guid":{"rendered":"http:\/\/sanasyria.org\/tr\/?p=2984"},"modified":"2014-06-14T16:06:54","modified_gmt":"2014-06-14T13:06:54","slug":"vatan-koruyuculari-cokuluslu-terore-karsi-basarilarini-surduruyor","status":"publish","type":"post","link":"https:\/\/archive.sana.sy\/tr\/?p=2984","title":{"rendered":"Vatan Koruyucular\u0131 \u00c7okuluslu Ter\u00f6re Kar\u015f\u0131 Ba\u015far\u0131lar\u0131n\u0131 S\u00fcrd\u00fcr\u00fcyor"},"content":{"rendered":"<p><span style=\"color: #800000\">\u0130LLER \u2013<\/span> Suriye&#8217;nin muhtelif b\u00f6lgelerinde \u00e7okuluslu ter\u00f6r gruplar\u0131na kar\u015f\u0131 operasyonlar\u0131n\u0131 ba\u015far\u0131yla s\u00fcrd\u00fcren vatan koruyucular\u0131 ordu birliklerimiz \u00e7ok say\u0131da yuva ve ara\u00e7lar\u0131n\u0131 tahrip ederken aralar\u0131nda yabanc\u0131lar\u0131n bulundu\u011fu onlarca ter\u00f6rist etkisiz hale getirdi.<\/p>\n<p><span style=\"color: #0000ff\">\u015eam K\u0131rsal\u0131nda Suudi Arabistan ve Filistin Uyruklu Ter\u00f6ristler \u00d6ld\u00fcr\u00fcld\u00fc<\/span><\/p>\n<p>Askeri bir kaynak kahraman birliklerimizin \u015eam K\u0131rsal\u0131n\u0131n Mleyha Beldesinin kuzey kesiminde bulunan Tameko \u0130la\u00e7 Fabrikas\u0131 civar\u0131ndaki tar\u0131m arazilerinde d\u00fczenledikleri nitelikli operasyonlar sonucunda \u201c\u0130slam Cephesi\u201d isimli ter\u00f6r olu\u015fumuna ba\u011fl\u0131 onlarca ter\u00f6risti ve eleba\u015flar\u0131n\u0131 \u00f6l\u00fc olarak ele ge\u00e7irdiklerini dile getirdi.<\/p>\n<p>Duma, Covbar, Zabadani, Sehl Rank\u00fcs belde ve b\u00f6lgelerinde de operasyonlar\u0131n ba\u015far\u0131yla devam etti\u011fine dikkat \u00e7eken kaynak buralarda aralar\u0131nda Suudi Arabistan ve Filistin uyruklular da bulunan \u00e7ok say\u0131da ter\u00f6ristin \u00f6l\u00fc ve yaral\u0131 d\u00fc\u015f\u00fcr\u00fcld\u00fc\u011f\u00fcn\u00fc beyan etti.<\/p>\n<p>Operasyonlar kapsam\u0131nda ter\u00f6ristlere ait b\u00fcy\u00fck miktarda silah ve m\u00fchimmat\u0131n yok edildi\u011fine de\u011finen kaynak; Saydnaya b\u00f6lgesinin kuzey do\u011fu kesiminde yer alan Hfeyr Beldesinde silahl\u0131 ter\u00f6r gruplar\u0131n\u0131n katliam yapmak amac\u0131yla Ali Bin Ebi Talib Camisine yerle\u015ftirdikleri 5 kg a\u011f\u0131rl\u0131\u011f\u0131nda bir patlay\u0131c\u0131 d\u00fczene\u011finin kahraman birliklerimiz taraf\u0131ndan etkisiz hale getirildi\u011fini ibraz etti.<\/p>\n<p>Kaynak ayr\u0131ca Rank\u00fcs Kentine s\u0131zmaya \u00e7al\u0131\u015fan silahl\u0131 bir ter\u00f6r grubu ile kahraman birliklerimiz aras\u0131nda meydana gelen \u00e7at\u0131\u015fmada ter\u00f6ristlerin t\u00fcm\u00fcn\u00fcn bertaraf edildi\u011fini ekledi.<\/p>\n<p><span style=\"color: #0000ff\">Lazkiye K\u0131rsal\u0131n\u0131n Kuzeyinde Bir\u00e7ok Nokta Ordunun Kontrol\u00fcnde<\/span><\/p>\n<p>Vatan koruyucular\u0131 ordu birliklerimiz Lazkiye k\u0131rsal\u0131n\u0131n kuzeyinde \u00e7okuluslu ter\u00f6r gruplar\u0131n\u0131 say\u0131 ve te\u00e7hizatlar\u0131yla a\u011f\u0131r kay\u0131plara u\u011fratarak bir\u00e7ok noktay\u0131 kontrol\u00fcne ge\u00e7irdi.<\/p>\n<p>Askeri kaynak vatan koruyucular\u0131m\u0131z\u0131n Furollok Keseb karayoluna hakim 714,767 ve 803 noktalar\u0131nda olduk\u00e7a y\u00fcksek say\u0131da ter\u00f6risti \u00f6l\u00fc yaral\u0131 ele ge\u00e7irdi\u011fini ve bu noktalar\u0131 kontrol\u00fcne ge\u00e7irdi\u011fini belirtti.<\/p>\n<p><span style=\"color: #0000ff\">Dera\u2019da \u00c7ok Say\u0131da Ter\u00f6r Yuvas\u0131 Yok Edildi<\/span><\/p>\n<p>Dera K\u0131rsal\u0131n\u0131n Hirak Beldesinde Deyr el Salb Camisi yak\u0131nlar\u0131nda d\u00fczenlenen operasyonlar sonucunda bir\u00e7ok ter\u00f6r yuvas\u0131n\u0131n yok edildi\u011fini dile getiren kaynak; buralarda meydana gelen \u00e7at\u0131\u015fmalarda \u00e7ok say\u0131da ter\u00f6r eleba\u015f\u0131s\u0131n\u0131n \u00f6l\u00fc olarak ele ge\u00e7irildi\u011finin alt\u0131n\u0131 \u00e7izdi.<\/p>\n<p>Etman, Enhal, Nueyma, Tel Um Horan, Zemrin, ve Hirak b\u00f6lge-beldelerinde operasyonlarda b\u00fcy\u00fck ba\u015far\u0131lar sa\u011fland\u0131\u011f\u0131na dikkat \u00e7eken kaynak; buralarda da bir\u00e7ok ter\u00f6r yuvas\u0131n\u0131n, i\u00e7indeki silah-m\u00fchimmat ve ter\u00f6ristlerle birlikte yok edildi\u011fini belirtti.<\/p>\n<p>Kaynak ayr\u0131ca Dera Beled\u2019in Becabice Semtinde\u00a0 d\u00fczenlenen operasyonlarda onlarca ter\u00f6ristin ve eleba\u015flar\u0131n\u0131n \u00f6l\u00fc ve yaral\u0131 d\u00fc\u015f\u00fcr\u00fcld\u00fc\u011f\u00fcn\u00fc ekled.<\/p>\n<p><span style=\"color: #0000ff\">Hama K\u0131rsal\u0131nda \u00c7ok Say\u0131da Ter\u00f6rist \u00d6ld\u00fcr\u00fcld\u00fc<\/span><\/p>\n<p>Hama K\u0131rsal\u0131nda ter\u00f6r yuvalar\u0131na y\u00f6nelik d\u00fczenlenen operasyonlarda \u00e7ok say\u0131da ter\u00f6ristin \u00f6ld\u00fcr\u00fcld\u00fc\u011f\u00fcne i\u015faret eden kaynak; Kefer Zeyta, el Hab\u0131yt, Mork, Tel \u015eamma, Hardane,Ebu Hbeylet ve Um Meyl belde ve b\u00f6lgelerinde onlarca ter\u00f6ristin ve eleba\u015flar\u0131n\u0131n \u00f6l\u00fc ve yaral\u0131 olarak ele ge\u00e7irildi\u011fini belirtti.<\/p>\n<p><span style=\"color: #0000ff\">Halep ve K\u0131rsal\u0131nda Eleba\u015flar\u0131 \u00d6ld\u00fcr\u00fcld\u00fc<\/span><\/p>\n<p>Askeri kaynak ordu birliklerimizin Halep\u2019in Firdevs B\u00f6lgesinde ter\u00f6ristlerin gaddar sald\u0131r\u0131lar\u0131nda kulland\u0131klar\u0131 bomba d\u00fczeneklerinin bir deposunu muhtevalar\u0131yla imha etti\u011fini aktard\u0131.<\/p>\n<p>Kaynak Cub el Safa B\u00f6lgesinde ise ordu birliklerimizin \u2018Ebu M\u00fcsl\u00fcm el Tevhid\u2019 kod adl\u0131 az\u0131l\u0131 eleba\u015f\u0131 ve kendilerine \u2018Menbec ve Bab emirleri\u2019 ad\u0131n\u0131 veren \u00e7ok say\u0131da tekfirci ter\u00f6r eleba\u015f\u0131n\u0131 etkisiz hale getirdiklerini belirtti.<\/p>\n<p>Ordu birliklerimizin Cbeyle ekseninden Halep Merkez Cezaevine sald\u0131r\u0131 giri\u015fiminde bulunan ter\u00f6r \u00e7etelerini a\u011f\u0131r kay\u0131plarla geri p\u00fcsk\u00fcrtt\u00fcklerini belirten kaynak; Marei, Etarib, sanayi, Ays, Heyyan ve Leyramun b\u00f6lgelerinde onlarca ter\u00f6risti \u00e7ok say\u0131da ara\u00e7lar\u0131yla birlikte etkisiz hale getirdiklerini s\u00f6yledi.<\/p>\n<p><span style=\"color: #0000ff\">Dera K\u0131rsal\u0131nda Ara\u00e7lar\u0131yla Birlikte \u0130mha Edildiler<\/span><\/p>\n<p>Ordu birliklerimiz Dera k\u0131rsal\u0131n\u0131n Yaduda Beldesi istikametinde seyir eden pikap tipi bi arac\u0131 ta\u015f\u0131d\u0131\u011f\u0131 ter\u00f6ristlerle birlikte imha etti.<\/p>\n<p><span style=\"color: #0000ff\">Homs K\u0131rsal\u0131nda Yuvalar\u0131 Top Ate\u015fine Tutuluyor<\/span><\/p>\n<p>Vatan koruyucular\u0131m\u0131z Homs k\u0131rsal\u0131n\u0131n Um Sahriyc, Rhum, Bat\u0131 Selam, Sultaniye, Ar\u015funiye, Resten, Teldo, Semalin, Burc Kai, Talf, Teldeheb, Um \u015ear\u015fuh ve Ayn H\u00fcseyin b\u00f6lgelerinde ter\u00f6ristlerin yuva ve k\u00fcmelenme yerlerini top ate\u015fine tuttu.<\/p>\n<p>Askeri bir kaynak operasyonlarda onlarca ter\u00f6ristin \u00f6l\u00fc yaral\u0131 d\u00fc\u015f\u00fcr\u00fcld\u00fc\u011f\u00fcn\u00fc, ara\u00e7 ve cephanelerinin de tahrip edildi\u011fini s\u00f6yledi.<\/p>\n<p><span style=\"color: #0000ff\">\u0130dlib K\u0131rsal\u0131nda Yabanc\u0131 Ter\u00f6ristler \u00d6ld\u00fcr\u00fcld\u00fc<\/span><\/p>\n<p>\u0130dlib k\u0131rsal\u0131n\u0131n Cebel el Arbain civar\u0131, Konserve yak\u0131nlar\u0131, Maar Tabei, \u0130dlib \u2013 Harem karayolu, B\u015feyriye ve Cdar Bekfalun b\u00f6lgelerinde ter\u00f6r yuvalar\u0131n\u0131 hedef alan vatan koruyucular\u0131m\u0131z aralar\u0131nda yabanc\u0131lar\u0131n bulundu\u011fu \u00e7ok say\u0131da ter\u00f6risti su\u00e7 edatlar\u0131yla birlikte etkisiz hale getirdi.<\/p>\n<p><span style=\"color: #0000ff\">Muhtelif B\u00f6lgelerden 257 Ki\u015fi Teslim Oldu<\/span><\/p>\n<p>Bu arada \u015eam ve k\u0131rsal\u0131n\u0131n yan\u0131 s\u0131ra Homs, Hama, Deyrezzor, Dera, Rakka, \u0130dlib, Halep ve Tartus illerinden d\u00fcn 257 ki\u015fi ilgili g\u00fcvenlik kurumlar\u0131na teslim oldu.<\/p>\n<p>Teslim olanlar 2014\/22 say\u0131l\u0131 genel af karar\u0131ndan faydalanmak i\u00e7in teslim olurken, ilgili kurumlar dosyalar\u0131n\u0131 incelemeye ald\u0131.<\/p>\n","protected":false},"excerpt":{"rendered":"<p>\u0130LLER \u2013 Suriye&#8217;nin muhtelif b\u00f6lgelerinde \u00e7okuluslu ter\u00f6r gruplar\u0131na kar\u015f\u0131 operasyonlar\u0131n\u0131 ba\u015far\u0131yla s\u00fcrd\u00fcren vatan koruyucular\u0131 ordu birliklerimiz \u00e7ok say\u0131da yuva ve ara\u00e7lar\u0131n\u0131 tahrip ederken aralar\u0131nda yabanc\u0131lar\u0131n bulundu\u011fu onlarca ter\u00f6rist etkisiz hale getirdi. \u015eam K\u0131rsal\u0131nda Suudi Arabistan ve Filistin Uyruklu Ter\u00f6ristler \u00d6ld\u00fcr\u00fcld\u00fc Askeri bir kaynak kahraman birliklerimizin \u015eam K\u0131rsal\u0131n\u0131n Mleyha Beldesinin kuzey kesiminde bulunan Tameko \u0130la\u00e7 Fabrikas\u0131 &hellip;<\/p>\n","protected":false},"author":1,"featured_media":2985,"comment_status":"closed","ping_status":"closed","sticky":false,"template":"","format":"standard","meta":{"footnotes":""},"categories":[479,575],"tags":[663],"class_list":["post-2984","post","type-post","status-publish","format-standard","has-post-thumbnail","","category-haberler-yerel","category-olaylar-ve-gercekler","tag-vatan-koruyuculari-cokuluslu-terore-karsi-basarilarini-surduruyor"],"_links":{"self":[{"href":"https:\/\/archive.sana.sy\/tr\/index.php?rest_route=\/wp\/v2\/posts\/2984","targetHints":{"allow":["GET"]}}],"collection":[{"href":"https:\/\/archive.sana.sy\/tr\/index.php?rest_route=\/wp\/v2\/posts"}],"about":[{"href":"https:\/\/archive.sana.sy\/tr\/index.php?rest_route=\/wp\/v2\/types\/post"}],"author":[{"embeddable":true,"href":"https:\/\/archive.sana.sy\/tr\/index.php?rest_route=\/wp\/v2\/users\/1"}],"replies":[{"embeddable":true,"href":"https:\/\/archive.sana.sy\/tr\/index.php?rest_route=%2Fwp%2Fv2%2Fcomments&post=2984"}],"version-history":[{"count":0,"href":"https:\/\/archive.sana.sy\/tr\/index.php?rest_route=\/wp\/v2\/posts\/2984\/revisions"}],"wp:featuredmedia":[{"embeddable":true,"href":"https:\/\/archive.sana.sy\/tr\/index.php?rest_route=\/wp\/v2\/media\/2985"}],"wp:attachment":[{"href":"https:\/\/archive.sana.sy\/tr\/index.php?rest_route=%2Fwp%2Fv2%2Fmedia&parent=2984"}],"wp:term":[{"taxonomy":"category","embeddable":true,"href":"https:\/\/archive.sana.sy\/tr\/index.php?rest_route=%2Fwp%2Fv2%2Fcategories&post=2984"},{"taxonomy":"post_tag","embeddable":true,"href":"https:\/\/archive.sana.sy\/tr\/index.php?rest_route=%2Fwp%2Fv2%2Ftags&post=2984"}],"curies":[{"name":"wp","href":"https:\/\/api.w.org\/{rel}","templated":true}]}}