{"id":29848,"date":"2015-04-16T21:08:32","date_gmt":"2015-04-16T18:08:32","guid":{"rendered":"http:\/\/www.sana.sy\/tr\/?p=29848"},"modified":"2015-04-17T18:49:12","modified_gmt":"2015-04-17T15:49:12","slug":"radikal-ve-hain-teroristlerden-onlarcasi-agir-silahlari-ve-araclariyla-etkisizlestirildi","status":"publish","type":"post","link":"https:\/\/archive.sana.sy\/tr\/?p=29848","title":{"rendered":"Radikal ve Hain Ter\u00f6ristlerden Onlarcas\u0131 A\u011f\u0131r Silahlar\u0131 ve Ara\u00e7lar\u0131yla Etkisizle\u015ftirildi"},"content":{"rendered":"<p>\u0130LLER \u2013 Muhtelif b\u00f6lgelerde vatan ve vatanda\u015flar\u0131n selametini koruma ve d\u0131\u015f g\u00fc\u00e7lerin destekledikleri ter\u00f6ristleri bertaraf etme operasyonlar\u0131n\u0131 ba\u015far\u0131yla s\u00fcrd\u00fcren ordu birliklerimiz bug\u00fcn aralar\u0131nda yabanc\u0131lar\u0131n bulundu\u011fu y\u00fcksek say\u0131da ter\u00f6risti etkisizle\u015ftirdi.<\/p>\n<p><span style=\"color: #0000ff\">Kunaytra\u2019da K\u00f6y ve Ahalisine Sald\u0131r\u0131lar\u0131 \u00c7\u00f6kertildi<\/span><\/p>\n<p>Kunaytra k\u0131rsal\u0131nda \u0130srail\u2019in destekledi\u011fi radikal ve vatan haini ter\u00f6ristlere y\u00f6nelik operasyonlar\u0131n\u0131 s\u00fcrd\u00fcren ordu birliklerimiz; Nusra Cephesinin Do\u011fu Samadaniye K\u00f6y\u00fc ve halk\u0131na y\u00f6nelik sald\u0131r\u0131lar\u0131n\u0131 \u00e7\u00f6kertti.<\/p>\n<p>\u0130srail destekli Nusra Cephesi ile ordu birliklerimiz aras\u0131nda ya\u015fanan \u00e7at\u0131\u015fmada Nusra Cephesinden aralar\u0131nda yabanc\u0131lar\u0131n bulundu\u011fu \u00e7ok say\u0131da ter\u00f6ristin a\u011f\u0131r silahlar\u0131n monte edildi\u011fi bir k\u0131s\u0131m ara\u00e7lar\u0131yla birlikte etkisizle\u015ftirildikleri bildirildi.<\/p>\n<p>Kunaytra k\u0131rsal\u0131n\u0131n do\u011fu k\u0131rsal\u0131nda ise ordu birliklerimiz Um Batina Beldesinde \u00e7ok say\u0131da ter\u00f6risti \u00f6l\u00fc yaral\u0131 d\u00fc\u015f\u00fcrd\u00fc.<\/p>\n<p><span style=\"color: #0000ff\">Homs ve K\u0131rsal\u0131nda Ter\u00f6ristlerin Toplanma Yerleri ve Mevkileri Hedef Al\u0131nd\u0131<\/span><\/p>\n<p>Askeri kaynak; ordu birliklerimizin Homs k\u0131rsal\u0131n\u0131n kuzeyi Cub el Cerrah ve Meksar el H\u0131san k\u00f6ylerine sald\u0131ran I\u015e\u0130D ter\u00f6ristlerini ara\u00e7 ve silahlar\u0131yla birlikte imha ettiklerini belirtti.<\/p>\n<p>Ordu birliklerimizin Homs k\u0131rsal\u0131 Um Sahric, Um el Ri\u015f, Racm el Kasr, Mesada ve Kuzey M\u015feyrfe\u2019nin kuzeyi, el Ar\u015funa ve el Semalil b\u00f6lgelerinde ter\u00f6ristlerin yuva ve toplanma yerlerini hedef ald\u0131klar\u0131n\u0131 aktaran kaynak; operasyonlarda \u00e7ok say\u0131da ter\u00f6ristin \u00f6l\u00fc ve yaral\u0131 d\u00fc\u015f\u00fcr\u00fcl\u00fcp ara\u00e7, cephane, silah ve m\u00fchimmatlar\u0131n\u0131n da imha edildi\u011fini s\u00f6yledi.<\/p>\n<p>\u00d6te yandan ordu birliklerimizin Homs Kenti Vaer Semtinde radikal \u00f6rg\u00fctlere kar\u015f\u0131 nitelikli operasyonlar\u0131n\u0131 s\u00fcrd\u00fcrd\u00fcklerini s\u00f6yleyen kaynak; Nusra Cephesi ve \u2018Homs Kolordusu\u2019nun saflar\u0131nda y\u00fcksek say\u0131da ter\u00f6risti \u00f6l\u00fc ve yaral\u0131 d\u00fc\u015f\u00fcrd\u00fcklerini s\u00f6zlerine ekledi.<\/p>\n<p>Ordu birliklerimiz Homs k\u0131rsal\u0131n\u0131n kuzeyi Um \u015eer\u015fuh K\u00f6y\u00fcnde ise Nusra Cephesine ait bir yuvay\u0131 muhtevalar\u0131yla imha etti.<\/p>\n<p><span style=\"color: #0000ff\">Halep ve K\u0131rsal\u0131nda \u00c7ok Say\u0131da Ter\u00f6rist \u00d6l\u00fc ve Yaral\u0131 D\u00fc\u015f\u00fcr\u00fcld\u00fc\u00a0<\/span><\/p>\n<p>Askeri kaynak; ordu birliklerimizin Halep Kenti ve k\u0131rsal\u0131n\u0131n Salahattin, Bab el Hadid, Ra\u015fedin 4, el Leyramon, Han el Asel, Beni Zeyd ve el Ramuse b\u00f6lgelerinde \u00e7ok say\u0131da ter\u00f6risti \u00f6l\u00fc ve yaral\u0131 d\u00fc\u015f\u00fcr\u00fcp ara\u00e7lar\u0131 ve m\u00fchimmatlar\u0131n\u0131 da imha ettiklerini ifade etti.<\/p>\n<p>M.M. &#8211; A.A.<\/p>\n","protected":false},"excerpt":{"rendered":"<p>\u0130LLER \u2013 Muhtelif b\u00f6lgelerde vatan ve vatanda\u015flar\u0131n selametini koruma ve d\u0131\u015f g\u00fc\u00e7lerin destekledikleri ter\u00f6ristleri bertaraf etme operasyonlar\u0131n\u0131 ba\u015far\u0131yla s\u00fcrd\u00fcren ordu birliklerimiz bug\u00fcn aralar\u0131nda yabanc\u0131lar\u0131n bulundu\u011fu y\u00fcksek say\u0131da ter\u00f6risti etkisizle\u015ftirdi. Kunaytra\u2019da K\u00f6y ve Ahalisine Sald\u0131r\u0131lar\u0131 \u00c7\u00f6kertildi Kunaytra k\u0131rsal\u0131nda \u0130srail\u2019in destekledi\u011fi radikal ve vatan haini ter\u00f6ristlere y\u00f6nelik operasyonlar\u0131n\u0131 s\u00fcrd\u00fcren ordu birliklerimiz; Nusra Cephesinin Do\u011fu Samadaniye K\u00f6y\u00fc ve &hellip;<\/p>\n","protected":false},"author":1,"featured_media":29849,"comment_status":"closed","ping_status":"closed","sticky":false,"template":"","format":"standard","meta":{"footnotes":""},"categories":[575],"tags":[13729,13728],"class_list":["post-29848","post","type-post","status-publish","format-standard","has-post-thumbnail","","category-olaylar-ve-gercekler","tag-iller-muhtelif-bolgelerde-vatan-ve-vatandaslarin-selametini-koruma-ve-dis-guclerin-destekledikleri-teroristleri-bertaraf-etme-operasyonlarini-basariyla-surduren-ordu-birliklerimiz-bugun-aral","tag-radikal-ve-hain-teroristlerden-onlarcasi-agir-silahlari-ve-araclariyla-etkisizlestirildi"],"_links":{"self":[{"href":"https:\/\/archive.sana.sy\/tr\/index.php?rest_route=\/wp\/v2\/posts\/29848","targetHints":{"allow":["GET"]}}],"collection":[{"href":"https:\/\/archive.sana.sy\/tr\/index.php?rest_route=\/wp\/v2\/posts"}],"about":[{"href":"https:\/\/archive.sana.sy\/tr\/index.php?rest_route=\/wp\/v2\/types\/post"}],"author":[{"embeddable":true,"href":"https:\/\/archive.sana.sy\/tr\/index.php?rest_route=\/wp\/v2\/users\/1"}],"replies":[{"embeddable":true,"href":"https:\/\/archive.sana.sy\/tr\/index.php?rest_route=%2Fwp%2Fv2%2Fcomments&post=29848"}],"version-history":[{"count":0,"href":"https:\/\/archive.sana.sy\/tr\/index.php?rest_route=\/wp\/v2\/posts\/29848\/revisions"}],"wp:featuredmedia":[{"embeddable":true,"href":"https:\/\/archive.sana.sy\/tr\/index.php?rest_route=\/wp\/v2\/media\/29849"}],"wp:attachment":[{"href":"https:\/\/archive.sana.sy\/tr\/index.php?rest_route=%2Fwp%2Fv2%2Fmedia&parent=29848"}],"wp:term":[{"taxonomy":"category","embeddable":true,"href":"https:\/\/archive.sana.sy\/tr\/index.php?rest_route=%2Fwp%2Fv2%2Fcategories&post=29848"},{"taxonomy":"post_tag","embeddable":true,"href":"https:\/\/archive.sana.sy\/tr\/index.php?rest_route=%2Fwp%2Fv2%2Ftags&post=29848"}],"curies":[{"name":"wp","href":"https:\/\/api.w.org\/{rel}","templated":true}]}}