{"id":298535,"date":"2024-03-14T10:10:20","date_gmt":"2024-03-14T07:10:20","guid":{"rendered":"https:\/\/sana.sy\/tr\/?p=298535"},"modified":"2024-03-16T09:12:44","modified_gmt":"2024-03-16T06:12:44","slug":"gazzede-yardim-beklerken-onlarca-filistinli-isgal-bombardimaninda-hayatini-kaybetti-ve-yaralandi","status":"publish","type":"post","link":"https:\/\/archive.sana.sy\/tr\/?p=298535","title":{"rendered":"Gazze&#8217;de Yard\u0131m Beklerken Onlarca Filistinli \u0130\u015fgal Bombard\u0131man\u0131nda Hayat\u0131n\u0131 kaybetti ve Yaraland\u0131"},"content":{"rendered":"<p><strong>\u0130\u015eGAL ED\u0130LEN KUD\u00dcS\u00a0 14 MART (SANA) &#8211;<\/strong> \u0130srail i\u015fgal g\u00fc\u00e7lerinin Gazze&#8217;ye insani yard\u0131m gelmesini bekleyen Filistinlileri bug\u00fcn \u015fafak vakti bombalamas\u0131 sonucu 6 Filistinli \u015fehit d\u00fc\u015ft\u00fc, onlarca ki\u015fi de yaraland\u0131.<\/p>\n<p>Filistin medyas\u0131, i\u015fgal g\u00fc\u00e7lerinin Gazze&#8217;nin g\u00fcneyinde yard\u0131m gelmesini bekleyen Filistinlileri top at\u0131\u015flar\u0131 ve mermilerle hedef ald\u0131\u011f\u0131n\u0131 belirtirken, bunun alt\u0131 ki\u015finin \u015fehit d\u00fc\u015fmesine ve 83 ki\u015finin de yaralanmas\u0131na yol a\u00e7t\u0131\u011ftna i\u015faret etti.<\/p>\n<p>\u0130\u015fgal u\u00e7aklar\u0131n\u0131n Gazze \u015eeridi&#8217;nin kuzeyindeki Cebeliye kamp\u0131ndaki bir evi bombalamas\u0131 sonucu bir Filistinli de \u015fehit d\u00fc\u015ft\u00fc, \u00e7ok say\u0131da ki\u015fi de yaraland\u0131.<\/p>\n<p>\u0130\u015fgalcilerin Gazze \u015eeridi&#8217;nin g\u00fcneyindeki Refah&#8217;ta bir arabay\u0131 bombalamas\u0131 sonucu iki Filistinli de \u015fehit d\u00fc\u015ft\u00fc, di\u011ferleri de yaraland\u0131.<\/p>\n<p style=\"text-align: center;\"><strong><a href=\"https:\/\/t.me\/SuriyeArapHaberAjansI\">Telegram Kanal\u0131m\u0131z\u00a0<\/a>||<a href=\"https:\/\/twitter.com\/arap_ajans\">X Platformumuz\u00a0<\/a>||<a href=\"https:\/\/www.facebook.com\/SANAHaberAjansi\/\">Facebook Sayfam\u0131z<\/a><\/strong><\/p>\n","protected":false},"excerpt":{"rendered":"<p>\u0130\u015eGAL ED\u0130LEN KUD\u00dcS\u00a0 14 MART (SANA) &#8211; \u0130srail i\u015fgal g\u00fc\u00e7lerinin Gazze&#8217;ye insani yard\u0131m gelmesini bekleyen Filistinlileri bug\u00fcn \u015fafak vakti bombalamas\u0131 sonucu 6 Filistinli \u015fehit d\u00fc\u015ft\u00fc, onlarca ki\u015fi de yaraland\u0131. Filistin medyas\u0131, i\u015fgal g\u00fc\u00e7lerinin Gazze&#8217;nin g\u00fcneyinde yard\u0131m gelmesini bekleyen Filistinlileri top at\u0131\u015flar\u0131 ve mermilerle hedef ald\u0131\u011f\u0131n\u0131 belirtirken, bunun alt\u0131 ki\u015finin \u015fehit d\u00fc\u015fmesine ve 83 ki\u015finin de &hellip;<\/p>\n","protected":false},"author":36,"featured_media":298536,"comment_status":"closed","ping_status":"closed","sticky":false,"template":"","format":"standard","meta":{"footnotes":""},"categories":[458,459,17988],"tags":[],"class_list":["post-298535","post","type-post","status-publish","format-standard","has-post-thumbnail","","category-dunya1","category-haberler-arap-uluslararasi-politika","category-son-haberler"],"_links":{"self":[{"href":"https:\/\/archive.sana.sy\/tr\/index.php?rest_route=\/wp\/v2\/posts\/298535","targetHints":{"allow":["GET"]}}],"collection":[{"href":"https:\/\/archive.sana.sy\/tr\/index.php?rest_route=\/wp\/v2\/posts"}],"about":[{"href":"https:\/\/archive.sana.sy\/tr\/index.php?rest_route=\/wp\/v2\/types\/post"}],"author":[{"embeddable":true,"href":"https:\/\/archive.sana.sy\/tr\/index.php?rest_route=\/wp\/v2\/users\/36"}],"replies":[{"embeddable":true,"href":"https:\/\/archive.sana.sy\/tr\/index.php?rest_route=%2Fwp%2Fv2%2Fcomments&post=298535"}],"version-history":[{"count":1,"href":"https:\/\/archive.sana.sy\/tr\/index.php?rest_route=\/wp\/v2\/posts\/298535\/revisions"}],"predecessor-version":[{"id":298537,"href":"https:\/\/archive.sana.sy\/tr\/index.php?rest_route=\/wp\/v2\/posts\/298535\/revisions\/298537"}],"wp:featuredmedia":[{"embeddable":true,"href":"https:\/\/archive.sana.sy\/tr\/index.php?rest_route=\/wp\/v2\/media\/298536"}],"wp:attachment":[{"href":"https:\/\/archive.sana.sy\/tr\/index.php?rest_route=%2Fwp%2Fv2%2Fmedia&parent=298535"}],"wp:term":[{"taxonomy":"category","embeddable":true,"href":"https:\/\/archive.sana.sy\/tr\/index.php?rest_route=%2Fwp%2Fv2%2Fcategories&post=298535"},{"taxonomy":"post_tag","embeddable":true,"href":"https:\/\/archive.sana.sy\/tr\/index.php?rest_route=%2Fwp%2Fv2%2Ftags&post=298535"}],"curies":[{"name":"wp","href":"https:\/\/api.w.org\/{rel}","templated":true}]}}