{"id":298543,"date":"2024-03-14T14:23:01","date_gmt":"2024-03-14T11:23:01","guid":{"rendered":"https:\/\/sana.sy\/tr\/?p=298543"},"modified":"2024-03-16T09:12:54","modified_gmt":"2024-03-16T06:12:54","slug":"halep-kirsalinda-teror-orgutlerine-ait-5-iha-imha-edildi","status":"publish","type":"post","link":"https:\/\/archive.sana.sy\/tr\/?p=298543","title":{"rendered":"Halep K\u0131rsal\u0131nda Ter\u00f6r \u00d6rg\u00fctlerine Ait 5 \u0130HA \u0130mha Edildi"},"content":{"rendered":"<p><strong>\u015eAM 14 MART (SANA) &#8211; <\/strong>Silahl\u0131 kuvvetlerimize ba\u011fl\u0131 birimler Halep k\u0131rsal\u0131nda ter\u00f6r \u00f6rg\u00fctlerine ait 5 \u0130HA&#8217;y\u0131 imha etti.<\/p>\n<p>Milli Savunma Bakanl\u0131\u011f\u0131 bug\u00fcn Facebook sayfas\u0131ndan yapt\u0131\u011f\u0131 a\u00e7\u0131klamada, &#8220;Halep k\u0131rsal\u0131na do\u011fru harekat yapan silahl\u0131 kuvvetlerimize ba\u011fl\u0131 birliklerimiz, ter\u00f6r \u00f6rg\u00fctlerinin askeri noktalara ve g\u00fcvenli b\u00f6lgelerde ya\u015fayanlara sald\u0131r\u0131 amac\u0131yla f\u0131rlatt\u0131\u011f\u0131 5 \u0130HA&#8217;y\u0131 vurarak imha etmi\u015ftir&#8221; dedi.<\/p>\n<p style=\"text-align: center;\"><strong><a href=\"https:\/\/t.me\/SuriyeArapHaberAjansI\">Telegram Kanal\u0131m\u0131z\u00a0<\/a>||<a href=\"https:\/\/twitter.com\/arap_ajans\">X Platformumuz\u00a0<\/a>||<a href=\"https:\/\/www.facebook.com\/SANAHaberAjansi\/\">Facebook Sayfam\u0131z<\/a><\/strong><\/p>\n<div id='gallery-1' class='gallery galleryid-298543 gallery-columns-4 gallery-size-large'><figure class='gallery-item'>\n\t\t\t<div class='gallery-icon portrait'>\n\t\t\t\t<img loading=\"lazy\" decoding=\"async\" width=\"618\" height=\"915\" src=\"https:\/\/archive.sana.sy\/tr\/wp-content\/uploads\/2024\/03\/9-4.jpg\" class=\"attachment-large size-large\" alt=\"\" srcset=\"https:\/\/archive.sana.sy\/tr\/wp-content\/uploads\/2024\/03\/9-4.jpg 660w, https:\/\/archive.sana.sy\/tr\/wp-content\/uploads\/2024\/03\/9-4-203x300.jpg 203w\" sizes=\"auto, (max-width: 618px) 100vw, 618px\" \/>\n\t\t\t<\/div><\/figure><figure class='gallery-item'>\n\t\t\t<div class='gallery-icon portrait'>\n\t\t\t\t<img loading=\"lazy\" decoding=\"async\" width=\"618\" height=\"965\" src=\"https:\/\/archive.sana.sy\/tr\/wp-content\/uploads\/2024\/03\/8-7-656x1024.jpg\" class=\"attachment-large size-large\" alt=\"\" srcset=\"https:\/\/archive.sana.sy\/tr\/wp-content\/uploads\/2024\/03\/8-7-656x1024.jpg 656w, https:\/\/archive.sana.sy\/tr\/wp-content\/uploads\/2024\/03\/8-7-192x300.jpg 192w, https:\/\/archive.sana.sy\/tr\/wp-content\/uploads\/2024\/03\/8-7.jpg 660w\" sizes=\"auto, (max-width: 618px) 100vw, 618px\" \/>\n\t\t\t<\/div><\/figure><figure class='gallery-item'>\n\t\t\t<div class='gallery-icon portrait'>\n\t\t\t\t<img loading=\"lazy\" decoding=\"async\" width=\"618\" height=\"663\" src=\"https:\/\/archive.sana.sy\/tr\/wp-content\/uploads\/2024\/03\/7-7.jpg\" class=\"attachment-large size-large\" alt=\"\" srcset=\"https:\/\/archive.sana.sy\/tr\/wp-content\/uploads\/2024\/03\/7-7.jpg 660w, https:\/\/archive.sana.sy\/tr\/wp-content\/uploads\/2024\/03\/7-7-280x300.jpg 280w\" sizes=\"auto, (max-width: 618px) 100vw, 618px\" \/>\n\t\t\t<\/div><\/figure><figure class='gallery-item'>\n\t\t\t<div class='gallery-icon landscape'>\n\t\t\t\t<img loading=\"lazy\" decoding=\"async\" width=\"618\" height=\"461\" src=\"https:\/\/archive.sana.sy\/tr\/wp-content\/uploads\/2024\/03\/6-9.jpg\" class=\"attachment-large size-large\" alt=\"\" srcset=\"https:\/\/archive.sana.sy\/tr\/wp-content\/uploads\/2024\/03\/6-9.jpg 660w, https:\/\/archive.sana.sy\/tr\/wp-content\/uploads\/2024\/03\/6-9-300x224.jpg 300w\" sizes=\"auto, (max-width: 618px) 100vw, 618px\" \/>\n\t\t\t<\/div><\/figure><figure class='gallery-item'>\n\t\t\t<div class='gallery-icon landscape'>\n\t\t\t\t<img loading=\"lazy\" decoding=\"async\" width=\"618\" height=\"528\" src=\"https:\/\/archive.sana.sy\/tr\/wp-content\/uploads\/2024\/03\/5-9.jpg\" class=\"attachment-large size-large\" alt=\"\" srcset=\"https:\/\/archive.sana.sy\/tr\/wp-content\/uploads\/2024\/03\/5-9.jpg 660w, https:\/\/archive.sana.sy\/tr\/wp-content\/uploads\/2024\/03\/5-9-300x256.jpg 300w\" sizes=\"auto, (max-width: 618px) 100vw, 618px\" \/>\n\t\t\t<\/div><\/figure><figure class='gallery-item'>\n\t\t\t<div class='gallery-icon portrait'>\n\t\t\t\t<img loading=\"lazy\" decoding=\"async\" width=\"618\" height=\"745\" src=\"https:\/\/archive.sana.sy\/tr\/wp-content\/uploads\/2024\/03\/0-6.jpg\" class=\"attachment-large size-large\" alt=\"\" srcset=\"https:\/\/archive.sana.sy\/tr\/wp-content\/uploads\/2024\/03\/0-6.jpg 660w, https:\/\/archive.sana.sy\/tr\/wp-content\/uploads\/2024\/03\/0-6-249x300.jpg 249w\" sizes=\"auto, (max-width: 618px) 100vw, 618px\" \/>\n\t\t\t<\/div><\/figure><figure class='gallery-item'>\n\t\t\t<div class='gallery-icon portrait'>\n\t\t\t\t<img loading=\"lazy\" decoding=\"async\" width=\"618\" height=\"820\" src=\"https:\/\/archive.sana.sy\/tr\/wp-content\/uploads\/2024\/03\/2-21.jpg\" class=\"attachment-large size-large\" alt=\"\" srcset=\"https:\/\/archive.sana.sy\/tr\/wp-content\/uploads\/2024\/03\/2-21.jpg 660w, https:\/\/archive.sana.sy\/tr\/wp-content\/uploads\/2024\/03\/2-21-226x300.jpg 226w\" sizes=\"auto, (max-width: 618px) 100vw, 618px\" \/>\n\t\t\t<\/div><\/figure><figure class='gallery-item'>\n\t\t\t<div class='gallery-icon portrait'>\n\t\t\t\t<img loading=\"lazy\" decoding=\"async\" width=\"618\" height=\"687\" src=\"https:\/\/archive.sana.sy\/tr\/wp-content\/uploads\/2024\/03\/3-33.jpg\" class=\"attachment-large size-large\" alt=\"\" srcset=\"https:\/\/archive.sana.sy\/tr\/wp-content\/uploads\/2024\/03\/3-33.jpg 660w, https:\/\/archive.sana.sy\/tr\/wp-content\/uploads\/2024\/03\/3-33-270x300.jpg 270w\" sizes=\"auto, (max-width: 618px) 100vw, 618px\" \/>\n\t\t\t<\/div><\/figure>\n\t\t<\/div>\n\n<p>&nbsp;<\/p>\n","protected":false},"excerpt":{"rendered":"<p>\u015eAM 14 MART (SANA) &#8211; Silahl\u0131 kuvvetlerimize ba\u011fl\u0131 birimler Halep k\u0131rsal\u0131nda ter\u00f6r \u00f6rg\u00fctlerine ait 5 \u0130HA&#8217;y\u0131 imha etti. Milli Savunma Bakanl\u0131\u011f\u0131 bug\u00fcn Facebook sayfas\u0131ndan yapt\u0131\u011f\u0131 a\u00e7\u0131klamada, &#8220;Halep k\u0131rsal\u0131na do\u011fru harekat yapan silahl\u0131 kuvvetlerimize ba\u011fl\u0131 birliklerimiz, ter\u00f6r \u00f6rg\u00fctlerinin askeri noktalara ve g\u00fcvenli b\u00f6lgelerde ya\u015fayanlara sald\u0131r\u0131 amac\u0131yla f\u0131rlatt\u0131\u011f\u0131 5 \u0130HA&#8217;y\u0131 vurarak imha etmi\u015ftir&#8221; dedi. Telegram Kanal\u0131m\u0131z\u00a0||X Platformumuz\u00a0||Facebook &hellip;<\/p>\n","protected":false},"author":36,"featured_media":298552,"comment_status":"closed","ping_status":"closed","sticky":false,"template":"","format":"standard","meta":{"footnotes":""},"categories":[596,479,575,17988,478],"tags":[],"class_list":["post-298543","post","type-post","status-publish","format-standard","has-post-thumbnail","","category-fotografli-raporlar","category-haberler-yerel","category-olaylar-ve-gercekler","category-son-haberler","category-yerel"],"_links":{"self":[{"href":"https:\/\/archive.sana.sy\/tr\/index.php?rest_route=\/wp\/v2\/posts\/298543","targetHints":{"allow":["GET"]}}],"collection":[{"href":"https:\/\/archive.sana.sy\/tr\/index.php?rest_route=\/wp\/v2\/posts"}],"about":[{"href":"https:\/\/archive.sana.sy\/tr\/index.php?rest_route=\/wp\/v2\/types\/post"}],"author":[{"embeddable":true,"href":"https:\/\/archive.sana.sy\/tr\/index.php?rest_route=\/wp\/v2\/users\/36"}],"replies":[{"embeddable":true,"href":"https:\/\/archive.sana.sy\/tr\/index.php?rest_route=%2Fwp%2Fv2%2Fcomments&post=298543"}],"version-history":[{"count":2,"href":"https:\/\/archive.sana.sy\/tr\/index.php?rest_route=\/wp\/v2\/posts\/298543\/revisions"}],"predecessor-version":[{"id":298554,"href":"https:\/\/archive.sana.sy\/tr\/index.php?rest_route=\/wp\/v2\/posts\/298543\/revisions\/298554"}],"wp:featuredmedia":[{"embeddable":true,"href":"https:\/\/archive.sana.sy\/tr\/index.php?rest_route=\/wp\/v2\/media\/298552"}],"wp:attachment":[{"href":"https:\/\/archive.sana.sy\/tr\/index.php?rest_route=%2Fwp%2Fv2%2Fmedia&parent=298543"}],"wp:term":[{"taxonomy":"category","embeddable":true,"href":"https:\/\/archive.sana.sy\/tr\/index.php?rest_route=%2Fwp%2Fv2%2Fcategories&post=298543"},{"taxonomy":"post_tag","embeddable":true,"href":"https:\/\/archive.sana.sy\/tr\/index.php?rest_route=%2Fwp%2Fv2%2Ftags&post=298543"}],"curies":[{"name":"wp","href":"https:\/\/api.w.org\/{rel}","templated":true}]}}