{"id":298569,"date":"2024-03-14T15:59:45","date_gmt":"2024-03-14T12:59:45","guid":{"rendered":"https:\/\/sana.sy\/tr\/?p=298569"},"modified":"2024-03-16T09:13:08","modified_gmt":"2024-03-16T06:13:08","slug":"mikdad-bin-ferhan-ile-ikili-iliskileri-ve-bunlari-gelistirmenin-yollarini-gorustu","status":"publish","type":"post","link":"https:\/\/archive.sana.sy\/tr\/?p=298569","title":{"rendered":"Mikdad, Bin Ferhan \u0130le \u0130kili \u0130li\u015fkileri Ve Bunlar\u0131 Geli\u015ftirmenin Yollar\u0131n\u0131 G\u00f6r\u00fc\u015ft\u00fc"},"content":{"rendered":"<p style=\"text-align: justify;\"><strong>R\u0130YAD 14 MART (SANA) &#8211;<\/strong>D\u0131\u015fi\u015fleri ve Gurbet\u00e7iler Bakan\u0131 Faysal Mikdad, Suudi Arabistan Krall\u0131\u011f\u0131 D\u0131\u015fi\u015fleri Bakan\u0131 Prens Faysal bin Ferhan ile iki karde\u015f \u00fclke aras\u0131ndaki ikili ili\u015fkileri ve bunlar\u0131n geli\u015ftirilme yollar\u0131n\u0131 g\u00f6r\u00fc\u015ft\u00fc.<\/p>\n<p style=\"text-align: justify;\">Bakan Mikdad, iki karde\u015f \u00fclke aras\u0131ndaki ili\u015fkilerin, iki \u00fclke ve halklar\u0131n\u0131n \u00e7\u0131karlar\u0131na hizmet edecek \u015fekilde \u00e7e\u015fitli d\u00fczeylerde ilerletilmesi gere\u011fini vurgulad\u0131.<\/p>\n<p style=\"text-align: justify;\">Mikdad ayr\u0131ca, b\u00f6lgemizin, \u00f6zellikle Gazze&#8217;de ve i\u015fgal alt\u0131ndaki Filistin topraklar\u0131n\u0131n geri kalan\u0131nda kar\u015f\u0131 kar\u015f\u0131ya oldu\u011fumuz sorunlara \u00e7\u00f6z\u00fcm bulmak i\u00e7in ortak Arap eylemini ve i\u015fbirli\u011fini g\u00fc\u00e7lendirmeye katk\u0131da bulunacak \u015fekilde koordinasyon ve isti\u015farede bulunman\u0131n \u00f6neminin alt\u0131n\u0131 \u00e7izdi.<img decoding=\"async\" class=\"alignright\" src=\"http:\/\/sana.sy\/wp-content\/uploads\/2024\/03\/Untitled-12-copy-300x178.jpg\" \/><\/p>\n<p style=\"text-align: justify;\">\u0130ki bakan ayr\u0131ca Arap \u0130rtibat Komitesi&#8217;nin Suriye&#8217;ye ili\u015fkin \u00e7al\u0131\u015fmalar\u0131n\u0131 takip etmek ve Ba\u011fdat&#8217;ta yap\u0131lacak bir sonraki \u0130rtibat Komitesi toplant\u0131s\u0131na iyi haz\u0131rlanmak i\u00e7in Suriye&#8217;nin g\u00f6sterdi\u011fi \u00e7abalar\u0131 da ele ald\u0131.<\/p>\n<p style=\"text-align: justify;\">G\u00f6r\u00fc\u015fmeye D\u0131\u015fi\u015fleri ve Gurbet\u00e7iler Bakan Yard\u0131mc\u0131s\u0131 Bessam Sabba\u011f, Suriye&#8217;nin Krall\u0131k B\u00fcy\u00fckel\u00e7isi Dr. Eymen Sosan ve Riyad&#8217;da g\u00f6rev yapan \u00e7ok say\u0131da Suriyeli diplomat kat\u0131ld\u0131.<\/p>\n<p style=\"text-align: justify;\">G\u00f6r\u00fc\u015fmede\u00a0 Suudi Arabistan&#8217;dan Siyasi \u0130\u015fler M\u00fcste\u015far\u0131 Saud El Sati ve D\u0131\u015fi\u015fleri Bakan\u0131 Dan\u0131\u015fman\u0131 Muhammad El Yahya da haz\u0131r bulundu.<\/p>\n<p style=\"text-align: center;\"><strong><a href=\"https:\/\/t.me\/SuriyeArapHaberAjansI\">Telegram Kanal\u0131m\u0131z\u00a0<\/a>||<a href=\"https:\/\/twitter.com\/arap_ajans\">X Platformumuz\u00a0<\/a>||<a href=\"https:\/\/www.facebook.com\/SANAHaberAjansi\/\">Facebook Sayfam\u0131z<\/a><\/strong><\/p>\n","protected":false},"excerpt":{"rendered":"<p>R\u0130YAD 14 MART (SANA) &#8211;D\u0131\u015fi\u015fleri ve Gurbet\u00e7iler Bakan\u0131 Faysal Mikdad, Suudi Arabistan Krall\u0131\u011f\u0131 D\u0131\u015fi\u015fleri Bakan\u0131 Prens Faysal bin Ferhan ile iki karde\u015f \u00fclke aras\u0131ndaki ikili ili\u015fkileri ve bunlar\u0131n geli\u015ftirilme yollar\u0131n\u0131 g\u00f6r\u00fc\u015ft\u00fc. Bakan Mikdad, iki karde\u015f \u00fclke aras\u0131ndaki ili\u015fkilerin, iki \u00fclke ve halklar\u0131n\u0131n \u00e7\u0131karlar\u0131na hizmet edecek \u015fekilde \u00e7e\u015fitli d\u00fczeylerde ilerletilmesi gere\u011fini vurgulad\u0131. Mikdad ayr\u0131ca, b\u00f6lgemizin, \u00f6zellikle &hellip;<\/p>\n","protected":false},"author":1,"featured_media":298570,"comment_status":"closed","ping_status":"closed","sticky":false,"template":"","format":"standard","meta":{"footnotes":""},"categories":[458,459,17988],"tags":[],"class_list":["post-298569","post","type-post","status-publish","format-standard","has-post-thumbnail","","category-dunya1","category-haberler-arap-uluslararasi-politika","category-son-haberler"],"_links":{"self":[{"href":"https:\/\/archive.sana.sy\/tr\/index.php?rest_route=\/wp\/v2\/posts\/298569","targetHints":{"allow":["GET"]}}],"collection":[{"href":"https:\/\/archive.sana.sy\/tr\/index.php?rest_route=\/wp\/v2\/posts"}],"about":[{"href":"https:\/\/archive.sana.sy\/tr\/index.php?rest_route=\/wp\/v2\/types\/post"}],"author":[{"embeddable":true,"href":"https:\/\/archive.sana.sy\/tr\/index.php?rest_route=\/wp\/v2\/users\/1"}],"replies":[{"embeddable":true,"href":"https:\/\/archive.sana.sy\/tr\/index.php?rest_route=%2Fwp%2Fv2%2Fcomments&post=298569"}],"version-history":[{"count":8,"href":"https:\/\/archive.sana.sy\/tr\/index.php?rest_route=\/wp\/v2\/posts\/298569\/revisions"}],"predecessor-version":[{"id":298578,"href":"https:\/\/archive.sana.sy\/tr\/index.php?rest_route=\/wp\/v2\/posts\/298569\/revisions\/298578"}],"wp:featuredmedia":[{"embeddable":true,"href":"https:\/\/archive.sana.sy\/tr\/index.php?rest_route=\/wp\/v2\/media\/298570"}],"wp:attachment":[{"href":"https:\/\/archive.sana.sy\/tr\/index.php?rest_route=%2Fwp%2Fv2%2Fmedia&parent=298569"}],"wp:term":[{"taxonomy":"category","embeddable":true,"href":"https:\/\/archive.sana.sy\/tr\/index.php?rest_route=%2Fwp%2Fv2%2Fcategories&post=298569"},{"taxonomy":"post_tag","embeddable":true,"href":"https:\/\/archive.sana.sy\/tr\/index.php?rest_route=%2Fwp%2Fv2%2Ftags&post=298569"}],"curies":[{"name":"wp","href":"https:\/\/api.w.org\/{rel}","templated":true}]}}