{"id":298596,"date":"2024-03-15T13:00:14","date_gmt":"2024-03-15T10:00:14","guid":{"rendered":"https:\/\/sana.sy\/tr\/?p=298596"},"modified":"2024-03-17T09:26:08","modified_gmt":"2024-03-17T06:26:08","slug":"avrupa-akdeniz-gozlemevi-isgalci-israil-insani-yardim-bekleyen-filistinlilere-karsi-bilincli-olarak-katliam-yapiyor","status":"publish","type":"post","link":"https:\/\/archive.sana.sy\/tr\/?p=298596","title":{"rendered":"Avrupa-Akdeniz G\u00f6zlemevi: \u0130\u015fgalci \u0130srail, \u0130nsani Yard\u0131m Bekleyen Filistinlilere Kar\u015f\u0131 Bilin\u00e7li Olarak Katliam Yap\u0131yor"},"content":{"rendered":"<p style=\"text-align: justify;\"><strong>CENEVRE 15 MART (SANA)<\/strong> &#8211; Avrupa-Akdeniz \u0130nsan Haklar\u0131 G\u00f6zlemevi, \u0130srail i\u015fgal ordusunun, Gazze \u015eehri&#8217;nin eteklerindeki Kuveyt D\u00f6ner Kav\u015fa\u011f\u0131 yak\u0131n\u0131nda insani yard\u0131m malzemeleri almak i\u00e7in toplanan Filistin vatanda\u015flar\u0131n\u0131 hedef alarak yeni bir katliam ger\u00e7ekle\u015ftirmesini k\u0131nad\u0131.<\/p>\n<p style=\"text-align: justify;\">Avrupa-Akdeniz G\u00f6zlemevi yapt\u0131\u011f\u0131 a\u00e7\u0131klamada, &#8221;\u00d6n ifadelerden belgeledi\u011fine g\u00f6re, \u0130srail ordusu Filistinli sivilleri helikopterlerden, tanklardan ve quadcopter drone&#8217;lardan makineli t\u00fcfeklerle hedef ald\u0131 ve baz\u0131lar\u0131n\u0131 ezerek \u00f6ld\u00fcrd\u00fc. Ku\u015fatma alt\u0131ndaki \u015eerit&#8217;te yaratt\u0131\u011f\u0131 ka\u00e7\u0131n\u0131lmaz k\u0131tl\u0131k ko\u015fullar\u0131n\u0131n ortas\u0131nda katliamlar\u0131na bilin\u00e7li olarak devam ediyor&#8221; dedi.<\/p>\n<p style=\"text-align: justify;\">G\u00f6zlemevi, \u0130srail&#8217;in insani yard\u0131m malzemesi almaya \u00e7al\u0131\u015fan sivilleri hedef almas\u0131n\u0131n d\u00fcn \u00fcst \u00fcste be\u015finci g\u00fcn tekrarland\u0131\u011f\u0131na dikkat \u00e7ekerken,\u00a0 \u0130srail varl\u0131\u011f\u0131n\u0131n Gazze&#8217;de a\u00e7l\u0131k \u00e7eken insanlara y\u00f6nelik katliamlar\u0131n\u0131n&#8221; devam etmesinden uluslararas\u0131 toplumu ve ABD&#8217;yi sorumlu tuttu.<\/p>\n<p style=\"text-align: justify;\">\u0130nsan Haklar\u0131 G\u00f6zlemevi a\u00e7\u0131klamas\u0131nda da, \u0130srail ordusunun ge\u00e7en 7 Ekim&#8217;den bu yana onlara kar\u015f\u0131 i\u015fledi\u011fi soyk\u0131r\u0131m su\u00e7unun bir par\u00e7as\u0131 olarak yard\u0131m ve insani yard\u0131m konvoylar\u0131 arayan Filistinli sivillere y\u00f6nelik \u00f6l\u00fcmleri art\u0131rd\u0131\u011f\u0131n\u0131 kaydetti.<\/p>\n<p style=\"text-align: center;\"><strong><a href=\"https:\/\/t.me\/SuriyeArapHaberAjansI\">Telegram Kanal\u0131m\u0131z\u00a0<\/a>||<a href=\"https:\/\/twitter.com\/arap_ajans\">X Platformumuz\u00a0<\/a>||<a href=\"https:\/\/www.facebook.com\/SANAHaberAjansi\/\">Facebook Sayfam\u0131z<\/a><\/strong><\/p>\n","protected":false},"excerpt":{"rendered":"<p>CENEVRE 15 MART (SANA) &#8211; Avrupa-Akdeniz \u0130nsan Haklar\u0131 G\u00f6zlemevi, \u0130srail i\u015fgal ordusunun, Gazze \u015eehri&#8217;nin eteklerindeki Kuveyt D\u00f6ner Kav\u015fa\u011f\u0131 yak\u0131n\u0131nda insani yard\u0131m malzemeleri almak i\u00e7in toplanan Filistin vatanda\u015flar\u0131n\u0131 hedef alarak yeni bir katliam ger\u00e7ekle\u015ftirmesini k\u0131nad\u0131. Avrupa-Akdeniz G\u00f6zlemevi yapt\u0131\u011f\u0131 a\u00e7\u0131klamada, &#8221;\u00d6n ifadelerden belgeledi\u011fine g\u00f6re, \u0130srail ordusu Filistinli sivilleri helikopterlerden, tanklardan ve quadcopter drone&#8217;lardan makineli t\u00fcfeklerle hedef ald\u0131 &hellip;<\/p>\n","protected":false},"author":1,"featured_media":298597,"comment_status":"closed","ping_status":"closed","sticky":false,"template":"","format":"standard","meta":{"footnotes":""},"categories":[458,459,17988],"tags":[],"class_list":["post-298596","post","type-post","status-publish","format-standard","has-post-thumbnail","","category-dunya1","category-haberler-arap-uluslararasi-politika","category-son-haberler"],"_links":{"self":[{"href":"https:\/\/archive.sana.sy\/tr\/index.php?rest_route=\/wp\/v2\/posts\/298596","targetHints":{"allow":["GET"]}}],"collection":[{"href":"https:\/\/archive.sana.sy\/tr\/index.php?rest_route=\/wp\/v2\/posts"}],"about":[{"href":"https:\/\/archive.sana.sy\/tr\/index.php?rest_route=\/wp\/v2\/types\/post"}],"author":[{"embeddable":true,"href":"https:\/\/archive.sana.sy\/tr\/index.php?rest_route=\/wp\/v2\/users\/1"}],"replies":[{"embeddable":true,"href":"https:\/\/archive.sana.sy\/tr\/index.php?rest_route=%2Fwp%2Fv2%2Fcomments&post=298596"}],"version-history":[{"count":1,"href":"https:\/\/archive.sana.sy\/tr\/index.php?rest_route=\/wp\/v2\/posts\/298596\/revisions"}],"predecessor-version":[{"id":298598,"href":"https:\/\/archive.sana.sy\/tr\/index.php?rest_route=\/wp\/v2\/posts\/298596\/revisions\/298598"}],"wp:featuredmedia":[{"embeddable":true,"href":"https:\/\/archive.sana.sy\/tr\/index.php?rest_route=\/wp\/v2\/media\/298597"}],"wp:attachment":[{"href":"https:\/\/archive.sana.sy\/tr\/index.php?rest_route=%2Fwp%2Fv2%2Fmedia&parent=298596"}],"wp:term":[{"taxonomy":"category","embeddable":true,"href":"https:\/\/archive.sana.sy\/tr\/index.php?rest_route=%2Fwp%2Fv2%2Fcategories&post=298596"},{"taxonomy":"post_tag","embeddable":true,"href":"https:\/\/archive.sana.sy\/tr\/index.php?rest_route=%2Fwp%2Fv2%2Ftags&post=298596"}],"curies":[{"name":"wp","href":"https:\/\/api.w.org\/{rel}","templated":true}]}}