{"id":298606,"date":"2024-03-15T15:45:35","date_gmt":"2024-03-15T12:45:35","guid":{"rendered":"https:\/\/sana.sy\/tr\/?p=298606"},"modified":"2024-03-17T09:26:23","modified_gmt":"2024-03-17T06:26:23","slug":"israilin-gazze-seridinde-devam-eden-saldirganligin-161inci-gununde-sehit-ve-yaralilar","status":"publish","type":"post","link":"https:\/\/archive.sana.sy\/tr\/?p=298606","title":{"rendered":"\u0130srail\u2019in Gazze \u015eeridi\u2019nde Devam Eden Sald\u0131rganl\u0131\u011f\u0131n\u0131n 161\u2019inci G\u00fcn\u00fcnde \u015eehit Ve Yaral\u0131lar"},"content":{"rendered":"<p style=\"text-align: justify;\"><strong>\u0130\u015eGAL ED\u0130LEN KUD\u00dcS 15 MART (SANA)<\/strong> &#8211; \u0130\u015fgalci \u0130srail&#8217;in felakete u\u011frayan Gazze \u015eeridi&#8217;nde s\u00fcrd\u00fcrd\u00fc\u011f\u00fc soyk\u0131r\u0131m sava\u015f\u0131n\u0131n 161&#8217;inci g\u00fcn\u00fcnde devam etmesi sonucu bug\u00fcn onlarca Filistinli \u015fehit oldu ve yaraland\u0131.<\/p>\n<p style=\"text-align: justify;\">Filistin Wafa Ajans\u0131, i\u015fgal u\u00e7aklar\u0131n\u0131n Gazze \u015eeridi&#8217;nin g\u00fcneyindeki Han Yunus&#8217;taki bir evi bombalamas\u0131 sonucu, i\u015fgal top\u00e7ular\u0131n\u0131n Gazze \u015eeridi&#8217;nin merkezindeki Deyir El Balah&#8217;\u0131n do\u011fusunu bombalamas\u0131 sonucu d\u00f6rt Filistinlinin \u00f6ld\u00fcr\u00fcld\u00fc\u011f\u00fcn\u00fc bildirdi.<\/p>\n<p style=\"text-align: justify;\">Gazze \u015fehrinin bat\u0131s\u0131nda insani yard\u0131m bekleyen bir grup Filistinliye i\u015fgal u\u00e7a\u011f\u0131n\u0131n bombalamas\u0131 sonucu 3 Filistinli \u015fehit oldu, \u00e7ok say\u0131da ki\u015fi de yaraland\u0131. \u0130srail&#8217;in \u015fehrin g\u00fcneyindeki El-Zaytun mahallesini bombalamas\u0131 sonucu ba\u015fkalar\u0131 da yaraland\u0131.<\/p>\n<p style=\"text-align: center;\"><strong><a href=\"https:\/\/t.me\/SuriyeArapHaberAjansI\">Telegram Kanal\u0131m\u0131z\u00a0<\/a>||<a href=\"https:\/\/twitter.com\/arap_ajans\">X Platformumuz\u00a0<\/a>||<a href=\"https:\/\/www.facebook.com\/SANAHaberAjansi\/\">Facebook Sayfam\u0131z<\/a><\/strong><\/p>\n","protected":false},"excerpt":{"rendered":"<p>\u0130\u015eGAL ED\u0130LEN KUD\u00dcS 15 MART (SANA) &#8211; \u0130\u015fgalci \u0130srail&#8217;in felakete u\u011frayan Gazze \u015eeridi&#8217;nde s\u00fcrd\u00fcrd\u00fc\u011f\u00fc soyk\u0131r\u0131m sava\u015f\u0131n\u0131n 161&#8217;inci g\u00fcn\u00fcnde devam etmesi sonucu bug\u00fcn onlarca Filistinli \u015fehit oldu ve yaraland\u0131. Filistin Wafa Ajans\u0131, i\u015fgal u\u00e7aklar\u0131n\u0131n Gazze \u015eeridi&#8217;nin g\u00fcneyindeki Han Yunus&#8217;taki bir evi bombalamas\u0131 sonucu, i\u015fgal top\u00e7ular\u0131n\u0131n Gazze \u015eeridi&#8217;nin merkezindeki Deyir El Balah&#8217;\u0131n do\u011fusunu bombalamas\u0131 sonucu d\u00f6rt Filistinlinin &hellip;<\/p>\n","protected":false},"author":1,"featured_media":298607,"comment_status":"closed","ping_status":"closed","sticky":false,"template":"","format":"standard","meta":{"footnotes":""},"categories":[458,459,17988],"tags":[],"class_list":["post-298606","post","type-post","status-publish","format-standard","has-post-thumbnail","","category-dunya1","category-haberler-arap-uluslararasi-politika","category-son-haberler"],"_links":{"self":[{"href":"https:\/\/archive.sana.sy\/tr\/index.php?rest_route=\/wp\/v2\/posts\/298606","targetHints":{"allow":["GET"]}}],"collection":[{"href":"https:\/\/archive.sana.sy\/tr\/index.php?rest_route=\/wp\/v2\/posts"}],"about":[{"href":"https:\/\/archive.sana.sy\/tr\/index.php?rest_route=\/wp\/v2\/types\/post"}],"author":[{"embeddable":true,"href":"https:\/\/archive.sana.sy\/tr\/index.php?rest_route=\/wp\/v2\/users\/1"}],"replies":[{"embeddable":true,"href":"https:\/\/archive.sana.sy\/tr\/index.php?rest_route=%2Fwp%2Fv2%2Fcomments&post=298606"}],"version-history":[{"count":2,"href":"https:\/\/archive.sana.sy\/tr\/index.php?rest_route=\/wp\/v2\/posts\/298606\/revisions"}],"predecessor-version":[{"id":298609,"href":"https:\/\/archive.sana.sy\/tr\/index.php?rest_route=\/wp\/v2\/posts\/298606\/revisions\/298609"}],"wp:featuredmedia":[{"embeddable":true,"href":"https:\/\/archive.sana.sy\/tr\/index.php?rest_route=\/wp\/v2\/media\/298607"}],"wp:attachment":[{"href":"https:\/\/archive.sana.sy\/tr\/index.php?rest_route=%2Fwp%2Fv2%2Fmedia&parent=298606"}],"wp:term":[{"taxonomy":"category","embeddable":true,"href":"https:\/\/archive.sana.sy\/tr\/index.php?rest_route=%2Fwp%2Fv2%2Fcategories&post=298606"},{"taxonomy":"post_tag","embeddable":true,"href":"https:\/\/archive.sana.sy\/tr\/index.php?rest_route=%2Fwp%2Fv2%2Ftags&post=298606"}],"curies":[{"name":"wp","href":"https:\/\/api.w.org\/{rel}","templated":true}]}}