{"id":298611,"date":"2024-03-16T09:40:32","date_gmt":"2024-03-16T06:40:32","guid":{"rendered":"https:\/\/sana.sy\/tr\/?p=298611"},"modified":"2024-03-17T09:27:09","modified_gmt":"2024-03-17T06:27:09","slug":"suriye-onumuzdeki-mayis-ayinda-okul-takimlari-icin-uluslararasi-bilisim-olimpiyatlarina-ev-sahipligi-yapacak","status":"publish","type":"post","link":"https:\/\/archive.sana.sy\/tr\/?p=298611","title":{"rendered":"Suriye \u00d6n\u00fcm\u00fczdeki May\u0131s Ay\u0131nda Okul Tak\u0131mlar\u0131 \u0130\u00e7in Uluslararas\u0131 Bili\u015fim Olimpiyatlar\u0131na Ev Sahipli\u011fi Yapacak"},"content":{"rendered":"<p style=\"text-align: justify;\"><strong>\u015eAM 16 MART 2024 (SANA) \u2013<\/strong>\u00a0M\u00fckemmeliyet ve Yarat\u0131c\u0131l\u0131k Komisyonu, \u00f6n\u00fcm\u00fczdeki May\u0131s ay\u0131nda yap\u0131lmas\u0131 planlanan 2024 sezonunun yedinci oturumunda Suriye&#8217;nin ilk kez Uluslararas\u0131 Okul Tak\u0131mlar\u0131 Bili\u015fim Olimpiyatlar\u0131na ev sahipli\u011fi yapaca\u011f\u0131n\u0131 ilan etti.<\/p>\n<p style=\"text-align: justify;\">Kurumun yapt\u0131\u011f\u0131 ve SANA&#8217;n\u0131n n\u00fcshas\u0131n\u0131 ald\u0131\u011f\u0131 a\u00e7\u0131klamada, Tak\u0131mlar i\u00e7in Bili\u015fim Olimpiyatlar\u0131&#8217;n\u0131n, okul tak\u0131mlar\u0131n\u0131n programlama yar\u0131\u015fmalar\u0131na kat\u0131lmas\u0131yla ba\u015flayan, tak\u0131mlar\u0131n ulusal finallere kat\u0131lmas\u0131yla sona eren ve birinci olan tak\u0131mlar\u0131n \u00fclkelerini uluslararas\u0131 yar\u0131\u015fmada temsil etmesiyle sona eren \u00e7e\u015fitli a\u015famalardan olu\u015ftu\u011funu a\u00e7\u0131klad\u0131.<\/p>\n<p style=\"text-align: justify;\">Kurum, bug\u00fcn Homs&#8217;taki Ulusal M\u00fckemmeliyet Merkezi&#8217;nde d\u00fczenlenen turnuvan\u0131n ulusal finallerine Suriyeli okullardan 16 okul tak\u0131m\u0131n\u0131n kat\u0131lmaya hak kazand\u0131\u011f\u0131n\u0131 belirtirken, ilk yerlere ula\u015fan tak\u0131mlar\u0131n Suriye&#8217;yi okul tak\u0131mlar\u0131 i\u00e7in uluslararas\u0131 bili\u015fim Olimpiyat\u0131&#8217;nda temsil edece\u011fini kaydetti.<\/p>\n<p style=\"text-align: justify;\">Kurum a\u00e7\u0131klamas\u0131nda ayr\u0131ca, turnuvaya ister turnuva merkezinde ister uzaktan kat\u0131l\u0131m olsun, \u00e7e\u015fitli \u00fclkelerden tak\u0131mlar\u0131n kat\u0131l\u0131m\u0131n\u0131n m\u00fcmk\u00fcn olaca\u011f\u0131n\u0131 belirtirken, daha fazla bilgi ve ayr\u0131nt\u0131ya, 2024 sezonu okul tak\u0131mlar\u0131 i\u00e7in Uluslararas\u0131 Bili\u015fim Olimpiyatlar\u0131&#8217;n\u0131n resmi web sitesinde ve Kurumun sosyal a\u011f sitesi Facebook&#8217;taki resmi sayfas\u0131nda sa\u011flanan \u00f6zel elektronik ba\u011flant\u0131 arac\u0131l\u0131\u011f\u0131yla ula\u015f\u0131labilece\u011fine dikkat \u00e7ekti.<\/p>\n<p style=\"text-align: center;\"><strong><a href=\"https:\/\/t.me\/SuriyeArapHaberAjansI\">Telegram Kanal\u0131m\u0131z\u00a0<\/a>||<a href=\"https:\/\/twitter.com\/arap_ajans\">X Platformumuz\u00a0<\/a>||<a href=\"https:\/\/www.facebook.com\/SANAHaberAjansi\/\">Facebook Sayfam\u0131z<\/a><\/strong><\/p>\n","protected":false},"excerpt":{"rendered":"<p>\u015eAM 16 MART 2024 (SANA) \u2013\u00a0M\u00fckemmeliyet ve Yarat\u0131c\u0131l\u0131k Komisyonu, \u00f6n\u00fcm\u00fczdeki May\u0131s ay\u0131nda yap\u0131lmas\u0131 planlanan 2024 sezonunun yedinci oturumunda Suriye&#8217;nin ilk kez Uluslararas\u0131 Okul Tak\u0131mlar\u0131 Bili\u015fim Olimpiyatlar\u0131na ev sahipli\u011fi yapaca\u011f\u0131n\u0131 ilan etti. Kurumun yapt\u0131\u011f\u0131 ve SANA&#8217;n\u0131n n\u00fcshas\u0131n\u0131 ald\u0131\u011f\u0131 a\u00e7\u0131klamada, Tak\u0131mlar i\u00e7in Bili\u015fim Olimpiyatlar\u0131&#8217;n\u0131n, okul tak\u0131mlar\u0131n\u0131n programlama yar\u0131\u015fmalar\u0131na kat\u0131lmas\u0131yla ba\u015flayan, tak\u0131mlar\u0131n ulusal finallere kat\u0131lmas\u0131yla sona eren ve &hellip;<\/p>\n","protected":false},"author":36,"featured_media":298612,"comment_status":"closed","ping_status":"closed","sticky":false,"template":"","format":"standard","meta":{"footnotes":""},"categories":[479,17988,478],"tags":[],"class_list":["post-298611","post","type-post","status-publish","format-standard","has-post-thumbnail","","category-haberler-yerel","category-son-haberler","category-yerel"],"_links":{"self":[{"href":"https:\/\/archive.sana.sy\/tr\/index.php?rest_route=\/wp\/v2\/posts\/298611","targetHints":{"allow":["GET"]}}],"collection":[{"href":"https:\/\/archive.sana.sy\/tr\/index.php?rest_route=\/wp\/v2\/posts"}],"about":[{"href":"https:\/\/archive.sana.sy\/tr\/index.php?rest_route=\/wp\/v2\/types\/post"}],"author":[{"embeddable":true,"href":"https:\/\/archive.sana.sy\/tr\/index.php?rest_route=\/wp\/v2\/users\/36"}],"replies":[{"embeddable":true,"href":"https:\/\/archive.sana.sy\/tr\/index.php?rest_route=%2Fwp%2Fv2%2Fcomments&post=298611"}],"version-history":[{"count":2,"href":"https:\/\/archive.sana.sy\/tr\/index.php?rest_route=\/wp\/v2\/posts\/298611\/revisions"}],"predecessor-version":[{"id":298636,"href":"https:\/\/archive.sana.sy\/tr\/index.php?rest_route=\/wp\/v2\/posts\/298611\/revisions\/298636"}],"wp:featuredmedia":[{"embeddable":true,"href":"https:\/\/archive.sana.sy\/tr\/index.php?rest_route=\/wp\/v2\/media\/298612"}],"wp:attachment":[{"href":"https:\/\/archive.sana.sy\/tr\/index.php?rest_route=%2Fwp%2Fv2%2Fmedia&parent=298611"}],"wp:term":[{"taxonomy":"category","embeddable":true,"href":"https:\/\/archive.sana.sy\/tr\/index.php?rest_route=%2Fwp%2Fv2%2Fcategories&post=298611"},{"taxonomy":"post_tag","embeddable":true,"href":"https:\/\/archive.sana.sy\/tr\/index.php?rest_route=%2Fwp%2Fv2%2Ftags&post=298611"}],"curies":[{"name":"wp","href":"https:\/\/api.w.org\/{rel}","templated":true}]}}