{"id":298644,"date":"2024-03-16T07:23:37","date_gmt":"2024-03-16T04:23:37","guid":{"rendered":"https:\/\/sana.sy\/tr\/?p=298644"},"modified":"2024-03-17T09:26:59","modified_gmt":"2024-03-17T06:26:59","slug":"cuper-myanmara-karsi-oynanacak-iki-dunya-kupasi-eleme-macina-cikacak-suriye-erkek-futbol-takiminin-listesini-acikladi","status":"publish","type":"post","link":"https:\/\/archive.sana.sy\/tr\/?p=298644","title":{"rendered":"Cuper, Myanmar&#8217;a Kar\u015f\u0131 Oynanacak \u0130ki D\u00fcnya Kupas\u0131 Eleme Ma\u00e7\u0131na \u00c7\u0131kacak Suriye Erkek Futbol Tak\u0131m\u0131n\u0131n Listesini A\u00e7\u0131klad\u0131"},"content":{"rendered":"<p style=\"text-align: justify;\"><strong>\u015eAM 16 MART (SANA)<\/strong> &#8211; Suriye Milli Futbol Tak\u0131m\u0131 Teknik Direkt\u00f6r\u00fc Hector Cuper 2026 D\u00fcnya Kupas\u0131 ve 2027 Asya Kupas\u0131 \u00e7ift eleme grup a\u015famas\u0131nda bu ay\u0131n 21&#8217;inde ve 26&#8217;s\u0131nda Myanmar&#8217;a kar\u015f\u0131 oynayacak milli tak\u0131m oyuncular\u0131n\u0131n listesini a\u00e7\u0131klad\u0131.<\/p>\n<p style=\"text-align: justify;\">Listede \u015funlar vard\u0131: \u0130brahim Alame, Ahmed Madaniyah, Taha Musa, Elias Hadiya, Eyhem Uveysu, Sair Kroma, Amr Midani, Mueyyed Havli, Muayyad El Acan, Abdulrahman Vais, Amr Caniyat, Halil \u0130lyas, Mahmud Dahud, Ezaquiel Al-Amm, Fahd El Yusuf, Elmar Ibrahim, Ammar Ramazan, Mahmud El Asvad, Daliho Erandest, Nuh \u015eamun, \u0130brahim Hisar ve Alaa El Dali ve Mardik Mardikian.<\/p>\n<p style=\"text-align: justify;\">Listede \u00d6mer Hiribin ve Muhammed Osman&#8217;\u0131n sakatl\u0131\u011f\u0131 nedeniyle, Mahmoud Dahoud&#8217;un ise ailevi bir durum nedeniyle ilk ma\u00e7ta yer almad\u0131\u011f\u0131, Suudi kenti Dammam&#8217;da oynanacak r\u00f6van\u015f ma\u00e7\u0131nda ise yer alaca\u011f\u0131 belirtildi.<\/p>\n<p style=\"text-align: justify;\">Tak\u0131m\u0131m\u0131z\u0131n heyeti, ilk ma\u00e7 milli tak\u0131m\u0131yla kar\u015f\u0131la\u015fma haz\u0131rl\u0131klar\u0131 i\u00e7in bu ak\u015fam Myanmar&#8217;a gidecek, r\u00f6van\u015f ma\u00e7\u0131nda ise Suudi Arabistan&#8217;\u0131n Dammam kentinde tekrar kar\u015f\u0131 kar\u015f\u0131ya gelecek.<\/p>\n<p style=\"text-align: justify;\">Tak\u0131m\u0131m\u0131z elemelere Demokrat Koreli rakibini 1-0 yenerek \u00f6nemli bir galibiyetle ba\u015flad\u0131 ve Japon rakibine be\u015f temiz golle yenildi.<\/p>\n<p style=\"text-align: center;\"><strong><a href=\"https:\/\/t.me\/SuriyeArapHaberAjansI\">Telegram Kanal\u0131m\u0131z\u00a0<\/a>||<a href=\"https:\/\/twitter.com\/arap_ajans\">X Platformumuz\u00a0<\/a>||<a href=\"https:\/\/www.facebook.com\/SANAHaberAjansi\/\">Facebook Sayfam\u0131z<\/a><\/strong><\/p>\n","protected":false},"excerpt":{"rendered":"<p>\u015eAM 16 MART (SANA) &#8211; Suriye Milli Futbol Tak\u0131m\u0131 Teknik Direkt\u00f6r\u00fc Hector Cuper 2026 D\u00fcnya Kupas\u0131 ve 2027 Asya Kupas\u0131 \u00e7ift eleme grup a\u015famas\u0131nda bu ay\u0131n 21&#8217;inde ve 26&#8217;s\u0131nda Myanmar&#8217;a kar\u015f\u0131 oynayacak milli tak\u0131m oyuncular\u0131n\u0131n listesini a\u00e7\u0131klad\u0131. Listede \u015funlar vard\u0131: \u0130brahim Alame, Ahmed Madaniyah, Taha Musa, Elias Hadiya, Eyhem Uveysu, Sair Kroma, Amr Midani, Mueyyed &hellip;<\/p>\n","protected":false},"author":41,"featured_media":298645,"comment_status":"closed","ping_status":"closed","sticky":false,"template":"","format":"standard","meta":{"footnotes":""},"categories":[458,498,459,17988,496],"tags":[41028,41029],"class_list":["post-298644","post","type-post","status-publish","format-standard","has-post-thumbnail","","category-dunya1","category-dunya-turnuvalari","category-haberler-arap-uluslararasi-politika","category-son-haberler","category-spor","tag-cuper","tag-myanmara-karsi-oynanacak-iki-dunya-kupasi-eleme-macina-cikacak-suriye-erkek-futbol-takiminin-listesini-acikladi"],"_links":{"self":[{"href":"https:\/\/archive.sana.sy\/tr\/index.php?rest_route=\/wp\/v2\/posts\/298644","targetHints":{"allow":["GET"]}}],"collection":[{"href":"https:\/\/archive.sana.sy\/tr\/index.php?rest_route=\/wp\/v2\/posts"}],"about":[{"href":"https:\/\/archive.sana.sy\/tr\/index.php?rest_route=\/wp\/v2\/types\/post"}],"author":[{"embeddable":true,"href":"https:\/\/archive.sana.sy\/tr\/index.php?rest_route=\/wp\/v2\/users\/41"}],"replies":[{"embeddable":true,"href":"https:\/\/archive.sana.sy\/tr\/index.php?rest_route=%2Fwp%2Fv2%2Fcomments&post=298644"}],"version-history":[{"count":4,"href":"https:\/\/archive.sana.sy\/tr\/index.php?rest_route=\/wp\/v2\/posts\/298644\/revisions"}],"predecessor-version":[{"id":298662,"href":"https:\/\/archive.sana.sy\/tr\/index.php?rest_route=\/wp\/v2\/posts\/298644\/revisions\/298662"}],"wp:featuredmedia":[{"embeddable":true,"href":"https:\/\/archive.sana.sy\/tr\/index.php?rest_route=\/wp\/v2\/media\/298645"}],"wp:attachment":[{"href":"https:\/\/archive.sana.sy\/tr\/index.php?rest_route=%2Fwp%2Fv2%2Fmedia&parent=298644"}],"wp:term":[{"taxonomy":"category","embeddable":true,"href":"https:\/\/archive.sana.sy\/tr\/index.php?rest_route=%2Fwp%2Fv2%2Fcategories&post=298644"},{"taxonomy":"post_tag","embeddable":true,"href":"https:\/\/archive.sana.sy\/tr\/index.php?rest_route=%2Fwp%2Fv2%2Ftags&post=298644"}],"curies":[{"name":"wp","href":"https:\/\/api.w.org\/{rel}","templated":true}]}}