{"id":298666,"date":"2024-03-17T11:10:17","date_gmt":"2024-03-17T08:10:17","guid":{"rendered":"https:\/\/sana.sy\/tr\/?p=298666"},"modified":"2024-03-18T11:07:57","modified_gmt":"2024-03-18T08:07:57","slug":"rusya-savunma-bakanligi-deyrezzor-kirsalinda-el-nusra-teroristlerine-ait-bir-ussun-imha-edildigini-duyurdu","status":"publish","type":"post","link":"https:\/\/archive.sana.sy\/tr\/?p=298666","title":{"rendered":"Rusya Savunma Bakanl\u0131\u011f\u0131, Deyrezzor K\u0131rsal\u0131nda &#8221;El Nusra&#8221; Ter\u00f6ristlerine Ait Bir \u00dcss\u00fcn \u0130mha Edildi\u011fini Duyurdu"},"content":{"rendered":"<p style=\"text-align: justify;\"><strong>MOSKOVA 17 MART 2024 (SANA)<\/strong> \u2013 Rusya Savunma Bakanl\u0131\u011f\u0131, sava\u015f u\u00e7aklar\u0131n\u0131n Deyrezzor&#8217;da uluslararas\u0131 ter\u00f6r listesinde yer alan &#8220;El Nusra Cephesi&#8221; ter\u00f6ristlerine ait bir \u00fcss\u00fc imha etti\u011fini duyurdu.<\/p>\n<p style=\"text-align: justify;\">Hmeymim&#8217;deki Rusya Koordinasyon Merkezi Ba\u015fkan Yard\u0131mc\u0131s\u0131 General Vadim Collet bas\u0131n a\u00e7\u0131klamas\u0131nda, &#8221;Yap\u0131lan bask\u0131nda Rusya sava\u015f u\u00e7aklar\u0131, Homs&#8217;un do\u011fu k\u0131rsal\u0131ndaki Suriye-Irak s\u0131n\u0131r\u0131ndaki El Tenf b\u00f6lgesinden ayr\u0131lan ve Deyrezzor&#8217;daki Bi\u015fri s\u0131rada\u011flar\u0131ndaki engebeli b\u00f6lgelere s\u0131\u011f\u0131nan &#8220;El Nusra Cephesi&#8221; ter\u00f6ristlerine ait bir \u00fcss\u00fc imha etti&#8221; diyerek,\u00a0 Rus bask\u0131n\u0131n\u0131n ter\u00f6r \u00f6rg\u00fct\u00fcne ciddi ekipman ve personel kayb\u0131 ya\u015fatt\u0131\u011f\u0131na dikkat \u00e7ekti.<\/p>\n<p style=\"text-align: justify;\">Bununla ilgili olarak Rus general, \u0130dlib&#8217;deki gerilimi azaltma b\u00f6lgesinde son 24 saat i\u00e7inde El Nusra ter\u00f6ristleri taraf\u0131ndan g\u00fcvenli b\u00f6lgelere 3 sald\u0131r\u0131 kaydedildi\u011fini kaydetti.<\/p>\n<p style=\"text-align: center;\"><strong><a href=\"https:\/\/t.me\/SuriyeArapHaberAjansI\">Telegram Kanal\u0131m\u0131z\u00a0<\/a>||<a href=\"https:\/\/twitter.com\/arap_ajans\">X Platformumuz\u00a0<\/a>||<a href=\"https:\/\/www.facebook.com\/SANAHaberAjansi\/\">Facebook Sayfam\u0131z<\/a><\/strong><\/p>\n","protected":false},"excerpt":{"rendered":"<p>MOSKOVA 17 MART 2024 (SANA) \u2013 Rusya Savunma Bakanl\u0131\u011f\u0131, sava\u015f u\u00e7aklar\u0131n\u0131n Deyrezzor&#8217;da uluslararas\u0131 ter\u00f6r listesinde yer alan &#8220;El Nusra Cephesi&#8221; ter\u00f6ristlerine ait bir \u00fcss\u00fc imha etti\u011fini duyurdu. Hmeymim&#8217;deki Rusya Koordinasyon Merkezi Ba\u015fkan Yard\u0131mc\u0131s\u0131 General Vadim Collet bas\u0131n a\u00e7\u0131klamas\u0131nda, &#8221;Yap\u0131lan bask\u0131nda Rusya sava\u015f u\u00e7aklar\u0131, Homs&#8217;un do\u011fu k\u0131rsal\u0131ndaki Suriye-Irak s\u0131n\u0131r\u0131ndaki El Tenf b\u00f6lgesinden ayr\u0131lan ve Deyrezzor&#8217;daki Bi\u015fri &hellip;<\/p>\n","protected":false},"author":39,"featured_media":298667,"comment_status":"closed","ping_status":"closed","sticky":false,"template":"","format":"standard","meta":{"footnotes":""},"categories":[479,575,17988,478],"tags":[],"class_list":["post-298666","post","type-post","status-publish","format-standard","has-post-thumbnail","","category-haberler-yerel","category-olaylar-ve-gercekler","category-son-haberler","category-yerel"],"_links":{"self":[{"href":"https:\/\/archive.sana.sy\/tr\/index.php?rest_route=\/wp\/v2\/posts\/298666","targetHints":{"allow":["GET"]}}],"collection":[{"href":"https:\/\/archive.sana.sy\/tr\/index.php?rest_route=\/wp\/v2\/posts"}],"about":[{"href":"https:\/\/archive.sana.sy\/tr\/index.php?rest_route=\/wp\/v2\/types\/post"}],"author":[{"embeddable":true,"href":"https:\/\/archive.sana.sy\/tr\/index.php?rest_route=\/wp\/v2\/users\/39"}],"replies":[{"embeddable":true,"href":"https:\/\/archive.sana.sy\/tr\/index.php?rest_route=%2Fwp%2Fv2%2Fcomments&post=298666"}],"version-history":[{"count":1,"href":"https:\/\/archive.sana.sy\/tr\/index.php?rest_route=\/wp\/v2\/posts\/298666\/revisions"}],"predecessor-version":[{"id":298675,"href":"https:\/\/archive.sana.sy\/tr\/index.php?rest_route=\/wp\/v2\/posts\/298666\/revisions\/298675"}],"wp:featuredmedia":[{"embeddable":true,"href":"https:\/\/archive.sana.sy\/tr\/index.php?rest_route=\/wp\/v2\/media\/298667"}],"wp:attachment":[{"href":"https:\/\/archive.sana.sy\/tr\/index.php?rest_route=%2Fwp%2Fv2%2Fmedia&parent=298666"}],"wp:term":[{"taxonomy":"category","embeddable":true,"href":"https:\/\/archive.sana.sy\/tr\/index.php?rest_route=%2Fwp%2Fv2%2Fcategories&post=298666"},{"taxonomy":"post_tag","embeddable":true,"href":"https:\/\/archive.sana.sy\/tr\/index.php?rest_route=%2Fwp%2Fv2%2Ftags&post=298666"}],"curies":[{"name":"wp","href":"https:\/\/api.w.org\/{rel}","templated":true}]}}