{"id":298716,"date":"2024-03-18T11:41:26","date_gmt":"2024-03-18T08:41:26","guid":{"rendered":"https:\/\/sana.sy\/tr\/?p=298716"},"modified":"2024-03-20T14:07:49","modified_gmt":"2024-03-20T11:07:49","slug":"israil-dusmani-guney-lubnana-saldirilarini-yeniledi","status":"publish","type":"post","link":"https:\/\/archive.sana.sy\/tr\/?p=298716","title":{"rendered":"D\u00fc\u015fman \u0130srail G\u00fcney L\u00fcbnan&#8217;a Sald\u0131r\u0131lar\u0131n\u0131 Yeniledi"},"content":{"rendered":"<p style=\"text-align: justify;\"><strong>BEYRUT (SANA) \u2013<\/strong> \u0130srail d\u00fc\u015fman\u0131 g\u00fcney L\u00fcbnan&#8217;\u0131n s\u0131n\u0131r b\u00f6lgelerine sald\u0131r\u0131lar\u0131n\u0131 yeniledi.<\/p>\n<p style=\"text-align: justify;\">L\u00fcbnan Ulusal Haber Ajans\u0131, \u0130srail sava\u015f u\u00e7aklar\u0131n\u0131n bug\u00fcn \u015fafak vakti\u00a0 Ramieh kasabas\u0131n\u0131n eteklerinde bir eve hava sald\u0131r\u0131s\u0131 d\u00fczenleyerek m\u00fclklere, mahsullere ve kom\u015fu evlere maddi hasara yol a\u00e7t\u0131\u011f\u0131n\u0131, d\u00fc\u015fman top\u00e7ular\u0131n\u0131n da Ramyeh ve Aita El \u015eaab kasabalar\u0131n\u0131n eteklerini bombalad\u0131\u011f\u0131n\u0131 bildirdi.<\/p>\n<p style=\"text-align: justify;\">\u0130srail ke\u015fif u\u00e7aklar\u0131 da geceleri Tire ve Bint Cbeyl il\u00e7elerinin k\u00f6yleri \u00fczerinde u\u00e7tu ve d\u00fc\u015fman bat\u0131 ve orta kesimlerdeki k\u00f6ylere hafif bombalar atarak Tire \u015fehrinin d\u0131\u015f mahallelerine ula\u015ft\u0131.<\/p>\n<p style=\"text-align: center;\"><strong><a href=\"https:\/\/t.me\/SuriyeArapHaberAjansI\">Telegram Kanal\u0131m\u0131z\u00a0<\/a>||<a href=\"https:\/\/twitter.com\/arap_ajans\">X Platformumuz\u00a0<\/a>||<a href=\"https:\/\/www.facebook.com\/SANAHaberAjansi\/\">Facebook Sayfam\u0131z<\/a><\/strong><\/p>\n","protected":false},"excerpt":{"rendered":"<p>BEYRUT (SANA) \u2013 \u0130srail d\u00fc\u015fman\u0131 g\u00fcney L\u00fcbnan&#8217;\u0131n s\u0131n\u0131r b\u00f6lgelerine sald\u0131r\u0131lar\u0131n\u0131 yeniledi. L\u00fcbnan Ulusal Haber Ajans\u0131, \u0130srail sava\u015f u\u00e7aklar\u0131n\u0131n bug\u00fcn \u015fafak vakti\u00a0 Ramieh kasabas\u0131n\u0131n eteklerinde bir eve hava sald\u0131r\u0131s\u0131 d\u00fczenleyerek m\u00fclklere, mahsullere ve kom\u015fu evlere maddi hasara yol a\u00e7t\u0131\u011f\u0131n\u0131, d\u00fc\u015fman top\u00e7ular\u0131n\u0131n da Ramyeh ve Aita El \u015eaab kasabalar\u0131n\u0131n eteklerini bombalad\u0131\u011f\u0131n\u0131 bildirdi. \u0130srail ke\u015fif u\u00e7aklar\u0131 da geceleri &hellip;<\/p>\n","protected":false},"author":39,"featured_media":298717,"comment_status":"closed","ping_status":"closed","sticky":false,"template":"","format":"standard","meta":{"footnotes":""},"categories":[458,459,17988],"tags":[],"class_list":["post-298716","post","type-post","status-publish","format-standard","has-post-thumbnail","","category-dunya1","category-haberler-arap-uluslararasi-politika","category-son-haberler"],"_links":{"self":[{"href":"https:\/\/archive.sana.sy\/tr\/index.php?rest_route=\/wp\/v2\/posts\/298716","targetHints":{"allow":["GET"]}}],"collection":[{"href":"https:\/\/archive.sana.sy\/tr\/index.php?rest_route=\/wp\/v2\/posts"}],"about":[{"href":"https:\/\/archive.sana.sy\/tr\/index.php?rest_route=\/wp\/v2\/types\/post"}],"author":[{"embeddable":true,"href":"https:\/\/archive.sana.sy\/tr\/index.php?rest_route=\/wp\/v2\/users\/39"}],"replies":[{"embeddable":true,"href":"https:\/\/archive.sana.sy\/tr\/index.php?rest_route=%2Fwp%2Fv2%2Fcomments&post=298716"}],"version-history":[{"count":3,"href":"https:\/\/archive.sana.sy\/tr\/index.php?rest_route=\/wp\/v2\/posts\/298716\/revisions"}],"predecessor-version":[{"id":298720,"href":"https:\/\/archive.sana.sy\/tr\/index.php?rest_route=\/wp\/v2\/posts\/298716\/revisions\/298720"}],"wp:featuredmedia":[{"embeddable":true,"href":"https:\/\/archive.sana.sy\/tr\/index.php?rest_route=\/wp\/v2\/media\/298717"}],"wp:attachment":[{"href":"https:\/\/archive.sana.sy\/tr\/index.php?rest_route=%2Fwp%2Fv2%2Fmedia&parent=298716"}],"wp:term":[{"taxonomy":"category","embeddable":true,"href":"https:\/\/archive.sana.sy\/tr\/index.php?rest_route=%2Fwp%2Fv2%2Fcategories&post=298716"},{"taxonomy":"post_tag","embeddable":true,"href":"https:\/\/archive.sana.sy\/tr\/index.php?rest_route=%2Fwp%2Fv2%2Ftags&post=298716"}],"curies":[{"name":"wp","href":"https:\/\/api.w.org\/{rel}","templated":true}]}}