{"id":298730,"date":"2024-03-18T14:58:47","date_gmt":"2024-03-18T11:58:47","guid":{"rendered":"https:\/\/sana.sy\/tr\/?p=298730"},"modified":"2024-03-20T14:05:39","modified_gmt":"2024-03-20T11:05:39","slug":"peskov-putin-mutlak-bir-zafer-kazandi-ve-bu-rus-halkinin-ona-verdigi-destegin-teyididir","status":"publish","type":"post","link":"https:\/\/archive.sana.sy\/tr\/?p=298730","title":{"rendered":"Peskov: Putin Mutlak Bir Zafer Kazand\u0131 Ve Bu Rus Halk\u0131n\u0131n Ona Verdi\u011fi Deste\u011fin Teyididir"},"content":{"rendered":"<p style=\"text-align: justify;\"><strong>MOSKOVA 18 MART (SANA) &#8211;<\/strong> Rusya ba\u015fkanl\u0131k s\u00f6zc\u00fcs\u00fc Dmitry Peskov, Ba\u015fkan Vladimir Putin&#8217;in ba\u015fkanl\u0131k se\u00e7imlerinde elde etti\u011fi sonu\u00e7lar\u0131n, sahip oldu\u011fu halk deste\u011finin d\u00fczeyini g\u00f6sterdi\u011fini do\u011frulad\u0131.<\/p>\n<p style=\"text-align: justify;\">Novosti, Peskov&#8217;un bug\u00fcn gazetecilere yapt\u0131\u011f\u0131 a\u00e7\u0131klamada, \u00a0&#8220;Putin aday olarak mutlak bir zafer elde etti ve elbette bu, \u00fclkemiz halk\u0131n\u0131n cumhurba\u015fkan\u0131n\u0131 destekledi\u011finin, bir arada durdu\u011funun ve onun yolu ve politikalar\u0131 etraf\u0131nda topland\u0131\u011f\u0131n\u0131n en anlaml\u0131 teyididir&#8221; dedi.<\/p>\n<p style=\"text-align: center;\"><strong><a href=\"https:\/\/t.me\/SuriyeArapHaberAjansI\">Telegram Kanal\u0131m\u0131z\u00a0<\/a>||<a href=\"https:\/\/twitter.com\/arap_ajans\">X Platformumuz\u00a0<\/a>||<a href=\"https:\/\/www.facebook.com\/SANAHaberAjansi\/\">Facebook Sayfam\u0131z<\/a><\/strong><\/p>\n","protected":false},"excerpt":{"rendered":"<p>MOSKOVA 18 MART (SANA) &#8211; Rusya ba\u015fkanl\u0131k s\u00f6zc\u00fcs\u00fc Dmitry Peskov, Ba\u015fkan Vladimir Putin&#8217;in ba\u015fkanl\u0131k se\u00e7imlerinde elde etti\u011fi sonu\u00e7lar\u0131n, sahip oldu\u011fu halk deste\u011finin d\u00fczeyini g\u00f6sterdi\u011fini do\u011frulad\u0131. Novosti, Peskov&#8217;un bug\u00fcn gazetecilere yapt\u0131\u011f\u0131 a\u00e7\u0131klamada, \u00a0&#8220;Putin aday olarak mutlak bir zafer elde etti ve elbette bu, \u00fclkemiz halk\u0131n\u0131n cumhurba\u015fkan\u0131n\u0131 destekledi\u011finin, bir arada durdu\u011funun ve onun yolu ve politikalar\u0131 etraf\u0131nda &hellip;<\/p>\n","protected":false},"author":39,"featured_media":298731,"comment_status":"closed","ping_status":"closed","sticky":false,"template":"","format":"standard","meta":{"footnotes":""},"categories":[458,459,17988],"tags":[41036],"class_list":["post-298730","post","type-post","status-publish","format-standard","has-post-thumbnail","","category-dunya1","category-haberler-arap-uluslararasi-politika","category-son-haberler","tag-peskov-putin-mutlak-bir-zafer-kazandi-ve-bu-rus-halkinin-ona-verdigi-destegin-teyididir"],"_links":{"self":[{"href":"https:\/\/archive.sana.sy\/tr\/index.php?rest_route=\/wp\/v2\/posts\/298730","targetHints":{"allow":["GET"]}}],"collection":[{"href":"https:\/\/archive.sana.sy\/tr\/index.php?rest_route=\/wp\/v2\/posts"}],"about":[{"href":"https:\/\/archive.sana.sy\/tr\/index.php?rest_route=\/wp\/v2\/types\/post"}],"author":[{"embeddable":true,"href":"https:\/\/archive.sana.sy\/tr\/index.php?rest_route=\/wp\/v2\/users\/39"}],"replies":[{"embeddable":true,"href":"https:\/\/archive.sana.sy\/tr\/index.php?rest_route=%2Fwp%2Fv2%2Fcomments&post=298730"}],"version-history":[{"count":1,"href":"https:\/\/archive.sana.sy\/tr\/index.php?rest_route=\/wp\/v2\/posts\/298730\/revisions"}],"predecessor-version":[{"id":298732,"href":"https:\/\/archive.sana.sy\/tr\/index.php?rest_route=\/wp\/v2\/posts\/298730\/revisions\/298732"}],"wp:featuredmedia":[{"embeddable":true,"href":"https:\/\/archive.sana.sy\/tr\/index.php?rest_route=\/wp\/v2\/media\/298731"}],"wp:attachment":[{"href":"https:\/\/archive.sana.sy\/tr\/index.php?rest_route=%2Fwp%2Fv2%2Fmedia&parent=298730"}],"wp:term":[{"taxonomy":"category","embeddable":true,"href":"https:\/\/archive.sana.sy\/tr\/index.php?rest_route=%2Fwp%2Fv2%2Fcategories&post=298730"},{"taxonomy":"post_tag","embeddable":true,"href":"https:\/\/archive.sana.sy\/tr\/index.php?rest_route=%2Fwp%2Fv2%2Ftags&post=298730"}],"curies":[{"name":"wp","href":"https:\/\/api.w.org\/{rel}","templated":true}]}}