{"id":29874,"date":"2015-04-16T20:00:23","date_gmt":"2015-04-16T17:00:23","guid":{"rendered":"http:\/\/www.sana.sy\/tr\/?p=29874"},"modified":"2015-04-17T19:59:02","modified_gmt":"2015-04-17T16:59:02","slug":"69-yildonumu-kutlamalari-vatana-baglilik-ve-vefayi-yansitti","status":"publish","type":"post","link":"https:\/\/archive.sana.sy\/tr\/?p=29874","title":{"rendered":"69. Y\u0131ld\u00f6n\u00fcm\u00fc Kutlamalar\u0131 Vatana Ba\u011fl\u0131l\u0131k ve Vefay\u0131 Yans\u0131tt\u0131"},"content":{"rendered":"<p>\u015eAM \u2013 Suriye topraklar\u0131n\u0131 i\u015fgal eden son Frans\u0131z askerinin bu topraklardan ka\u00e7\u0131\u015f\u0131 ve Suriye&#8217;nin ba\u011f\u0131ms\u0131zl\u0131\u011f\u0131n\u0131 kazanmas\u0131n\u0131n 69. Y\u0131ld\u00f6n\u00fcm\u00fc kutlamalar\u0131 Suriye halk\u0131n\u0131n vatanseverlik, ulusal ba\u011f\u0131ms\u0131zl\u0131k ve egemenli\u011fe olan ba\u011fl\u0131l\u0131klar\u0131n\u0131 hayk\u0131rd\u0131klar\u0131 merasimlere d\u00f6n\u00fc\u015ft\u00fc.<\/p>\n<p>Zulme ve zalime boyun e\u011fmeyi hi\u00e7bir \u015fekilde kabul etmeyece\u011fini tarih boyunca kazand\u0131\u011f\u0131 zaferlerle tekrar tekrar kan\u0131tlayan Suriye halk\u0131 bug\u00fcn de ter\u00f6re, komploculara ve destek\u00e7ilerine kar\u015f\u0131 verdi\u011fi \u015fanl\u0131 direni\u015fle kazand\u0131\u011f\u0131 zaferi tarihin ak sayfalar\u0131na yald\u0131zl\u0131 harflerle i\u015fliyor.<\/p>\n<p>Her y\u0131l Frans\u0131z i\u015fgaline kar\u015f\u0131 kazand\u0131klar\u0131 zaferi t\u00f6renlerle kutlayan Suriye halk\u0131 \u015fehitlerine ve gazilerine duydu\u011fu ba\u011fl\u0131l\u0131k ve vefay\u0131 b\u00fct\u00fcn d\u00fcnya nezdinde tekrardan ve tekrardan kan\u0131tl\u0131yor.<\/p>\n<p>Frans\u0131z i\u015fgalinin k\u00fclt\u00fcr, dil ve e\u011fitim ile ilgili dayatmalar\u0131na kar\u015f\u0131 kuzey b\u00f6lgelerde kazan\u0131lan zaferlerden ba\u015flayarak sahil da\u011flar\u0131, Horan, Arap, Zevaya da\u011flar\u0131, F\u0131rat B\u00f6lgesi, el Cezire B\u00f6lgesi, Hama ve \u00fclkenin her kar\u0131\u015f topra\u011f\u0131 kahramanca savunan onurlu Suriyelilerin diktikleri ba\u011f\u0131ms\u0131zl\u0131k bayraklar\u0131yla s\u00fcslendi adeta.<\/p>\n<p>Kahramanca sava\u015farak can\u0131 pahas\u0131na kazand\u0131klar\u0131 ulusal ba\u011f\u0131ms\u0131zl\u0131\u011f\u0131, ahfad\u0131na alt\u0131n bir tepside sunan onurlu atalar\u0131n\u0131 zikreden Suriyeliler alt\u0131n bir tepsiyle ald\u0131klar\u0131 bu kutsal emaneti her ne pahas\u0131na olursa olsun koruyacaklar\u0131na ant i\u00e7iyorlar.<\/p>\n<p>Sultan Pa\u015fa el Atra\u015f\u2019\u0131n, \u0130brahim Hanano\u2019nun, Ahmet Meryud\u2019un, Fevzi el Kavkaci\u2019nin, \u015eeyh Salah el Ali\u2019nin, Hasan el Harrat\u2019\u0131n, Sait el Ass\u2019\u0131n, Mahmut el Faur\u2019un torunlar\u0131y\u0131z biz diye hayk\u0131r\u0131yor b\u00fct\u00fcn onurlu Suriyeliler, ecdad\u0131m\u0131z\u0131n her zerresini kanlar\u0131yla yo\u011furduklar\u0131 vatan topraklar\u0131nda z\u00fclm\u00fcn, ter\u00f6r\u00fcn, tekfircili\u011fin ve karanl\u0131\u011f\u0131n k\u00f6k salmas\u0131na izin vermeyiz dediler. Ve tek y\u00fcrek tek yumruk olup dikildiler d\u00fc\u015fman\u0131n kar\u015f\u0131s\u0131na\u2026<\/p>\n<p>Bug\u00fcn Suriye&#8217;nin \u015fanl\u0131 kurtulu\u015f zaferinin y\u0131ld\u00f6n\u00fcm\u00fc\u2026 devasa devletleri ve ordular\u0131 birka\u00e7 ayl\u0131k bir s\u00fcrede yerle bir eden, d\u00fcnyan\u0131n dev g\u00fc\u00e7leri taraf\u0131ndan en yeni teknolojilerle haz\u0131rlanm\u0131\u015f komplo ve sald\u0131r\u0131lar nas\u0131l olurda Suriye gibi on y\u0131llard\u0131r ambargo alt\u0131nda ya\u015fayan bir devletin kar\u015f\u0131s\u0131nda aciz kal\u0131r sorusunun cevab\u0131 bug\u00fcnde gizlidir.<\/p>\n<p>4 y\u0131ld\u0131r zulm\u00fcn en karanl\u0131\u011f\u0131nda \u00e7oluk \u00e7ocuk kad\u0131n erken demeden insan\u0131n akl\u0131n\u0131n hayalinin s\u0131\u011fmayaca\u011f\u0131 ac\u0131lara ve zulme ra\u011fmen Suriye halk\u0131 nas\u0131l ayakta duruyor sorusunun cevab\u0131 da bug\u00fcn y\u0131ld\u00f6n\u00fcm\u00fc kutlanan kurtulu\u015f ve ba\u011f\u0131ms\u0131zl\u0131k zaferinin tarihinde gizlidir.<\/p>\n<p>Kurtulu\u015f zaferinin kahraman \u015fehitlerinden Ahmet Meryud\u2019un torunu M\u00fchendis Faysal\u2026 dedesinin kahramanl\u0131klar\u0131yla duydu\u011fu gururu anlat\u0131yor SANA\u2019ya verdi\u011fi deme\u00e7te. \u00d6nce 1916\u2019da ba\u015flayan Osmanl\u0131 i\u015fgali sonra da 1926\u2019da ba\u015flayan Frans\u0131z i\u015fgaline kar\u015f\u0131 dedesi ve yolda\u015flar\u0131 taraf\u0131ndan yaz\u0131lan kahramanl\u0131k destanlar\u0131n\u0131 gururla anlatt\u0131.<\/p>\n<p>Dedesi ve yolda\u015flar\u0131n\u0131n \u00e7izdi\u011fi yoldan y\u00fcr\u00fcmeye devam edece\u011fini vurgulayan Faysal, Suriye&#8217;de vatan\u0131 sevmek, sahiplenmek ve savunman\u0131n her de\u011ferin \u00fcst\u00fcnde ve her \u015feyin \u00f6n\u00fcnde tutulan bir de\u011fer oldu\u011funu belirtti.<\/p>\n<p>F.B. &#8211; M.M.<\/p>\n","protected":false},"excerpt":{"rendered":"<p>\u015eAM \u2013 Suriye topraklar\u0131n\u0131 i\u015fgal eden son Frans\u0131z askerinin bu topraklardan ka\u00e7\u0131\u015f\u0131 ve Suriye&#8217;nin ba\u011f\u0131ms\u0131zl\u0131\u011f\u0131n\u0131 kazanmas\u0131n\u0131n 69. Y\u0131ld\u00f6n\u00fcm\u00fc kutlamalar\u0131 Suriye halk\u0131n\u0131n vatanseverlik, ulusal ba\u011f\u0131ms\u0131zl\u0131k ve egemenli\u011fe olan ba\u011fl\u0131l\u0131klar\u0131n\u0131 hayk\u0131rd\u0131klar\u0131 merasimlere d\u00f6n\u00fc\u015ft\u00fc. Zulme ve zalime boyun e\u011fmeyi hi\u00e7bir \u015fekilde kabul etmeyece\u011fini tarih boyunca kazand\u0131\u011f\u0131 zaferlerle tekrar tekrar kan\u0131tlayan Suriye halk\u0131 bug\u00fcn de ter\u00f6re, komploculara ve destek\u00e7ilerine &hellip;<\/p>\n","protected":false},"author":1,"featured_media":29875,"comment_status":"closed","ping_status":"closed","sticky":false,"template":"","format":"standard","meta":{"footnotes":""},"categories":[479,478],"tags":[13738],"class_list":["post-29874","post","type-post","status-publish","format-standard","has-post-thumbnail","","category-haberler-yerel","category-yerel","tag-69-yildonumu-kutlamalari-vatana-baglilik-ve-vefayi-yansitti"],"_links":{"self":[{"href":"https:\/\/archive.sana.sy\/tr\/index.php?rest_route=\/wp\/v2\/posts\/29874","targetHints":{"allow":["GET"]}}],"collection":[{"href":"https:\/\/archive.sana.sy\/tr\/index.php?rest_route=\/wp\/v2\/posts"}],"about":[{"href":"https:\/\/archive.sana.sy\/tr\/index.php?rest_route=\/wp\/v2\/types\/post"}],"author":[{"embeddable":true,"href":"https:\/\/archive.sana.sy\/tr\/index.php?rest_route=\/wp\/v2\/users\/1"}],"replies":[{"embeddable":true,"href":"https:\/\/archive.sana.sy\/tr\/index.php?rest_route=%2Fwp%2Fv2%2Fcomments&post=29874"}],"version-history":[{"count":0,"href":"https:\/\/archive.sana.sy\/tr\/index.php?rest_route=\/wp\/v2\/posts\/29874\/revisions"}],"wp:featuredmedia":[{"embeddable":true,"href":"https:\/\/archive.sana.sy\/tr\/index.php?rest_route=\/wp\/v2\/media\/29875"}],"wp:attachment":[{"href":"https:\/\/archive.sana.sy\/tr\/index.php?rest_route=%2Fwp%2Fv2%2Fmedia&parent=29874"}],"wp:term":[{"taxonomy":"category","embeddable":true,"href":"https:\/\/archive.sana.sy\/tr\/index.php?rest_route=%2Fwp%2Fv2%2Fcategories&post=29874"},{"taxonomy":"post_tag","embeddable":true,"href":"https:\/\/archive.sana.sy\/tr\/index.php?rest_route=%2Fwp%2Fv2%2Ftags&post=29874"}],"curies":[{"name":"wp","href":"https:\/\/api.w.org\/{rel}","templated":true}]}}