{"id":298758,"date":"2024-03-19T09:12:51","date_gmt":"2024-03-19T06:12:51","guid":{"rendered":"https:\/\/sana.sy\/tr\/?p=298758"},"modified":"2024-03-20T14:09:30","modified_gmt":"2024-03-20T11:09:30","slug":"cumhurbaskani-esad-hivar-merkezinin-gonullu-ekibiyle-yaptigi-gorusmede-toplumsal-dini-ve-ahlaki-konulardaki-yanlis-kanilarin-duzeltilmesinin-onemi","status":"publish","type":"post","link":"https:\/\/archive.sana.sy\/tr\/?p=298758","title":{"rendered":"Cumhurba\u015fkan\u0131 Esad, Hivar Merkezi&#8217;nin G\u00f6n\u00fcll\u00fc Ekibiyle Yapt\u0131\u011f\u0131 G\u00f6r\u00fc\u015fmede: Toplumsal, Dini Ve Ahlaki Konulardaki Yanl\u0131\u015f Kan\u0131lar\u0131n D\u00fczeltilmesinin \u00d6nemi"},"content":{"rendered":"<p style=\"text-align: justify;\"><strong>\u015eAM (SANA)<\/strong> &#8211; \u00a0Cumhurba\u015fkan\u0131 Be\u015f\u015far Esad, Hivar Sanal E\u011fitim Merkezi&#8217;nin dini, entelekt\u00fcel ve sosyal alanlarda diyalog kuran \u00e7e\u015fitli uzmanl\u0131k alanlar\u0131ndan bir grup gen\u00e7 akademisyenden olu\u015fan g\u00f6n\u00fcll\u00fc ekibiyle bir araya geldi.<\/p>\n<p style=\"text-align: justify;\">G\u00f6r\u00fc\u015fmede a\u015f\u0131r\u0131c\u0131l\u0131k, kimlik, kurumlar\u0131n toplumdaki rol\u00fc, neslin ve gen\u00e7li\u011fin korunmas\u0131 ve dini kurumun t\u00fcm bunlardaki rol\u00fc gibi pek \u00e7ok konu \u00fczerinde tart\u0131\u015fmalar ger\u00e7ekle\u015ftirildi.<\/p>\n<p style=\"text-align: justify;\">Cumhurba\u015fkan\u0131 Esad, herhangi bir ba\u015far\u0131l\u0131 eylem veya giri\u015fimin ba\u015flang\u0131\u00e7 \u200b\u200bnoktas\u0131n\u0131 olu\u015fturdu\u011fu i\u00e7in sosyal, dini ve ahlaki konulardaki yanl\u0131\u015f kan\u0131lar\u0131 d\u00fczeltmek i\u00e7in \u00e7al\u0131\u015fman\u0131n \u00f6nemini vurgularken, &#8221; Ba\u015far\u0131l\u0131 \u00e7al\u0131\u015fma birbiriyle ba\u011flant\u0131l\u0131 \u00fc\u00e7 d\u00fczeye dayan\u0131r: stratejiler, prosed\u00fcrler ve kavramlar. Tek ba\u015f\u0131na stratejiler teori olarak kal\u0131r ve prosed\u00fcrler tek ba\u015f\u0131na daha sonra kaosa d\u00f6n\u00fc\u015f\u00fcr, ancak kavramlar\u0131n tan\u0131mlanmas\u0131yla vizyon ba\u015far\u0131l\u0131 i\u015fler yaratmak i\u00e7in birle\u015ftirilir ve b\u00fct\u00fcnle\u015ftirilir&#8221; dedi.<\/p>\n<p style=\"text-align: justify;\">Cumhurba\u015fkan\u0131 Esad g\u00f6r\u00fc\u015fmede ayr\u0131ca, toplumu in\u015fa etmede diyalo\u011fun \u00f6neminin, sunulan konu t\u00fcrlerindeki s\u00fcreklilik ve geli\u015fmeden ve toplumdaki hedeflenen kesimlerin belirlenmesinden kaynakland\u0131\u011f\u0131n\u0131 kaydetti.<\/p>\n<p style=\"text-align: justify;\">Say\u0131n \u00a0Cumhurba\u015fkan\u0131 toplumlar\u0131m\u0131z\u0131n kar\u015f\u0131 kar\u015f\u0131ya oldu\u011fu kimlik krizi hakk\u0131nda ise, &#8221;Do\u011fru referansa sahibiz, ancak tarih boyunca s\u00f6m\u00fcrgeci projeler Arap b\u00f6lgesindeki kimlik krizini yaratan, kavram\u0131 \u00e7arp\u0131tan ve toplumlar\u0131m\u0131z\u0131 tek bir y\u00f6ne, yani a\u015f\u0131r\u0131c\u0131l\u0131\u011fa s\u00fcr\u00fckleyen \u015feylerdir. \u0130ster dinde ister etnik k\u00f6kende olsun, kimlik sadece din veya \u0131rktan ibaret de\u011fildir; birbirini tamamlayan bir\u00e7ok unsuru i\u00e7erir&#8221; diye konu\u015ftu.<\/p>\n<p style=\"text-align: justify;\">G\u00f6r\u00fc\u015fme s\u0131ras\u0131nda ekibin gen\u00e7leri, \u00f6zellikle toplumda \u0131l\u0131ml\u0131 d\u00fc\u015f\u00fcnceyi in\u015fa etmek, diyalog k\u00fclt\u00fcr\u00fcn\u00fc te\u015fvik etmek ve gen\u00e7lerin ikna, diyalog ve kavramlar\u0131 d\u00fczeltme stratejileri konusunda becerilerini geli\u015ftirmek i\u00e7in \u00e7al\u0131\u015fmak \u00fczere \u00e7e\u015fitli konulardaki vizyonlar\u0131n\u0131 sundular.<\/p>\n<p style=\"text-align: center;\"><strong><a href=\"https:\/\/t.me\/SuriyeArapHaberAjansI\">Telegram Kanal\u0131m\u0131z\u00a0<\/a>||<a href=\"https:\/\/twitter.com\/arap_ajans\">X Platformumuz\u00a0<\/a>||<a href=\"https:\/\/www.facebook.com\/SANAHaberAjansi\/\">Facebook Sayfam\u0131z<\/a><\/strong><\/p>\n<div id='gallery-1' class='gallery galleryid-298758 gallery-columns-1 gallery-size-full'><figure class='gallery-item'>\n\t\t\t<div class='gallery-icon landscape'>\n\t\t\t\t<a href='https:\/\/archive.sana.sy\/tr\/wp-content\/uploads\/2024\/03\/Untitled-4-13.jpg'><img loading=\"lazy\" decoding=\"async\" width=\"660\" height=\"370\" src=\"https:\/\/archive.sana.sy\/tr\/wp-content\/uploads\/2024\/03\/Untitled-4-13.jpg\" class=\"attachment-full size-full\" alt=\"\" srcset=\"https:\/\/archive.sana.sy\/tr\/wp-content\/uploads\/2024\/03\/Untitled-4-13.jpg 660w, https:\/\/archive.sana.sy\/tr\/wp-content\/uploads\/2024\/03\/Untitled-4-13-300x168.jpg 300w\" sizes=\"auto, (max-width: 660px) 100vw, 660px\" \/><\/a>\n\t\t\t<\/div><\/figure><figure class='gallery-item'>\n\t\t\t<div class='gallery-icon landscape'>\n\t\t\t\t<a href='https:\/\/archive.sana.sy\/tr\/wp-content\/uploads\/2024\/03\/Untitled-6-5.jpg'><img loading=\"lazy\" decoding=\"async\" width=\"660\" height=\"370\" src=\"https:\/\/archive.sana.sy\/tr\/wp-content\/uploads\/2024\/03\/Untitled-6-5.jpg\" class=\"attachment-full size-full\" alt=\"\" srcset=\"https:\/\/archive.sana.sy\/tr\/wp-content\/uploads\/2024\/03\/Untitled-6-5.jpg 660w, https:\/\/archive.sana.sy\/tr\/wp-content\/uploads\/2024\/03\/Untitled-6-5-300x168.jpg 300w\" sizes=\"auto, (max-width: 660px) 100vw, 660px\" \/><\/a>\n\t\t\t<\/div><\/figure><figure class='gallery-item'>\n\t\t\t<div class='gallery-icon landscape'>\n\t\t\t\t<a href='https:\/\/archive.sana.sy\/tr\/wp-content\/uploads\/2024\/03\/Untitled-7-4.jpg'><img loading=\"lazy\" decoding=\"async\" width=\"660\" height=\"370\" src=\"https:\/\/archive.sana.sy\/tr\/wp-content\/uploads\/2024\/03\/Untitled-7-4.jpg\" class=\"attachment-full size-full\" alt=\"\" srcset=\"https:\/\/archive.sana.sy\/tr\/wp-content\/uploads\/2024\/03\/Untitled-7-4.jpg 660w, https:\/\/archive.sana.sy\/tr\/wp-content\/uploads\/2024\/03\/Untitled-7-4-300x168.jpg 300w\" sizes=\"auto, (max-width: 660px) 100vw, 660px\" \/><\/a>\n\t\t\t<\/div><\/figure><figure class='gallery-item'>\n\t\t\t<div class='gallery-icon landscape'>\n\t\t\t\t<a href='https:\/\/archive.sana.sy\/tr\/wp-content\/uploads\/2024\/03\/Untitled-8-3.jpg'><img loading=\"lazy\" decoding=\"async\" width=\"660\" height=\"370\" src=\"https:\/\/archive.sana.sy\/tr\/wp-content\/uploads\/2024\/03\/Untitled-8-3.jpg\" class=\"attachment-full size-full\" alt=\"\" srcset=\"https:\/\/archive.sana.sy\/tr\/wp-content\/uploads\/2024\/03\/Untitled-8-3.jpg 660w, https:\/\/archive.sana.sy\/tr\/wp-content\/uploads\/2024\/03\/Untitled-8-3-300x168.jpg 300w\" sizes=\"auto, (max-width: 660px) 100vw, 660px\" \/><\/a>\n\t\t\t<\/div><\/figure><figure class='gallery-item'>\n\t\t\t<div class='gallery-icon landscape'>\n\t\t\t\t<a href='https:\/\/archive.sana.sy\/tr\/wp-content\/uploads\/2024\/03\/Untitled-9-3.jpg'><img loading=\"lazy\" decoding=\"async\" width=\"660\" height=\"370\" src=\"https:\/\/archive.sana.sy\/tr\/wp-content\/uploads\/2024\/03\/Untitled-9-3.jpg\" class=\"attachment-full size-full\" alt=\"\" srcset=\"https:\/\/archive.sana.sy\/tr\/wp-content\/uploads\/2024\/03\/Untitled-9-3.jpg 660w, https:\/\/archive.sana.sy\/tr\/wp-content\/uploads\/2024\/03\/Untitled-9-3-300x168.jpg 300w\" sizes=\"auto, (max-width: 660px) 100vw, 660px\" \/><\/a>\n\t\t\t<\/div><\/figure>\n\t\t<\/div>\n\n","protected":false},"excerpt":{"rendered":"<p>\u015eAM (SANA) &#8211; \u00a0Cumhurba\u015fkan\u0131 Be\u015f\u015far Esad, Hivar Sanal E\u011fitim Merkezi&#8217;nin dini, entelekt\u00fcel ve sosyal alanlarda diyalog kuran \u00e7e\u015fitli uzmanl\u0131k alanlar\u0131ndan bir grup gen\u00e7 akademisyenden olu\u015fan g\u00f6n\u00fcll\u00fc ekibiyle bir araya geldi. G\u00f6r\u00fc\u015fmede a\u015f\u0131r\u0131c\u0131l\u0131k, kimlik, kurumlar\u0131n toplumdaki rol\u00fc, neslin ve gen\u00e7li\u011fin korunmas\u0131 ve dini kurumun t\u00fcm bunlardaki rol\u00fc gibi pek \u00e7ok konu \u00fczerinde tart\u0131\u015fmalar ger\u00e7ekle\u015ftirildi. Cumhurba\u015fkan\u0131 Esad, &hellip;<\/p>\n","protected":false},"author":41,"featured_media":298759,"comment_status":"closed","ping_status":"closed","sticky":false,"template":"","format":"standard","meta":{"footnotes":""},"categories":[606,605],"tags":[],"class_list":["post-298758","post","type-post","status-publish","format-standard","has-post-thumbnail","","category-cumhurbaskani","category-sayin-cumhurbaskani"],"_links":{"self":[{"href":"https:\/\/archive.sana.sy\/tr\/index.php?rest_route=\/wp\/v2\/posts\/298758","targetHints":{"allow":["GET"]}}],"collection":[{"href":"https:\/\/archive.sana.sy\/tr\/index.php?rest_route=\/wp\/v2\/posts"}],"about":[{"href":"https:\/\/archive.sana.sy\/tr\/index.php?rest_route=\/wp\/v2\/types\/post"}],"author":[{"embeddable":true,"href":"https:\/\/archive.sana.sy\/tr\/index.php?rest_route=\/wp\/v2\/users\/41"}],"replies":[{"embeddable":true,"href":"https:\/\/archive.sana.sy\/tr\/index.php?rest_route=%2Fwp%2Fv2%2Fcomments&post=298758"}],"version-history":[{"count":3,"href":"https:\/\/archive.sana.sy\/tr\/index.php?rest_route=\/wp\/v2\/posts\/298758\/revisions"}],"predecessor-version":[{"id":298767,"href":"https:\/\/archive.sana.sy\/tr\/index.php?rest_route=\/wp\/v2\/posts\/298758\/revisions\/298767"}],"wp:featuredmedia":[{"embeddable":true,"href":"https:\/\/archive.sana.sy\/tr\/index.php?rest_route=\/wp\/v2\/media\/298759"}],"wp:attachment":[{"href":"https:\/\/archive.sana.sy\/tr\/index.php?rest_route=%2Fwp%2Fv2%2Fmedia&parent=298758"}],"wp:term":[{"taxonomy":"category","embeddable":true,"href":"https:\/\/archive.sana.sy\/tr\/index.php?rest_route=%2Fwp%2Fv2%2Fcategories&post=298758"},{"taxonomy":"post_tag","embeddable":true,"href":"https:\/\/archive.sana.sy\/tr\/index.php?rest_route=%2Fwp%2Fv2%2Ftags&post=298758"}],"curies":[{"name":"wp","href":"https:\/\/api.w.org\/{rel}","templated":true}]}}