{"id":298768,"date":"2024-03-19T09:16:44","date_gmt":"2024-03-19T06:16:44","guid":{"rendered":"https:\/\/sana.sy\/tr\/?p=298768"},"modified":"2024-03-20T14:06:12","modified_gmt":"2024-03-20T11:06:12","slug":"hava-savunma-guclerimiz-sam-kirsalindaki-noktalari-hedef-alan-israil-saldirganligina-karsi-koydu","status":"publish","type":"post","link":"https:\/\/archive.sana.sy\/tr\/?p=298768","title":{"rendered":"Hava Savunma G\u00fc\u00e7lerimiz, \u015eam K\u0131rsal\u0131ndaki Noktalar\u0131 Hedef Alan \u0130srail Sald\u0131rganl\u0131\u011f\u0131na Kar\u015f\u0131 Koydu"},"content":{"rendered":"<p style=\"text-align: justify;\"><strong>\u015eAM (SANA) <\/strong>&#8211; Bug\u00fcn \u015fafak vakti hava savunma g\u00fc\u00e7lerimiz, \u0130srail&#8217;in \u015eam k\u0131rsal\u0131ndaki askeri noktalar\u0131 hedef alan sald\u0131rganl\u0131\u011f\u0131na kar\u015f\u0131l\u0131k verdi ve sald\u0131rganl\u0131\u011f\u0131n\u0131n baz\u0131 f\u00fczelerini d\u00fc\u015f\u00fcrd\u00fc.<\/p>\n<p style=\"text-align: justify;\">Askeri kaynak, SANA&#8217;ya yapt\u0131\u011f\u0131 a\u00e7\u0131klamada, bug\u00fcn saat 10.2 s\u0131ralar\u0131nda d\u00fc\u015fman \u0130srail&#8217;in, i\u015fgal alt\u0131ndaki Suriye Golan y\u00f6n\u00fcnden \u015eam k\u0131rsal\u0131ndaki bir dizi askeri noktay\u0131 hedef alan bir hava sald\u0131rganl\u0131\u011f\u0131 ba\u015flatt\u0131\u011f\u0131n\u0131 belirtti.<\/p>\n<p style=\"text-align: justify;\">Kaynak ayr\u0131ca,\u00a0 &#8220;Hava savunma g\u00fc\u00e7lerimiz sald\u0131rganl\u0131\u011f\u0131n f\u00fczelerine kar\u015f\u0131l\u0131k verdi ve baz\u0131lar\u0131n\u0131 d\u00fc\u015f\u00fcrd\u00fc&#8221; ifadeleri kullan\u0131rken, kay\u0131plar\u0131n maddi kay\u0131plarla s\u0131n\u0131rl\u0131 oldu\u011funu kaydetti.<\/p>\n<article id=\"the-post\" class=\"post-listing post-298739 post type-post status-publish format-standard has-post-thumbnail category-dunya1 category-haber-seridi category-haberler-arap-uluslararasi-politika category-son-haberler tag-28-oyla-kazandi tag-putin tag-sayim-islemlerinin-sona-ermesinin-ardindan-rusya-baskanlik-secimlerini-yuzde-87\">\n<div class=\"post-inner\">\n<div class=\"entry\">\n<p style=\"text-align: center;\"><strong><a href=\"https:\/\/t.me\/SuriyeArapHaberAjansI\">Telegram Kanal\u0131m\u0131z\u00a0<\/a>||<a href=\"https:\/\/twitter.com\/arap_ajans\">X Platformumuz\u00a0<\/a>||<a href=\"https:\/\/www.facebook.com\/SANAHaberAjansi\/\">Facebook Sayfam\u0131z<\/a><\/strong><\/p>\n<\/div>\n<div class=\"clear\"><\/div>\n<\/div>\n<\/article>\n<div class=\"post-navigation\">\n<div class=\"post-previous\"><\/div>\n<\/div>\n","protected":false},"excerpt":{"rendered":"<p>\u015eAM (SANA) &#8211; Bug\u00fcn \u015fafak vakti hava savunma g\u00fc\u00e7lerimiz, \u0130srail&#8217;in \u015eam k\u0131rsal\u0131ndaki askeri noktalar\u0131 hedef alan sald\u0131rganl\u0131\u011f\u0131na kar\u015f\u0131l\u0131k verdi ve sald\u0131rganl\u0131\u011f\u0131n\u0131n baz\u0131 f\u00fczelerini d\u00fc\u015f\u00fcrd\u00fc. Askeri kaynak, SANA&#8217;ya yapt\u0131\u011f\u0131 a\u00e7\u0131klamada, bug\u00fcn saat 10.2 s\u0131ralar\u0131nda d\u00fc\u015fman \u0130srail&#8217;in, i\u015fgal alt\u0131ndaki Suriye Golan y\u00f6n\u00fcnden \u015eam k\u0131rsal\u0131ndaki bir dizi askeri noktay\u0131 hedef alan bir hava sald\u0131rganl\u0131\u011f\u0131 ba\u015flatt\u0131\u011f\u0131n\u0131 belirtti. Kaynak ayr\u0131ca,\u00a0 &hellip;<\/p>\n","protected":false},"author":39,"featured_media":298769,"comment_status":"closed","ping_status":"closed","sticky":false,"template":"","format":"standard","meta":{"footnotes":""},"categories":[479,575,17988,478],"tags":[],"class_list":["post-298768","post","type-post","status-publish","format-standard","has-post-thumbnail","","category-haberler-yerel","category-olaylar-ve-gercekler","category-son-haberler","category-yerel"],"_links":{"self":[{"href":"https:\/\/archive.sana.sy\/tr\/index.php?rest_route=\/wp\/v2\/posts\/298768","targetHints":{"allow":["GET"]}}],"collection":[{"href":"https:\/\/archive.sana.sy\/tr\/index.php?rest_route=\/wp\/v2\/posts"}],"about":[{"href":"https:\/\/archive.sana.sy\/tr\/index.php?rest_route=\/wp\/v2\/types\/post"}],"author":[{"embeddable":true,"href":"https:\/\/archive.sana.sy\/tr\/index.php?rest_route=\/wp\/v2\/users\/39"}],"replies":[{"embeddable":true,"href":"https:\/\/archive.sana.sy\/tr\/index.php?rest_route=%2Fwp%2Fv2%2Fcomments&post=298768"}],"version-history":[{"count":1,"href":"https:\/\/archive.sana.sy\/tr\/index.php?rest_route=\/wp\/v2\/posts\/298768\/revisions"}],"predecessor-version":[{"id":298770,"href":"https:\/\/archive.sana.sy\/tr\/index.php?rest_route=\/wp\/v2\/posts\/298768\/revisions\/298770"}],"wp:featuredmedia":[{"embeddable":true,"href":"https:\/\/archive.sana.sy\/tr\/index.php?rest_route=\/wp\/v2\/media\/298769"}],"wp:attachment":[{"href":"https:\/\/archive.sana.sy\/tr\/index.php?rest_route=%2Fwp%2Fv2%2Fmedia&parent=298768"}],"wp:term":[{"taxonomy":"category","embeddable":true,"href":"https:\/\/archive.sana.sy\/tr\/index.php?rest_route=%2Fwp%2Fv2%2Fcategories&post=298768"},{"taxonomy":"post_tag","embeddable":true,"href":"https:\/\/archive.sana.sy\/tr\/index.php?rest_route=%2Fwp%2Fv2%2Ftags&post=298768"}],"curies":[{"name":"wp","href":"https:\/\/api.w.org\/{rel}","templated":true}]}}