{"id":29877,"date":"2015-04-16T20:53:43","date_gmt":"2015-04-16T17:53:43","guid":{"rendered":"http:\/\/www.sana.sy\/tr\/?p=29877"},"modified":"2015-04-16T20:53:43","modified_gmt":"2015-04-16T17:53:43","slug":"unicef-ile-2015-isbirligi-plani-imzalandi","status":"publish","type":"post","link":"https:\/\/archive.sana.sy\/tr\/?p=29877","title":{"rendered":"UNICEF \u0130le 2015 \u0130\u015fbirli\u011fi Plan\u0131 \u0130mzaland\u0131"},"content":{"rendered":"<p>\u015eAM \u2013 Sa\u011fl\u0131k Bakanl\u0131\u011f\u0131 BM\u2019ye Ba\u011fl\u0131 UNICEF \u00d6rg\u00fct\u00fc ile ba\u015fta yokluk \u00e7eken b\u00f6lgeler olmak \u00fczere b\u00fct\u00fcn b\u00f6lgelerde \u00f6zellikle \u00e7ocuklar\u0131n sa\u011fl\u0131kl\u0131 beslenmesi ve kaliteli sa\u011fl\u0131k hizmetlerine ula\u015fabilmelerini ama\u00e7layan 38 milyon dolar b\u00fct\u00e7eli 2015 i\u015fbirli\u011fi plan\u0131n\u0131 imzalad\u0131.<\/p>\n<p>Sa\u011fl\u0131k Bakan\u0131 Nizar Yaz\u0131c\u0131 plan\u0131n imzaland\u0131\u011f\u0131 toplant\u0131n\u0131n ard\u0131ndan gazetecilere yapt\u0131\u011f\u0131 a\u00e7\u0131klamada, bakanl\u0131\u011f\u0131n uluslararas\u0131 \u00f6rg\u00fctlerle i\u015fbirli\u011fini peki\u015ftirmeye \u00f6nem verdi\u011fini ifade ederek ayr\u0131ca vatanda\u015flara bedava ve kaliteli sa\u011fl\u0131k hizmetleri sunmak i\u00e7in harcanan \u00e7abaya dikkat \u00e7ekti.<\/p>\n<p>\u00d6te yandan UNICEF\u2019in \u015eam\u2019da \u0130kame Eden Temsilcisi Hena Sencar, UNICEF\u2019in, Suriye&#8217;de Sa\u011fl\u0131k Bakanl\u0131\u011f\u0131n\u0131n \u00fcretti\u011fi sa\u011fl\u0131k politikalar\u0131n\u0131 desteklemeye \u00f6nem verdi\u011fini dile getirerek \u00f6zellikle de yokluk \u00e7ekilen b\u00f6lgelerde g\u0131da ve sa\u011fl\u0131k hizmetlerinin iyile\u015ftirilmesi ve bu s\u00fcrece toplumsal kat\u0131l\u0131m\u0131n geni\u015fletilmesi ile ilgili \u00e7al\u0131\u015fmalar\u0131n desteklendi\u011fini belirtti.<\/p>\n<p>&nbsp;<\/p>\n","protected":false},"excerpt":{"rendered":"<p>\u015eAM \u2013 Sa\u011fl\u0131k Bakanl\u0131\u011f\u0131 BM\u2019ye Ba\u011fl\u0131 UNICEF \u00d6rg\u00fct\u00fc ile ba\u015fta yokluk \u00e7eken b\u00f6lgeler olmak \u00fczere b\u00fct\u00fcn b\u00f6lgelerde \u00f6zellikle \u00e7ocuklar\u0131n sa\u011fl\u0131kl\u0131 beslenmesi ve kaliteli sa\u011fl\u0131k hizmetlerine ula\u015fabilmelerini ama\u00e7layan 38 milyon dolar b\u00fct\u00e7eli 2015 i\u015fbirli\u011fi plan\u0131n\u0131 imzalad\u0131. Sa\u011fl\u0131k Bakan\u0131 Nizar Yaz\u0131c\u0131 plan\u0131n imzaland\u0131\u011f\u0131 toplant\u0131n\u0131n ard\u0131ndan gazetecilere yapt\u0131\u011f\u0131 a\u00e7\u0131klamada, bakanl\u0131\u011f\u0131n uluslararas\u0131 \u00f6rg\u00fctlerle i\u015fbirli\u011fini peki\u015ftirmeye \u00f6nem verdi\u011fini ifade ederek &hellip;<\/p>\n","protected":false},"author":1,"featured_media":29878,"comment_status":"closed","ping_status":"closed","sticky":false,"template":"","format":"standard","meta":{"footnotes":""},"categories":[479,478],"tags":[13740,13739],"class_list":["post-29877","post","type-post","status-publish","format-standard","has-post-thumbnail","","category-haberler-yerel","category-yerel","tag-sam-saglik-bakanligi-bmye-bagli-unicef-orgutu-ile-basta-yokluk-ceken-bolgeler-olmak-uzere-butun-bolgelerde-ozellikle-cocuklarin-saglikli-beslenmesi-ve-kaliteli-saglik-hizmetlerine-u","tag-unicef-ile-2015-isbirligi-plani-imzalandi"],"_links":{"self":[{"href":"https:\/\/archive.sana.sy\/tr\/index.php?rest_route=\/wp\/v2\/posts\/29877","targetHints":{"allow":["GET"]}}],"collection":[{"href":"https:\/\/archive.sana.sy\/tr\/index.php?rest_route=\/wp\/v2\/posts"}],"about":[{"href":"https:\/\/archive.sana.sy\/tr\/index.php?rest_route=\/wp\/v2\/types\/post"}],"author":[{"embeddable":true,"href":"https:\/\/archive.sana.sy\/tr\/index.php?rest_route=\/wp\/v2\/users\/1"}],"replies":[{"embeddable":true,"href":"https:\/\/archive.sana.sy\/tr\/index.php?rest_route=%2Fwp%2Fv2%2Fcomments&post=29877"}],"version-history":[{"count":0,"href":"https:\/\/archive.sana.sy\/tr\/index.php?rest_route=\/wp\/v2\/posts\/29877\/revisions"}],"wp:featuredmedia":[{"embeddable":true,"href":"https:\/\/archive.sana.sy\/tr\/index.php?rest_route=\/wp\/v2\/media\/29878"}],"wp:attachment":[{"href":"https:\/\/archive.sana.sy\/tr\/index.php?rest_route=%2Fwp%2Fv2%2Fmedia&parent=29877"}],"wp:term":[{"taxonomy":"category","embeddable":true,"href":"https:\/\/archive.sana.sy\/tr\/index.php?rest_route=%2Fwp%2Fv2%2Fcategories&post=29877"},{"taxonomy":"post_tag","embeddable":true,"href":"https:\/\/archive.sana.sy\/tr\/index.php?rest_route=%2Fwp%2Fv2%2Ftags&post=29877"}],"curies":[{"name":"wp","href":"https:\/\/api.w.org\/{rel}","templated":true}]}}