{"id":298771,"date":"2024-03-19T09:00:07","date_gmt":"2024-03-19T06:00:07","guid":{"rendered":"https:\/\/sana.sy\/tr\/?p=298771"},"modified":"2024-03-20T14:06:01","modified_gmt":"2024-03-20T11:06:01","slug":"buyukelci-ali-ahmed-suriyeyle-ilgilenen-sozde-sorusturma-komitesi-terorist-gruplari-nitelendirmek-ve-yasadisi-yapilari-tesvik-etmek-icin-bir-arac-haline-geldi","status":"publish","type":"post","link":"https:\/\/archive.sana.sy\/tr\/?p=298771","title":{"rendered":"B\u00fcy\u00fckel\u00e7i Ali Ahmed: Suriye&#8217;yle \u0130lgilenen S\u00f6zde Soru\u015fturma Komitesi, Ter\u00f6rist Gruplar\u0131 Nitelendirmek Ve Yasad\u0131\u015f\u0131 Yap\u0131lar\u0131 Te\u015fvik Etmek \u0130\u00e7in Bir Ara\u00e7 Haline Geldi"},"content":{"rendered":"<p style=\"text-align: justify;\"><strong>CENEVRE <\/strong><strong>(SANA)<\/strong> &#8211; Suriye&#8217;nin Birle\u015fmi\u015f Milletler Ofisi ve Cenevre&#8217;de faaliyet g\u00f6steren di\u011fer uluslararas\u0131 kurulu\u015flardaki daimi temsilcisi B\u00fcy\u00fckel\u00e7i Haydar Ali Ahmed, Suriye&#8217;yle ilgili s\u00f6zde soru\u015fturma komitesinin ter\u00f6re sponsor olan, yalan uyduran ve ger\u00e7ekle hi\u00e7bir ilgisi olmayan raporlar sunan devletlerin arac\u0131 olma rol\u00fcn\u00fc s\u00fcrd\u00fcrd\u00fc\u011f\u00fcn\u00fc belirterek, ter\u00f6rist gruplar\u0131 nitelendirmek ve yasad\u0131\u015f\u0131 yap\u0131lar\u0131 te\u015fvik etmek i\u00e7in bir ara\u00e7 haline geldi\u011fini, bunun da bu gruplara do\u011frudan destek ve Suriye&#8217;nin toprak b\u00fct\u00fcnl\u00fc\u011f\u00fcn\u00fcn tehdit edilmesine do\u011frudan m\u00fcdahale anlam\u0131na geldi\u011fini vurgulad\u0131.<\/p>\n<p style=\"text-align: justify;\">Ali Ahmed, bug\u00fcn \u0130nsan Haklar\u0131 Konseyi&#8217;nin elli be\u015finci oturumunda yapt\u0131\u011f\u0131 a\u00e7\u0131klamada, &#8221; Suriye Arap Cumhuriyeti&#8217;yle ilgili s\u00f6zde soru\u015fturma komitesi, kendisine verilen siyasi i\u015flevi her zamanki gibi yerine getirmeye devam ediyor ve raporlar\u0131, kurulu\u015funun amac\u0131n\u0131 do\u011fruluyor. Y\u0131llard\u0131r raporlar\u0131n\u0131 damgalayan zay\u0131f ve \u00e7eli\u015fkili metodoloji ortaya \u00e7\u0131k\u0131yor. On y\u0131ldan fazla bir s\u00fcredir, sponsor \u00fclkeler taraf\u0131ndan Suriye Arap Cumhuriyeti&#8217;ndeki duruma ili\u015fkin tek tarafl\u0131 ve yan\u0131lt\u0131c\u0131 s\u00f6ylemlerini desteklemek i\u00e7in kullan\u0131l\u0131yor. Bu da onu insan haklar\u0131n\u0131n korunmas\u0131 ve geli\u015ftirilmesinde olumlu bir rol oynamaya uygun hale getirmiyor&#8221; dedi.<\/p>\n<p style=\"text-align: justify;\">B\u00fcy\u00fckel\u00e7i Ali Ahmed, komitenin, bu komiteye sponsor olan \u00fclkeler taraf\u0131ndan Suriye&#8217;yi hedef almak ve yalanlar uydurmak amac\u0131yla her zamanki gibi ger\u00e7ekle hi\u00e7bir ilgisi olmayan raporlar sunma uygulamas\u0131n\u0131 y\u00fcr\u00fctt\u00fc\u011f\u00fcne dikkat \u00e7ekti.<\/p>\n<p style=\"text-align: justify;\">Ali Ahmed konu\u015fmas\u0131nda da, &#8221;\u0130nsan haklar\u0131 mekanizmalar\u0131n\u0131n beklenen rol\u00fc bu mu? Bu manday\u0131 destekleyen \u00fclkelerin Suriye&#8217;ye kar\u015f\u0131 i\u015fledi\u011fi su\u00e7lar tek bir k\u0131namay\u0131 bile hak etmiyor mu?&#8221; diyerek, &#8221;Bu devletler, Suriye halk\u0131na yard\u0131m yollar\u0131 d\u0131\u015f\u0131nda her konuyu tart\u0131\u015fmaya haz\u0131rd\u0131r ve onun tek katk\u0131s\u0131 bu yollarla ilgili objektif ve yap\u0131c\u0131 diyalog f\u0131rsatlar\u0131n\u0131 baltalamakt\u0131r&#8221; diye konu\u015ftu.<\/p>\n<p style=\"text-align: justify;\">Ali Ahmed, Suriye&#8217;nin t\u00fcm topraklar\u0131n\u0131 ter\u00f6rizmden kurtarma ve buralara g\u00fcvenlik, istikrar ve hukukun \u00fcst\u00fcnl\u00fc\u011f\u00fcn\u00fc yeniden tesis etme \u00e7abalar\u0131n\u0131 s\u00fcrd\u00fcrme kararl\u0131l\u0131\u011f\u0131n\u0131 ve Birle\u015fmi\u015f Milletler ile yap\u0131c\u0131 i\u015fbirli\u011fini s\u00fcrd\u00fcrme konusundaki kararl\u0131l\u0131\u011f\u0131n\u0131 de yineledi.<\/p>\n<p style=\"text-align: justify;\">B\u00fcy\u00fckel\u00e7imiz, Suriye&#8217;nin t\u00fcm Suriyeli m\u00fcltecilerin g\u00f6n\u00fcll\u00fc olarak \u00fclkelerine d\u00f6nmeleri i\u00e7in \u00e7al\u0131\u015fmalar\u0131n\u0131 s\u00fcrd\u00fcrd\u00fc\u011f\u00fcn\u00fc belirterek, bu \u00e7abalar\u0131n desteklenmesi, objektif ve tarafs\u0131z bir \u015fekilde izlenmesi ve BM&#8217;nin dayatt\u0131\u011f\u0131 tek tarafl\u0131 zorlay\u0131c\u0131 tedbirlerin derhal ve ko\u015fulsuz olarak sona erdirilmesi \u00e7a\u011fr\u0131s\u0131nda bulundu.<\/p>\n<p style=\"text-align: justify;\">B\u00fcy\u00fckel\u00e7i Ali Ahmed s\u00f6zlerini \u015f\u00f6yle tamamlad\u0131: Suriye Arap Cumhuriyeti bu konular\u0131 bir sorumluluk ve g\u00f6rev olarak g\u00f6rmektedir ve uluslararas\u0131 sistemi hukukun \u00fcst\u00fcnl\u00fc\u011f\u00fc ilkesinden geriye kalanlardan ar\u0131nd\u0131rmay\u0131 ama\u00e7layan politikalar\u0131n s\u00fcrd\u00fcr\u00fclmesiyle ilgili zorluklar\u0131n b\u00fcy\u00fckl\u00fc\u011f\u00fc nedeniyle bunu yapmaya devam etmekten caymayacakt\u0131r.&#8221;<\/p>\n<p style=\"text-align: center;\"><strong><a href=\"https:\/\/t.me\/SuriyeArapHaberAjansI\">Telegram Kanal\u0131m\u0131z\u00a0<\/a>||<a href=\"https:\/\/twitter.com\/arap_ajans\">X Platformumuz\u00a0<\/a>||<a href=\"https:\/\/www.facebook.com\/SANAHaberAjansi\/\">Facebook Sayfam\u0131z<\/a><\/strong><\/p>\n","protected":false},"excerpt":{"rendered":"<p>CENEVRE (SANA) &#8211; Suriye&#8217;nin Birle\u015fmi\u015f Milletler Ofisi ve Cenevre&#8217;de faaliyet g\u00f6steren di\u011fer uluslararas\u0131 kurulu\u015flardaki daimi temsilcisi B\u00fcy\u00fckel\u00e7i Haydar Ali Ahmed, Suriye&#8217;yle ilgili s\u00f6zde soru\u015fturma komitesinin ter\u00f6re sponsor olan, yalan uyduran ve ger\u00e7ekle hi\u00e7bir ilgisi olmayan raporlar sunan devletlerin arac\u0131 olma rol\u00fcn\u00fc s\u00fcrd\u00fcrd\u00fc\u011f\u00fcn\u00fc belirterek, ter\u00f6rist gruplar\u0131 nitelendirmek ve yasad\u0131\u015f\u0131 yap\u0131lar\u0131 te\u015fvik etmek i\u00e7in bir ara\u00e7 haline &hellip;<\/p>\n","protected":false},"author":39,"featured_media":298772,"comment_status":"closed","ping_status":"closed","sticky":false,"template":"","format":"standard","meta":{"footnotes":""},"categories":[458,459,17988],"tags":[],"class_list":["post-298771","post","type-post","status-publish","format-standard","has-post-thumbnail","","category-dunya1","category-haberler-arap-uluslararasi-politika","category-son-haberler"],"_links":{"self":[{"href":"https:\/\/archive.sana.sy\/tr\/index.php?rest_route=\/wp\/v2\/posts\/298771","targetHints":{"allow":["GET"]}}],"collection":[{"href":"https:\/\/archive.sana.sy\/tr\/index.php?rest_route=\/wp\/v2\/posts"}],"about":[{"href":"https:\/\/archive.sana.sy\/tr\/index.php?rest_route=\/wp\/v2\/types\/post"}],"author":[{"embeddable":true,"href":"https:\/\/archive.sana.sy\/tr\/index.php?rest_route=\/wp\/v2\/users\/39"}],"replies":[{"embeddable":true,"href":"https:\/\/archive.sana.sy\/tr\/index.php?rest_route=%2Fwp%2Fv2%2Fcomments&post=298771"}],"version-history":[{"count":1,"href":"https:\/\/archive.sana.sy\/tr\/index.php?rest_route=\/wp\/v2\/posts\/298771\/revisions"}],"predecessor-version":[{"id":298773,"href":"https:\/\/archive.sana.sy\/tr\/index.php?rest_route=\/wp\/v2\/posts\/298771\/revisions\/298773"}],"wp:featuredmedia":[{"embeddable":true,"href":"https:\/\/archive.sana.sy\/tr\/index.php?rest_route=\/wp\/v2\/media\/298772"}],"wp:attachment":[{"href":"https:\/\/archive.sana.sy\/tr\/index.php?rest_route=%2Fwp%2Fv2%2Fmedia&parent=298771"}],"wp:term":[{"taxonomy":"category","embeddable":true,"href":"https:\/\/archive.sana.sy\/tr\/index.php?rest_route=%2Fwp%2Fv2%2Fcategories&post=298771"},{"taxonomy":"post_tag","embeddable":true,"href":"https:\/\/archive.sana.sy\/tr\/index.php?rest_route=%2Fwp%2Fv2%2Ftags&post=298771"}],"curies":[{"name":"wp","href":"https:\/\/api.w.org\/{rel}","templated":true}]}}