{"id":298774,"date":"2024-03-19T10:51:48","date_gmt":"2024-03-19T07:51:48","guid":{"rendered":"https:\/\/sana.sy\/tr\/?p=298774"},"modified":"2024-03-20T14:06:20","modified_gmt":"2024-03-20T11:06:20","slug":"aksa-tufani-operasyonu-bugunun-en-one-cikan-gelismeleri-79","status":"publish","type":"post","link":"https:\/\/archive.sana.sy\/tr\/?p=298774","title":{"rendered":"Aksa Tufan\u0131 Operasyonu\u2026 Bug\u00fcn\u00fcn En \u00d6ne \u00c7\u0131kan Geli\u015fmeleri"},"content":{"rendered":"<p><strong>\u0130\u015eGAL ED\u0130LEN KUD\u00dcS (SANA) \u2013<\/strong>\u00a0Filistin direni\u015finin i\u015fgalci \u0130srail\u2019in sald\u0131rganl\u0131\u011f\u0131na yan\u0131t olarak 7 Ekim\u2019de ba\u015flatt\u0131\u011f\u0131 Aksa Tufan\u0131 Operasyonu\u2019nda \u00f6ne \u00e7\u0131kan geli\u015fmeler:<\/p>\n<ul>\n<li>Filistin D\u0131\u015fi\u015fleri Bakanl\u0131\u011f\u0131: \u0130\u015fgal, Refah&#8217;\u0131 yerle bir ediyor ve burada yerlerinden edilmi\u015f bir milyondan fazla insan\u0131n korunmas\u0131na y\u00f6nelik uluslararas\u0131 \u00e7a\u011fr\u0131lar\u0131 g\u00f6z ard\u0131 ediyor.<\/li>\n<li>Gazze&#8217;de \u015fiddetli r\u00fczgar ve ya\u011fmur nedeniyle y\u00fczlerce yerinden edilmi\u015f ki\u015finin \u00e7ad\u0131r\u0131 bo\u011fuldu<\/li>\n<li>\u0130\u015fgalcin Gazze \u015eeridi&#8217;ne y\u00f6nelik sald\u0131r\u0131lar\u0131na ba\u015flamas\u0131ndan bu yana 31.819 \u015fehit ve 73.934 yaral\u0131.<\/li>\n<li>Filistin medyas\u0131: \u0130srail&#8217;in Gazze \u015fehrinin merkezinde bir evi bombalamas\u0131 sonucu 15 \u015fehit.<\/li>\n<li>Filistin Sa\u011fl\u0131k Bakanl\u0131\u011f\u0131: Gazze \u015eeridi&#8217;nde 165&#8217;inci g\u00fcn\u00fcnde devam eden i\u015fgal sald\u0131r\u0131s\u0131n\u0131n kurbanlar\u0131n\u0131n say\u0131s\u0131 31 bin 819 \u015fehit ve 73 bin 934 yaral\u0131ya y\u00fckseldi.<\/li>\n<li>Filistin Sa\u011fl\u0131k Bakanl\u0131\u011f\u0131: \u0130srail i\u015fgali son 24 saatte Gazze \u015eeridi&#8217;nde 9 katliam ger\u00e7ekle\u015ftirdi, geriye 93 \u015fehit, 142 yaral\u0131 kald\u0131.<\/li>\n<li>Refah&#8217;ta i\u015fgalcilerin bombard\u0131man\u0131 sonucu 14 \u015fehit ve \u00e7ok say\u0131da yaral\u0131 var.<\/li>\n<li>BM kurulu\u015flar\u0131 Gazze&#8217;deki k\u0131tl\u0131k ve g\u0131da felaketi konusunda uyar\u0131yor.<\/li>\n<\/ul>\n<p style=\"text-align: center;\"><strong><a href=\"https:\/\/t.me\/SuriyeArapHaberAjansI\">Telegram Kanal\u0131m\u0131z\u00a0<\/a>||<a href=\"https:\/\/twitter.com\/arap_ajans\">X Platformumuz\u00a0<\/a>||<a href=\"https:\/\/www.facebook.com\/SANAHaberAjansi\/\">Facebook Sayfam\u0131z<\/a><\/strong><\/p>\n<p>&nbsp;<\/p>\n","protected":false},"excerpt":{"rendered":"<p>\u0130\u015eGAL ED\u0130LEN KUD\u00dcS (SANA) \u2013\u00a0Filistin direni\u015finin i\u015fgalci \u0130srail\u2019in sald\u0131rganl\u0131\u011f\u0131na yan\u0131t olarak 7 Ekim\u2019de ba\u015flatt\u0131\u011f\u0131 Aksa Tufan\u0131 Operasyonu\u2019nda \u00f6ne \u00e7\u0131kan geli\u015fmeler: Filistin D\u0131\u015fi\u015fleri Bakanl\u0131\u011f\u0131: \u0130\u015fgal, Refah&#8217;\u0131 yerle bir ediyor ve burada yerlerinden edilmi\u015f bir milyondan fazla insan\u0131n korunmas\u0131na y\u00f6nelik uluslararas\u0131 \u00e7a\u011fr\u0131lar\u0131 g\u00f6z ard\u0131 ediyor. Gazze&#8217;de \u015fiddetli r\u00fczgar ve ya\u011fmur nedeniyle y\u00fczlerce yerinden edilmi\u015f ki\u015finin \u00e7ad\u0131r\u0131 bo\u011fuldu &hellip;<\/p>\n","protected":false},"author":39,"featured_media":298775,"comment_status":"closed","ping_status":"closed","sticky":false,"template":"","format":"standard","meta":{"footnotes":""},"categories":[458,459,17988],"tags":[],"class_list":["post-298774","post","type-post","status-publish","format-standard","has-post-thumbnail","","category-dunya1","category-haberler-arap-uluslararasi-politika","category-son-haberler"],"_links":{"self":[{"href":"https:\/\/archive.sana.sy\/tr\/index.php?rest_route=\/wp\/v2\/posts\/298774","targetHints":{"allow":["GET"]}}],"collection":[{"href":"https:\/\/archive.sana.sy\/tr\/index.php?rest_route=\/wp\/v2\/posts"}],"about":[{"href":"https:\/\/archive.sana.sy\/tr\/index.php?rest_route=\/wp\/v2\/types\/post"}],"author":[{"embeddable":true,"href":"https:\/\/archive.sana.sy\/tr\/index.php?rest_route=\/wp\/v2\/users\/39"}],"replies":[{"embeddable":true,"href":"https:\/\/archive.sana.sy\/tr\/index.php?rest_route=%2Fwp%2Fv2%2Fcomments&post=298774"}],"version-history":[{"count":3,"href":"https:\/\/archive.sana.sy\/tr\/index.php?rest_route=\/wp\/v2\/posts\/298774\/revisions"}],"predecessor-version":[{"id":298783,"href":"https:\/\/archive.sana.sy\/tr\/index.php?rest_route=\/wp\/v2\/posts\/298774\/revisions\/298783"}],"wp:featuredmedia":[{"embeddable":true,"href":"https:\/\/archive.sana.sy\/tr\/index.php?rest_route=\/wp\/v2\/media\/298775"}],"wp:attachment":[{"href":"https:\/\/archive.sana.sy\/tr\/index.php?rest_route=%2Fwp%2Fv2%2Fmedia&parent=298774"}],"wp:term":[{"taxonomy":"category","embeddable":true,"href":"https:\/\/archive.sana.sy\/tr\/index.php?rest_route=%2Fwp%2Fv2%2Fcategories&post=298774"},{"taxonomy":"post_tag","embeddable":true,"href":"https:\/\/archive.sana.sy\/tr\/index.php?rest_route=%2Fwp%2Fv2%2Ftags&post=298774"}],"curies":[{"name":"wp","href":"https:\/\/api.w.org\/{rel}","templated":true}]}}