{"id":298777,"date":"2024-03-19T08:36:56","date_gmt":"2024-03-19T05:36:56","guid":{"rendered":"https:\/\/sana.sy\/tr\/?p=298777"},"modified":"2024-03-25T13:29:14","modified_gmt":"2024-03-25T10:29:14","slug":"sam-ve-kirsalin-sanayi-odasi-ile-moritanya-heyeti-arasinda-yatirim-ve-ticaret-alisverisi-alanlarinda-gorusmeleri","status":"publish","type":"post","link":"https:\/\/archive.sana.sy\/tr\/?p=298777","title":{"rendered":"\u015eam Ve K\u0131rsal&#8217;\u0131n Sanayi Odas\u0131 \u0130le Moritanya Heyeti Aras\u0131nda Yat\u0131r\u0131m Ve Ticaret Al\u0131\u015fveri\u015fi Alanlar\u0131nda G\u00f6r\u00fc\u015fmeleri"},"content":{"rendered":"<p style=\"text-align: justify;\"><strong>\u015eAM (SANA) \u2013<\/strong> \u015eam ve K\u0131rsal&#8217;\u0131n Sanayi Odas\u0131 Y\u00f6netim Kurulu Ba\u015fkan\u0131 \u011eazvan El Mesry, Moritanya&#8217;n\u0131n \u015eam B\u00fcy\u00fckel\u00e7ili\u011fi temsilcisi Mohamed \u015eeyh Samb Bey ba\u015fkanl\u0131\u011f\u0131ndaki Moritanya ekonomik heyetiyle yat\u0131r\u0131m f\u0131rsatlar\u0131n\u0131, \u00e7e\u015fitli alanlardaki i\u015fbirliklerini ve iki \u00fclke aras\u0131ndaki ticari al\u0131\u015fveri\u015fi g\u00f6r\u00fc\u015ft\u00fc.<\/p>\n<p style=\"text-align: justify;\">Toplant\u0131da, her iki \u00fclkede d\u00fczenlenen sergilere kat\u0131l\u0131m i\u00e7in davet al\u0131\u015fveri\u015fi ve ekonomi ve yat\u0131r\u0131m sekt\u00f6rlerinde i\u015fbirli\u011fini harekete ge\u00e7irmek i\u00e7in ortak bir vizyona ula\u015fmak amac\u0131yla ekonomik faaliyetler aras\u0131nda kar\u015f\u0131l\u0131kl\u0131 ziyaretleri te\u015fvik etme ihtiyac\u0131 tart\u0131\u015f\u0131ld\u0131.<\/p>\n<p style=\"text-align: justify;\">El Mesry, tar\u0131msal projelerden ve tar\u0131msal \u00fcretimden faydalanma imk\u00e2n\u0131n\u0131n yan\u0131 s\u0131ra ba\u015fta ila\u00e7 sekt\u00f6r\u00fc olmak \u00fczere t\u00fcm sekt\u00f6rlerinde end\u00fcstriyel alanlarda i\u015fbirli\u011fi ve koordinasyonun gereklili\u011fine dikkat \u00e7ekti.<\/p>\n<p style=\"text-align: justify;\">Buna kar\u015f\u0131l\u0131k Sambay, \u00fclkesinin iki \u00fclke aras\u0131ndaki i\u015fbirli\u011fini geli\u015ftirme ve daha \u00f6nce imzalanan anla\u015fmalar \u00fczerinde \u00e7al\u0131\u015fmaya devam etme arzusunun yan\u0131 s\u0131ra, her iki taraf\u0131n da yarar\u0131na olacak \u00e7e\u015fitli alanlarda deneyim al\u0131\u015fveri\u015fi ihtiyac\u0131n\u0131n bulundu\u011funu ifade ederek, toplant\u0131n\u0131n Suriye&#8217;deki sanayi ger\u00e7e\u011fi imaj\u0131n\u0131n Moritanyal\u0131 i\u015f adamlar\u0131na aktar\u0131lmas\u0131 a\u00e7\u0131s\u0131ndan \u00f6nemini vurgulad\u0131.<\/p>\n<p style=\"text-align: center;\"><strong><a href=\"https:\/\/t.me\/SuriyeArapHaberAjansI\">Telegram Kanal\u0131m\u0131z\u00a0<\/a>||<a href=\"https:\/\/twitter.com\/arap_ajans\">X Platformumuz\u00a0<\/a>||<a href=\"https:\/\/www.facebook.com\/SANAHaberAjansi\/\">Facebook Sayfam\u0131z<\/a><\/strong><\/p>\n","protected":false},"excerpt":{"rendered":"<p>\u015eAM (SANA) \u2013 \u015eam ve K\u0131rsal&#8217;\u0131n Sanayi Odas\u0131 Y\u00f6netim Kurulu Ba\u015fkan\u0131 \u011eazvan El Mesry, Moritanya&#8217;n\u0131n \u015eam B\u00fcy\u00fckel\u00e7ili\u011fi temsilcisi Mohamed \u015eeyh Samb Bey ba\u015fkanl\u0131\u011f\u0131ndaki Moritanya ekonomik heyetiyle yat\u0131r\u0131m f\u0131rsatlar\u0131n\u0131, \u00e7e\u015fitli alanlardaki i\u015fbirliklerini ve iki \u00fclke aras\u0131ndaki ticari al\u0131\u015fveri\u015fi g\u00f6r\u00fc\u015ft\u00fc. Toplant\u0131da, her iki \u00fclkede d\u00fczenlenen sergilere kat\u0131l\u0131m i\u00e7in davet al\u0131\u015fveri\u015fi ve ekonomi ve yat\u0131r\u0131m sekt\u00f6rlerinde i\u015fbirli\u011fini harekete &hellip;<\/p>\n","protected":false},"author":39,"featured_media":298778,"comment_status":"closed","ping_status":"closed","sticky":false,"template":"","format":"standard","meta":{"footnotes":""},"categories":[485,486,479,17988,478],"tags":[],"class_list":["post-298777","post","type-post","status-publish","format-standard","has-post-thumbnail","","category-is-ve-sermaye","category-haberler-is-ve-sermaye","category-haberler-yerel","category-son-haberler","category-yerel"],"_links":{"self":[{"href":"https:\/\/archive.sana.sy\/tr\/index.php?rest_route=\/wp\/v2\/posts\/298777","targetHints":{"allow":["GET"]}}],"collection":[{"href":"https:\/\/archive.sana.sy\/tr\/index.php?rest_route=\/wp\/v2\/posts"}],"about":[{"href":"https:\/\/archive.sana.sy\/tr\/index.php?rest_route=\/wp\/v2\/types\/post"}],"author":[{"embeddable":true,"href":"https:\/\/archive.sana.sy\/tr\/index.php?rest_route=\/wp\/v2\/users\/39"}],"replies":[{"embeddable":true,"href":"https:\/\/archive.sana.sy\/tr\/index.php?rest_route=%2Fwp%2Fv2%2Fcomments&post=298777"}],"version-history":[{"count":1,"href":"https:\/\/archive.sana.sy\/tr\/index.php?rest_route=\/wp\/v2\/posts\/298777\/revisions"}],"predecessor-version":[{"id":298779,"href":"https:\/\/archive.sana.sy\/tr\/index.php?rest_route=\/wp\/v2\/posts\/298777\/revisions\/298779"}],"wp:featuredmedia":[{"embeddable":true,"href":"https:\/\/archive.sana.sy\/tr\/index.php?rest_route=\/wp\/v2\/media\/298778"}],"wp:attachment":[{"href":"https:\/\/archive.sana.sy\/tr\/index.php?rest_route=%2Fwp%2Fv2%2Fmedia&parent=298777"}],"wp:term":[{"taxonomy":"category","embeddable":true,"href":"https:\/\/archive.sana.sy\/tr\/index.php?rest_route=%2Fwp%2Fv2%2Fcategories&post=298777"},{"taxonomy":"post_tag","embeddable":true,"href":"https:\/\/archive.sana.sy\/tr\/index.php?rest_route=%2Fwp%2Fv2%2Ftags&post=298777"}],"curies":[{"name":"wp","href":"https:\/\/api.w.org\/{rel}","templated":true}]}}