{"id":29880,"date":"2015-04-16T21:04:08","date_gmt":"2015-04-16T18:04:08","guid":{"rendered":"http:\/\/www.sana.sy\/tr\/?p=29880"},"modified":"2015-04-16T21:04:08","modified_gmt":"2015-04-16T18:04:08","slug":"idlib-valisi-nahliye-beldesine-inceleme-ziyareti-duzenledi","status":"publish","type":"post","link":"https:\/\/archive.sana.sy\/tr\/?p=29880","title":{"rendered":"\u0130dlib Valisi Nahliye Beldesine \u0130nceleme Ziyareti D\u00fczenledi"},"content":{"rendered":"<p>\u0130DL\u0130B \u2013 \u0130dlib Valisi Hayrettin el Seyid, kahraman birliklerimizin d\u00fcn silahl\u0131 ter\u00f6r gruplar\u0131n\u0131 bertaraf ederek kontrolleri alt\u0131na ald\u0131klar\u0131n\u0131 ilan ettikleri Nahliye Beldesine bug\u00fcn bir ziyaret d\u00fczenledi.<\/p>\n<p>Ziyareti s\u0131ras\u0131nda, silahl\u0131 ter\u00f6r gruplar\u0131n\u0131n sald\u0131r\u0131lar\u0131ndan kalan y\u0131k\u0131m ve izleri inceleyen Seyid, vatanda\u015flar\u0131n evlerine, okul binalar\u0131na, su-elektrik ve telefon \u015febekelerinin ter\u00f6r sald\u0131r\u0131lar\u0131 sonucu b\u00fcy\u00fck hasar g\u00f6rd\u00fc\u011f\u00fcn\u00fc ifade etti.<\/p>\n<p>Kahraman ordu birliklerimizin beldeyi ter\u00f6ristlerin zulm\u00fcnden kurtarmak i\u00e7in g\u00f6sterdikleri fedakarl\u0131k ve \u00e7abay\u0131 \u00f6vg\u00fcl\u00fc c\u00fcmlelerle ifade eden Vali Seyid, yeniden onar\u0131m \u00e7al\u0131\u015fmalar\u0131n\u0131n ba\u015flamas\u0131 i\u00e7in gerekli hasar tespit ve ihtiya\u00e7lar\u0131n belirlenmesi i\u00e7in valilikte bir\u00e7ok sekt\u00f6rden \u00fcyelerin olu\u015fturdu\u011fu bir heyet kuruldu\u011funu beyan etti.<\/p>\n<p>F.B. &#8211; M.M.<\/p>\n","protected":false},"excerpt":{"rendered":"<p>\u0130DL\u0130B \u2013 \u0130dlib Valisi Hayrettin el Seyid, kahraman birliklerimizin d\u00fcn silahl\u0131 ter\u00f6r gruplar\u0131n\u0131 bertaraf ederek kontrolleri alt\u0131na ald\u0131klar\u0131n\u0131 ilan ettikleri Nahliye Beldesine bug\u00fcn bir ziyaret d\u00fczenledi. Ziyareti s\u0131ras\u0131nda, silahl\u0131 ter\u00f6r gruplar\u0131n\u0131n sald\u0131r\u0131lar\u0131ndan kalan y\u0131k\u0131m ve izleri inceleyen Seyid, vatanda\u015flar\u0131n evlerine, okul binalar\u0131na, su-elektrik ve telefon \u015febekelerinin ter\u00f6r sald\u0131r\u0131lar\u0131 sonucu b\u00fcy\u00fck hasar g\u00f6rd\u00fc\u011f\u00fcn\u00fc ifade etti. Kahraman &hellip;<\/p>\n","protected":false},"author":1,"featured_media":29881,"comment_status":"closed","ping_status":"closed","sticky":false,"template":"","format":"standard","meta":{"footnotes":""},"categories":[479,478],"tags":[13741],"class_list":["post-29880","post","type-post","status-publish","format-standard","has-post-thumbnail","","category-haberler-yerel","category-yerel","tag-idlib-valisi-nahliye-beldesine-inceleme-ziyareti-duzenledi"],"_links":{"self":[{"href":"https:\/\/archive.sana.sy\/tr\/index.php?rest_route=\/wp\/v2\/posts\/29880","targetHints":{"allow":["GET"]}}],"collection":[{"href":"https:\/\/archive.sana.sy\/tr\/index.php?rest_route=\/wp\/v2\/posts"}],"about":[{"href":"https:\/\/archive.sana.sy\/tr\/index.php?rest_route=\/wp\/v2\/types\/post"}],"author":[{"embeddable":true,"href":"https:\/\/archive.sana.sy\/tr\/index.php?rest_route=\/wp\/v2\/users\/1"}],"replies":[{"embeddable":true,"href":"https:\/\/archive.sana.sy\/tr\/index.php?rest_route=%2Fwp%2Fv2%2Fcomments&post=29880"}],"version-history":[{"count":0,"href":"https:\/\/archive.sana.sy\/tr\/index.php?rest_route=\/wp\/v2\/posts\/29880\/revisions"}],"wp:featuredmedia":[{"embeddable":true,"href":"https:\/\/archive.sana.sy\/tr\/index.php?rest_route=\/wp\/v2\/media\/29881"}],"wp:attachment":[{"href":"https:\/\/archive.sana.sy\/tr\/index.php?rest_route=%2Fwp%2Fv2%2Fmedia&parent=29880"}],"wp:term":[{"taxonomy":"category","embeddable":true,"href":"https:\/\/archive.sana.sy\/tr\/index.php?rest_route=%2Fwp%2Fv2%2Fcategories&post=29880"},{"taxonomy":"post_tag","embeddable":true,"href":"https:\/\/archive.sana.sy\/tr\/index.php?rest_route=%2Fwp%2Fv2%2Ftags&post=29880"}],"curies":[{"name":"wp","href":"https:\/\/api.w.org\/{rel}","templated":true}]}}